{"id":271493,"date":"2025-07-24T22:50:12","date_gmt":"2025-07-24T22:50:12","guid":{"rendered":"https:\/\/www.europesays.com\/fr\/271493\/"},"modified":"2025-07-24T22:50:12","modified_gmt":"2025-07-24T22:50:12","slug":"willian-pacho-decore-par-lassemblee-nationale-dequateur","status":"publish","type":"post","link":"https:\/\/www.europesays.com\/fr\/271493\/","title":{"rendered":"Willian Pacho d\u00e9cor\u00e9 par l&rsquo;Assembl\u00e9e nationale d&rsquo;Equateur"},"content":{"rendered":"<p><img width=\"700\" height=\"350\" src=\"https:\/\/www.europesays.com\/fr\/wp-content\/uploads\/2025\/07\/Willian-Pacho.jpg\" class=\"attachment-jannah-image-post size-jannah-image-post wp-post-image\" alt=\"Willian pacho\" is_main_img=\"1\" decoding=\"async\" fetchpriority=\"high\"  \/><\/p>\n<p>V\u00e9ritable r\u00e9v\u00e9lation de la saison, le d\u00e9fenseur du PSG,<br \/>\nWillian Pacho, a profit\u00e9 de ses vacances pour \u00eatre d\u00e9cor\u00e9 par son<br \/>\npays, l\u2019Equateur.<\/p>\n<p><strong>Willian Pacho<\/strong> est rentr\u00e9 dans l\u2019histoire de<br \/>\n<strong>l\u2019Equateur<\/strong>. En remportant la <strong>Ligue des<br \/>\nchampions<\/strong> avec le PSG le 31 mai dernier apr\u00e8s une victoire<br \/>\n\u00e9clatante face \u00e0 <strong><a href=\"https:\/\/canal-supporters.com\/ldc-lautaro-martinez-a-du-mal-a-comprendre-la-defaite-face-au-psg-en-finale\/\" title=\"\" target=\"_blank\" rel=\"noopener\">l\u2019Inter Milan<\/a><\/strong> (5-0), le d\u00e9fenseur parisien<br \/>\nest devenu le premier \u00c9quatorien de l\u2019histoire \u00e0 soulever la Coupe<br \/>\naux grandes oreilles. Actuellement en vacances avant la reprise au<br \/>\n<strong>Campus PSG<\/strong> le 4 ao\u00fbt prochain, le joueur de 23 ans<br \/>\n\u00e9tait pr\u00e9sent en <strong>\u00c9quateur<\/strong> cette semaine pour \u00eatre<br \/>\nhonor\u00e9 par les dirigeants de son pays.<\/p>\n<p>En effet, <strong><a href=\"https:\/\/canal-supporters.com\/willian-pacho-je-suis-tres-heureux-ici\/\" title=\"\" target=\"_blank\" rel=\"noopener\">Willian Pacho<\/a><\/strong> a \u00e9t\u00e9 d\u00e9cor\u00e9 par l\u2019Assembl\u00e9e<br \/>\nNationale \u00e9quatorienne avec le <strong>Prix Vicente Rocafuerte du<br \/>\nM\u00e9rite Sportif<\/strong>, soit la plus haute r\u00e9compense pour un<br \/>\nathl\u00e8te professionnel. Un honneur pour le principal concern\u00e9, comme<br \/>\nil l\u2019a expliqu\u00e9 dans un discours : \u00ab\u00a0Je suis tr\u00e8s heureux<br \/>\nde cette reconnaissance. Je suis heureux d\u2019\u00eatre \u00e9quatorien ; voir<br \/>\ncomment les gens m\u2019appr\u00e9cient cela me donne beaucoup de bonheur et<br \/>\nde joie. \u00c0 toutes les personnes qui me soutiennent, dans de bonnes<br \/>\nvibrations, je vous remercie vraiment. Cela m\u2019aide \u00e0 continuer \u00e0<br \/>\nm\u2019inspirer, \u00e0 continuer \u00e0 grandir en tant que personne, en tant que<br \/>\njoueur. Je veux toujours laisser le pays en haut, parce que je sais<br \/>\nque nous grandissons.\u00a0\u00bb<\/p>\n<blockquote class=\"twitter-tweet\">\n<p lang=\"es\" dir=\"ltr\">Es un honor para la <a href=\"https:\/\/twitter.com\/AsambleaEcuador?ref_src=twsrc%5Etfw\" target=\"_blank\" rel=\"noopener\">@AsambleaEcuador<\/a><br \/>\ncondecorar a uno de los mejores defensas del planeta. Gracias por<br \/>\nser un muro en la cancha y un ejemplo fuera de ella Pacho.<\/p>\n<p>\u00a1Hoy defiendes y representas los sue\u00f1os de todo el Ecuador! \ud83c\uddea\ud83c\udde8<br \/>\n<a href=\"https:\/\/t.co\/eF2uRBEmG2\">pic.twitter.com\/eF2uRBEmG2<\/a><\/p>\n<p>\u2014 Niels Olsen (@NielsOlsenP) <a href=\"https:\/\/twitter.com\/NielsOlsenP\/status\/1948080033496469775?ref_src=twsrc%5Etfw\" target=\"_blank\" rel=\"noopener\"><br \/>\nJuly 23, 2025<\/a><\/p><\/blockquote>\n<p>Youtube :<br \/>\n<strong><a href=\"https:\/\/canal-supporters.com\/mercato-psg-lac-milan-sinteresse-aussi-a-randal-kolo-muani\/\" target=\"_blank\" rel=\"noopener\" title=\"\">Canal Supporters<br \/>\nParis<\/a><\/strong><\/p>\n<p><script async src=\"https:\/\/platform.twitter.com\/widgets.js\" charset=\"utf-8\"><\/script><\/p>\n","protected":false},"excerpt":{"rendered":"V\u00e9ritable r\u00e9v\u00e9lation de la saison, le d\u00e9fenseur du PSG, Willian Pacho, a profit\u00e9 de ses vacances pour \u00eatre&hellip;\n","protected":false},"author":2,"featured_media":271494,"comment_status":"","ping_status":"","sticky":false,"template":"","format":"standard","meta":{"footnotes":""},"categories":[1410],"tags":[81,787,24970,63,1011,27,24971,91,92,93,60,96,13197],"class_list":{"0":"post-271493","1":"post","2":"type-post","3":"status-publish","4":"format-standard","5":"has-post-thumbnail","7":"category-football","8":"tag-canal-supporters","9":"tag-cs","10":"tag-defenseur-psg","11":"tag-football","12":"tag-fr","13":"tag-france","14":"tag-pacho-psg","15":"tag-paris-saint-germain","16":"tag-paris-sg","17":"tag-psg","18":"tag-sports","19":"tag-une","20":"tag-willian-pacho"},"share_on_mastodon":{"url":"https:\/\/pubeurope.com\/@fr\/114910660296637152","error":""},"_links":{"self":[{"href":"https:\/\/www.europesays.com\/fr\/wp-json\/wp\/v2\/posts\/271493","targetHints":{"allow":["GET"]}}],"collection":[{"href":"https:\/\/www.europesays.com\/fr\/wp-json\/wp\/v2\/posts"}],"about":[{"href":"https:\/\/www.europesays.com\/fr\/wp-json\/wp\/v2\/types\/post"}],"author":[{"embeddable":true,"href":"https:\/\/www.europesays.com\/fr\/wp-json\/wp\/v2\/users\/2"}],"replies":[{"embeddable":true,"href":"https:\/\/www.europesays.com\/fr\/wp-json\/wp\/v2\/comments?post=271493"}],"version-history":[{"count":0,"href":"https:\/\/www.europesays.com\/fr\/wp-json\/wp\/v2\/posts\/271493\/revisions"}],"wp:featuredmedia":[{"embeddable":true,"href":"https:\/\/www.europesays.com\/fr\/wp-json\/wp\/v2\/media\/271494"}],"wp:attachment":[{"href":"https:\/\/www.europesays.com\/fr\/wp-json\/wp\/v2\/media?parent=271493"}],"wp:term":[{"taxonomy":"category","embeddable":true,"href":"https:\/\/www.europesays.com\/fr\/wp-json\/wp\/v2\/categories?post=271493"},{"taxonomy":"post_tag","embeddable":true,"href":"https:\/\/www.europesays.com\/fr\/wp-json\/wp\/v2\/tags?post=271493"}],"curies":[{"name":"wp","href":"https:\/\/api.w.org\/{rel}","templated":true}]}}