{"id":271497,"date":"2025-07-24T22:52:29","date_gmt":"2025-07-24T22:52:29","guid":{"rendered":"https:\/\/www.europesays.com\/fr\/271497\/"},"modified":"2025-07-24T22:52:29","modified_gmt":"2025-07-24T22:52:29","slug":"du-nouveau-sur-la-statue-de-jacques-coeur-a-bourges","status":"publish","type":"post","link":"https:\/\/www.europesays.com\/fr\/271497\/","title":{"rendered":"Du nouveau sur la statue de Jacques C\u0153ur \u00e0 Bourges"},"content":{"rendered":"<dl class=\"spip_document_75540 spip_documents spip_documents_left\" style=\"float:left;\" itemprop=\"image\" itemscope=\"\" itemtype=\"http:\/\/schema.org\/ImageObject\">\n<dt>\n\t\t<a href=\"https:\/\/www.latribunedelart.com\/IMG\/jpg\/jacques_coeur-3.jpg?75540\/0446111f1bf978f07e3598421d270fda1821d468d824dfc06f79559afb09db72\" title=\"\" type=\"image\/jpeg\" rel=\"nofollow noopener\" target=\"_blank\"><br \/>\n\t\t\t<img loading=\"lazy\" decoding=\"async\" src=\"https:\/\/www.europesays.com\/fr\/wp-content\/uploads\/2025\/07\/jacques_coeur-3-a3160.jpg\" width=\"500\" height=\"361\" alt=\"\" itemprop=\"contentUrl\"\/><br \/>\n\t\t<\/a>\n\t<\/dt>\n<dd class=\"crayon document-descriptif-75540 spip_doc_descriptif\" style=\"width:350px;\" itemprop=\"description\">Statue de Jacques C\u0153ur avant et<br class=\"autobr\"\/><br \/>\napr\u00e8s le \u00ab\u00a0nettoyage\u00a0\u00bb\u00a0; photos comparatives publi\u00e9es sur son compte Facebook<br class=\"autobr\"\/><br \/>\npar le maire de Bourges\n<\/dd>\n<dd class=\"spip_doc_lien-galerie\">\n\t\t<a href=\"https:\/\/www.latribunedelart.com\/spip.php?page=docbig&amp;id_document=75540&amp;id_article=12762\" rel=\"nofollow noopener\" target=\"_blank\">Voir l\u00b4image dans sa page<\/a>\n\t<\/dd>\n<\/dl>\n<p>19\/7\/25 <strong>&#8211; Patrimoine &#8211; Bourges &#8211;<\/strong> Un lecteur de La Tribune de l\u2019Art nous a inform\u00e9 d\u2019un fait int\u00e9ressant\u00a0: la statue de Jacques C\u0153ur, nettoy\u00e9e \u00e0 l\u2019eau sous pression par la mairie de Bourges (voir l\u2019<a href=\"https:\/\/www.latribunedelart.com\/bourges-decape-jacques-coeur\" class=\"spip_in\" rel=\"nofollow noopener\" target=\"_blank\">article<\/a>), qui a donc \u00e9t\u00e9 \u00ab\u00a0restaur\u00e9e\u00a0\u00bb en d\u00e9pit de toutes les r\u00e8gles et du code du patrimoine, n\u2019est m\u00eame pas la propri\u00e9t\u00e9 de cette ville. Il s\u2019agit d\u2019un d\u00e9p\u00f4t du Centre National des Arts Plastiques (CNAP), faisant partie de la collection du Fonds R\u00e9gional d\u2019Art Contemporain (FNAC), g\u00e9r\u00e9 par ce Centre.<\/p>\n<p>\u00c0 l\u2019interdiction l\u00e9gale de restaurer sans autorisation une \u0153uvre d\u2019art inscrite monument historique se rajoute donc dans la besace d\u00e9j\u00e0 bien charg\u00e9e de la mairie de Bourges, l\u2019impossibilit\u00e9 tout aussi l\u00e9gale de restaurer une sculpture qui ne lui appartient pas, dont elle n\u2019est que le d\u00e9positaire, sans en informer son propri\u00e9taire. Il va sans dire que le CNAP, \u00e9tablissement public \u00e0 caract\u00e8re administratif, dont la mission est notamment de g\u00e9rer des \u0153uvres d\u2019art qu\u2019il conserve sur place, ou qu\u2019il met en d\u00e9p\u00f4t dans des mus\u00e9es ou des \u00e9glises notamment, conna\u00eet, un peu mieux que la mairie de Bourges manifestement, la mani\u00e8re dont une statue doit \u00eatre restaur\u00e9e.<\/p>\n<p>Le CNAP, que nous avons interrog\u00e9, a confirm\u00e9 qu\u2019il est propri\u00e9taire de l\u2019\u0153uvre. Il nous a pr\u00e9cis\u00e9 que la sculpture \u00ab\u00a0est le r\u00e9sultat d\u2019une commande pass\u00e9e \u00e0 Auguste Pr\u00e9ault en 1873 pour la Ville de Bourges. L\u2019\u0153uvre (PFH-7306) a \u00e9t\u00e9 inaugur\u00e9e en 1879 et est inscrite au titre des Monuments Historiques\u00a0\u00bb et nous a confi\u00e9 \u00ab\u00a0n\u2019av[oir] jamais \u00e9t\u00e9 inform\u00e9 en amont de ce \u00ab\u00a0nettoyage\u00a0\u00bb\u00a0\u00bb. <br class=\"autobr\"\/><br \/>\nIl ajoute avoir \u00ab\u00a0pris contact avec la Ville de Bourges et demand[\u00e9], dans un premier temps, l\u2019intervention d\u2019un restaurateur pour \u00e9valuer les d\u00e9g\u00e2ts, et, en fonction du diagnostic, imposer la restauration voire le d\u00e9placement de l\u2019\u0153uvre vers un espace prot\u00e9g\u00e9, si n\u00e9cessaire\u00a0\u00bb.<\/p>\n<p>Nous attendons d\u2019en savoir davantage, et esp\u00e9rons que le monument n\u2019aura pas trop souffert lors de ce \u00ab\u00a0nettoyage\u00a0\u00bb. Remarquons que la Ville de Bourges semble avoir d\u00e9cid\u00e9ment les \u00e9lus qu\u2019elle m\u00e9rite. En effet, sur Facebook, un certain Alain Bouquin est venu expliquer sans rire que \u00ab\u00a0la pression utilis\u00e9e pour le nettoyage [\u00e9tait] la m\u00eame qu\u2019\u00e0 la sortie d\u2019un robinet de cuisine\u00a0\u00bb. Ce monsieur fait preuve dans son profil d\u2019une pudeur de gazelle, puisqu\u2019on y lit seulement qu\u2019il habite Bourges. Une recherche internet rapide montre pourtant qu\u2019il y est \u00ab\u00a0maire-adjoint d\u00e9l\u00e9gu\u00e9 \u00e0 la Citoyennet\u00e9\u00a0\u00bb, une mission qui en fait sans aucun doute un sp\u00e9cialiste de la restauration des sculptures\u2026<\/p>\n","protected":false},"excerpt":{"rendered":"Statue de Jacques C\u0153ur avant et apr\u00e8s le \u00ab\u00a0nettoyage\u00a0\u00bb\u00a0; photos comparatives publi\u00e9es sur son compte Facebook par le&hellip;\n","protected":false},"author":2,"featured_media":271498,"comment_status":"","ping_status":"","sticky":false,"template":"","format":"standard","meta":{"footnotes":""},"categories":[1358],"tags":[1348,1384,1385,1386,58,59,1011,27],"class_list":{"0":"post-271497","1":"post","2":"type-post","3":"status-publish","4":"format-standard","5":"has-post-thumbnail","7":"category-arts-et-design","8":"tag-arts","9":"tag-arts-and-design","10":"tag-arts-et-design","11":"tag-design","12":"tag-divertissement","13":"tag-entertainment","14":"tag-fr","15":"tag-france"},"share_on_mastodon":{"url":"https:\/\/pubeurope.com\/@fr\/114910668030150303","error":""},"_links":{"self":[{"href":"https:\/\/www.europesays.com\/fr\/wp-json\/wp\/v2\/posts\/271497","targetHints":{"allow":["GET"]}}],"collection":[{"href":"https:\/\/www.europesays.com\/fr\/wp-json\/wp\/v2\/posts"}],"about":[{"href":"https:\/\/www.europesays.com\/fr\/wp-json\/wp\/v2\/types\/post"}],"author":[{"embeddable":true,"href":"https:\/\/www.europesays.com\/fr\/wp-json\/wp\/v2\/users\/2"}],"replies":[{"embeddable":true,"href":"https:\/\/www.europesays.com\/fr\/wp-json\/wp\/v2\/comments?post=271497"}],"version-history":[{"count":0,"href":"https:\/\/www.europesays.com\/fr\/wp-json\/wp\/v2\/posts\/271497\/revisions"}],"wp:featuredmedia":[{"embeddable":true,"href":"https:\/\/www.europesays.com\/fr\/wp-json\/wp\/v2\/media\/271498"}],"wp:attachment":[{"href":"https:\/\/www.europesays.com\/fr\/wp-json\/wp\/v2\/media?parent=271497"}],"wp:term":[{"taxonomy":"category","embeddable":true,"href":"https:\/\/www.europesays.com\/fr\/wp-json\/wp\/v2\/categories?post=271497"},{"taxonomy":"post_tag","embeddable":true,"href":"https:\/\/www.europesays.com\/fr\/wp-json\/wp\/v2\/tags?post=271497"}],"curies":[{"name":"wp","href":"https:\/\/api.w.org\/{rel}","templated":true}]}}