{"id":271499,"date":"2025-07-24T22:53:15","date_gmt":"2025-07-24T22:53:15","guid":{"rendered":"https:\/\/www.europesays.com\/fr\/271499\/"},"modified":"2025-07-24T22:53:15","modified_gmt":"2025-07-24T22:53:15","slug":"livre-reporter-ans-frontieres-publie-100-photos-de-vivian-maier","status":"publish","type":"post","link":"https:\/\/www.europesays.com\/fr\/271499\/","title":{"rendered":"Livre: Reporter ans fronti\u00e8res publie 100 photos de Vivian Maier"},"content":{"rendered":"<p>Opinion<\/p>\n<p>Livre \u2013 <\/p>\n<p>Reporter ans fronti\u00e8res publie 100 photos de Vivian Maier<\/p>\n<p class=\"ContentHead_lead____SsS link_regular__O0hk0 link_externalicon-big__ZdPgo link_externalicon__qcwXs\">L\u2019album est vendu pour la libert\u00e9 de presse. C\u2019est l\u2019occasion de retrouver un mythe du 8e art c\u00e9l\u00e9br\u00e9 en ce moment \u00e0 Padoue.<\/p>\n<p><img loading=\"lazy\" decoding=\"async\" src=\"https:\/\/www.europesays.com\/fr\/wp-content\/uploads\/2025\/05\/1747515490_877_0vm_Wn-r4ds9DQ79vQYMO8.jpg\"  width=\"100\" height=\"100\"  alt=\"Etienne Dumont\" class=\"AuthorImage_root__WCxj_ ContentMetaInfo_authorimage__Mp4LD AuthorImage_-content-head__3qDob\" style=\"background-color:#808080\"\/> Publi\u00e9: 24.07.2025, 20h41<img decoding=\"async\" loading=\"eager\" fetchpriority=\"high\" src=\"https:\/\/www.europesays.com\/fr\/wp-content\/uploads\/2025\/07\/2aJxp0JUq4J9BJkgwy3uNY.jpg\" alt=\"Affiche promotionnelle de l\u2019album photo de Vivian Maier, titr\u00e9 \u2019100 photos pour la libert\u00e9 de la presse\u2019, montrant une femme avec un appareil photo.\" title=\"Affiche promotionnelle de l\u2019album photo de Vivian Maier, titr\u00e9 \u2019100 photos pour la libert\u00e9 de la presse\u2019, montrant une femme avec un appareil photo.\" class=\"ResponsiveImage_root__ZDz10 responsive-image\" style=\"background-color:#305A75\"\/><\/p>\n<p>L\u2019affiche lan\u00e7ant l\u2019op\u00e9ration 2025. Le livre est sorti le 5\u00a0juin.<\/p>\n<p>DR, Succession Vivian Maier.<\/p>\n<p>Abonnez-vous d\u00e8s maintenant et profitez de la fonction de lecture audio.<a href=\"https:\/\/bottalk.io\/\" class=\"BottalkPaywall_bottalklink__KDtuf\" target=\"_blank\" rel=\"noreferrer nofollow noopener\">BotTalk<\/a><\/p>\n<p class=\"ArticleParagraph_root__lhFZo ArticleContainer_content-width__FRl7F link_focus__0ZMwx link_externalicon-big__ZdPgo link_externalicon__qcwXs ArticleElement_article-element__q93eL\">C\u2019est le tome 79, mais certaines s\u00e9ries n\u2019ont par d\u00e9finition jamais de fin. Toutes ne se prolongent heureusement par seul app\u00e2t du lucre. Reporters sans fronti\u00e8res publie ainsi \u00ab100 photos pour la libert\u00e9 de presse\u00bb. Un ouvrage dont les b\u00e9n\u00e9fices iront au soutien d\u2019une cause devenue toujours plus difficile. Pour la premi\u00e8re fois, comme le r\u00e9v\u00e8le une carte en fin de parcours, la fameuse libert\u00e9 passe globalement en \u00absituation difficile\u00bb. La chose reste bien s\u00fbr due aux pressions politiques et \u00e9conomiques. Mais plus seulement. \u00abLes m\u00e9dias ferment dans un pays sur trois.\u00bb La situation n\u2019est gu\u00e8re plus \u00abbonne\u00bb que dans cinq pays au monde, dont le Groenland. Elle demeure \u00abplut\u00f4t bonne\u00bb dans nombre de pays d\u2019Europe de l\u2019Ouest comme la Suisse. L\u2019Asie se r\u00e9v\u00e8le en revanche rouge vif sur la carte, \u00e0 l\u2019exception du N\u00e9pal, de la Tha\u00eflande et de la Mongolie. Autant dire que l\u00e0 la situation est \u00abtr\u00e8s grave\u00bb. Autrement dit d\u00e9sesp\u00e9r\u00e9e.<\/p>\n<p>Gouvernante d\u2019enfants \u00e0 New York<\/p>\n<p class=\"ArticleParagraph_root__lhFZo ArticleContainer_content-width__FRl7F link_focus__0ZMwx link_externalicon-big__ZdPgo link_externalicon__qcwXs ArticleElement_article-element__q93eL\">Qui est l\u2019auteur des images offertes cette fois pour d\u00e9fendre la libert\u00e9 de presse? Il s\u2019agit de Vivian Maier, dont je viens de vous parler \u00e0 propos de la r\u00e9trospective organis\u00e9e \u00e0 au Centro Culturale San Gaetano de Padoue (1). L\u2019histoire de cette nounou est d\u00e9sormais bien connue. Je vous la rappelle en quelques mots. N\u00e9e aux USA de parents fran\u00e7ais et autrichien, la femme a v\u00e9cu en s\u2019occupant d\u2019enfants de la riche bourgeoisie de New York ou Chicago. Elle emportait toujours avec elle son Rolleiflex. La femme a ainsi pris 140\u00a0000 images, qu\u2019elle n\u2019avait pas les moyens de d\u00e9velopper, et encore moins de tirer. Le tout a \u00e9t\u00e9 d\u00e9couvert fortuitement lors de la mise en vente du d\u00e9p\u00f4t dont Vivian n\u2019avait pas pu payer le loyer. Manquait son nom. L\u2019acqu\u00e9reur ne l\u2019a d\u00e9couvert que quelques jours apr\u00e8s la mort de la vieille dame. Une dame aujourd\u2019hui devenue une ic\u00f4ne ne la \u00abstreet photography\u00bb. Le genre am\u00e9ricain par excellence des ann\u00e9es 1940 \u00e0 1980.<\/p>\n<p>Un choix difficile<\/p>\n<p class=\"ArticleParagraph_root__lhFZo ArticleContainer_content-width__FRl7F link_focus__0ZMwx link_externalicon-big__ZdPgo link_externalicon__qcwXs ArticleElement_article-element__q93eL\">Que retenir pour un tel album? Le choix tenait de la quadrature du cercle, ce qui tombe apr\u00e8s tout bien pour des photos carr\u00e9es. Pour ceux qui ne connaissent quasi rien au 8e art, il fallait bien s\u00fbr des ic\u00f4nes. Elles ont quelque chose de parlant. Les amateurs ont pour leur part envie d\u2019in\u00e9dit. Il doit fatalement en rester sur les 140\u00a0000 images de Vivian. Je dirais que le r\u00e9sultat, pr\u00e9fac\u00e9 par la romanci\u00e8re Camille Laurens, penche plut\u00f4t du c\u00f4t\u00e9 des redites. Mais il s\u2019agit souvent l\u00e0 d\u2019images formidables, nous parlant en profondeur de l\u2019Am\u00e9rique du boom \u00e9conomique qu\u2019a connu le pays de la fin de la guerre de Cor\u00e9e aux manifestations contre celle du Vietnam. Il y a ainsi beaucoup de portraits frontaux, qui ne sont jamais des instants vol\u00e9s. Les int\u00e9ress\u00e9s regardent la cam\u00e9ra droit dans les yeux. Vivian traverse ainsi dans la rue toutes les classes de la soci\u00e9t\u00e9, des quartiers hupp\u00e9s \u00e0 ceux alors r\u00e9serv\u00e9s aux migrants et aux Noirs. Elle le fait avec empathie, mais non sans un brin d\u2019ironie complice.<\/p>\n<p>Prix doux<\/p>\n<p class=\"ArticleParagraph_root__lhFZo ArticleContainer_content-width__FRl7F link_focus__0ZMwx link_externalicon-big__ZdPgo link_externalicon__qcwXs ArticleElement_article-element__q93eL\">Voil\u00e0. Rien \u00e0 dire d\u2019autre, sinon que vous vous ferez pour une fois plaisir avec une bonne action. L\u2019impression me semble en plus correcte pour le prix. Soit dit en passant, les diffuseurs helv\u00e9tiques ne se sont cette fois pas arros\u00e9s au passage. Ces gens-l\u00e0 auraient-ils donc une \u00e2me? Si tel \u00e9tait le cas, comme on dit en langage journalistique, ce serait un \u00abscoop\u00bb.<\/p>\n<p class=\"ArticleParagraph_root__lhFZo ArticleContainer_content-width__FRl7F link_focus__0ZMwx link_externalicon-big__ZdPgo link_externalicon__qcwXs ArticleElement_article-element__q93eL\">(1) Elle dure jusqu\u2019au 25\u00a0octobre. C\u2019est une r\u00e9ussite totale.<\/p>\n<p>Pratique<\/p>\n<p class=\"ArticleParagraph_root__lhFZo ArticleContainer_content-width__FRl7F link_focus__0ZMwx link_externalicon-big__ZdPgo link_externalicon__qcwXs ArticleElement_article-element__q93eL\">\u00ab100 images pour la libert\u00e9 de presse, Vivian Maier\u00bb, avant-propos de Camille Laurens, \u00e9dit\u00e9 par Reporter sans fronti\u00e8res, 144 pages.<\/p>\n<p>N\u00e9 en 1948, <strong>Etienne Dumont<\/strong> a fait \u00e0 Gen\u00e8ve des \u00e9tudes qui lui ont \u00e9t\u00e9 peu utiles. Latin, grec, droit. Juriste rat\u00e9, il a bifurqu\u00e9 vers le journalisme. Le plus souvent aux rubriques culturelles, il a travaill\u00e9 de mars 1974 \u00e0 mai 2013 \u00e0 la \u00abTribune de Gen\u00e8ve\u00bb, en commen\u00e7ant par parler de cin\u00e9ma. Sont ensuite venus les beaux-arts et les livres. A part \u00e7a, comme vous pouvez le voir, rien \u00e0 signaler.<a class=\"ArticleAuthorBio_moreinfo__cqyvz link_underlinelink__K5Zr0\" rel=\"author nofollow noopener\" href=\"https:\/\/www.bilan.ch\/author\/61126069\/etienne-dumont\" target=\"_blank\">Plus d&rsquo;infos<\/a><\/p>\n<p class=\"Feedback_root__fr_Mi ArticleContainer_content-width__FRl7F\">Vous avez trouv\u00e9 une erreur?<a href=\"mailto:tes_correction@tamedia.ch?subject=Avis%20d'erreur%20%7C%20Etienne%20Dumont%20%7C%20Reporter%20ans%20fronti%C3%A8res%20publie%20100%20photos%20de%20Vivian%20Maier&amp;body=J'ai%20trouv%C3%A9%20une%20erreur%20dans%20cet%20article%3A%20https%3A%2F%2Fwww.bilan.ch%2Fstory%2Freporter-ans-frontieres-publie-100-photos-de-vivian-maier-396981585502\" class=\"Feedback_feedbacklink__VyDCi link_underlinelink__K5Zr0\">Merci de nous la signaler.<\/a><\/p>\n","protected":false},"excerpt":{"rendered":"Opinion Livre \u2013 Reporter ans fronti\u00e8res publie 100 photos de Vivian Maier L\u2019album est vendu pour la libert\u00e9&hellip;\n","protected":false},"author":2,"featured_media":271500,"comment_status":"","ping_status":"","sticky":false,"template":"","format":"standard","meta":{"footnotes":""},"categories":[1357],"tags":[1379,58,59,1011,27,1380],"class_list":{"0":"post-271499","1":"post","2":"type-post","3":"status-publish","4":"format-standard","5":"has-post-thumbnail","7":"category-livres","8":"tag-books","9":"tag-divertissement","10":"tag-entertainment","11":"tag-fr","12":"tag-france","13":"tag-livres"},"share_on_mastodon":{"url":"https:\/\/pubeurope.com\/@fr\/114910672029346328","error":""},"_links":{"self":[{"href":"https:\/\/www.europesays.com\/fr\/wp-json\/wp\/v2\/posts\/271499","targetHints":{"allow":["GET"]}}],"collection":[{"href":"https:\/\/www.europesays.com\/fr\/wp-json\/wp\/v2\/posts"}],"about":[{"href":"https:\/\/www.europesays.com\/fr\/wp-json\/wp\/v2\/types\/post"}],"author":[{"embeddable":true,"href":"https:\/\/www.europesays.com\/fr\/wp-json\/wp\/v2\/users\/2"}],"replies":[{"embeddable":true,"href":"https:\/\/www.europesays.com\/fr\/wp-json\/wp\/v2\/comments?post=271499"}],"version-history":[{"count":0,"href":"https:\/\/www.europesays.com\/fr\/wp-json\/wp\/v2\/posts\/271499\/revisions"}],"wp:featuredmedia":[{"embeddable":true,"href":"https:\/\/www.europesays.com\/fr\/wp-json\/wp\/v2\/media\/271500"}],"wp:attachment":[{"href":"https:\/\/www.europesays.com\/fr\/wp-json\/wp\/v2\/media?parent=271499"}],"wp:term":[{"taxonomy":"category","embeddable":true,"href":"https:\/\/www.europesays.com\/fr\/wp-json\/wp\/v2\/categories?post=271499"},{"taxonomy":"post_tag","embeddable":true,"href":"https:\/\/www.europesays.com\/fr\/wp-json\/wp\/v2\/tags?post=271499"}],"curies":[{"name":"wp","href":"https:\/\/api.w.org\/{rel}","templated":true}]}}