{"id":271501,"date":"2025-07-24T22:54:12","date_gmt":"2025-07-24T22:54:12","guid":{"rendered":"https:\/\/www.europesays.com\/fr\/271501\/"},"modified":"2025-07-24T22:54:12","modified_gmt":"2025-07-24T22:54:12","slug":"jadore-cyril-mais-non-cet-animateur-emblematique-de-m6-refuse-de-rejoindre-cyril-hanouna-dans-tout-beau-tout-9","status":"publish","type":"post","link":"https:\/\/www.europesays.com\/fr\/271501\/","title":{"rendered":"J\u2019adore Cyril mais non\u00a0\u00bb : cet animateur embl\u00e9matique de M6 refuse de rejoindre Cyril Hanouna dans \u00ab\u00a0Tout beau tout 9"},"content":{"rendered":"<p>\u00c0 la rentr\u00e9e prochaine, <a href=\"https:\/\/www.public.fr\/tag\/cyril-hanouna\" target=\"_blank\" rel=\"noopener\">Cyril Hanouna<\/a> va d\u00e9barquer sur W9 pour une toute <a href=\"https:\/\/www.public.fr\/ouverture-des-cyril-hanouna-lance-un-appel-a-ses-fans-avant-le-demarrage-de-son-emission-sur-w9\" target=\"_blank\" rel=\"noopener\">nouvelle quotidienne baptis\u00e9e <strong>\u00ab\u00a0Tout beau, tout 9\u00a0\u00bb<\/strong><\/a>. Une nouvelle quotidienne, avec une nouvelle \u00e9quipe. De fait, de nouveaux chroniqueurs vont le rejoindre dans son nouveau projet mais un animateur de M6 a d\u2019ores et d\u00e9j\u00e0 refus\u00e9 l\u2019\u00e9ventuelle proposition.<\/p>\n<p>Si nous ne savons pas, \u00e0 l\u2019heure actuelle, si l\u2019animateur en question a r\u00e9ellement eu une offre \u00e9crite de la part de \u00ab\u00a0Baba\u00a0\u00bb, celui-ci vient d\u2019indiquer qu\u2019il la refuserait dans tous les cas. Mais de qui s\u2019agit-il ?<\/p>\n<p>Tout simplement d\u2019un ancien candidat d\u2019un programme culinaire de la Six, devenu animateur la cha\u00eene au fil des ann\u00e9es et, qui plus est, ami avec Cyril Hanouna. En effet, <a href=\"https:\/\/www.public.fr\/tag\/norbert-tarayre\" target=\"_blank\" rel=\"noopener\">Norbert Tarayre<\/a>, candidat de la troisi\u00e8me saison de <strong>Top Chef<\/strong>, a pr\u00e9sent\u00e9 divers programmes sur M6, et a longtemps \u00e9t\u00e9 pressenti comme nouveau membre de la bande de \u00ab\u00a0Baba\u00a0\u00bb.<\/p>\n<p>Norbert Tarayre prend la parole<\/p>\n<p>Mais ce jeudi 24 juillet 2025, le principal int\u00e9ress\u00e9 a d\u00e9menti les rumeurs \u00e0 ce sujet. Sur sa cha\u00eene YouTube, Norbert Tarayre a accept\u00e9 de r\u00e9pondre aux questions des internautes. Ces derniers, visiblement inquiets de beaucoup moins voir le chef \u00e0 la t\u00e9l\u00e9vision et souhaitant savoir s&rsquo;il rejoindrait Cyril Hanouna.<\/p>\n<p>Face \u00e0 l\u2019inqui\u00e9tude de sa communaut\u00e9, <a href=\"https:\/\/vsd.fr\/79877-affaire-jean-imbert-ce-quen-pense-son-ami-de-longue-date-norbert-tarayre\/\" target=\"_blank\" rel=\"noopener\">l\u2019acolyte de Jean Imbert<\/a> a souhait\u00e9 clarifier la situation et donner les raisons de son absence sur le petit \u00e9cran. \u00ab\u00a0Je vais vous r\u00e9pondre sans aucune langue de bois. Rien que la v\u00e9rit\u00e9, toute la v\u00e9rit\u00e9\u00a0\u00bb, a-t-il indiqu\u00e9 dans un premier temps.<\/p>\n<p>Par la suite, l\u2019ancien candidat de <strong>Top Chef<\/strong> a fait le bilan de la saison 2024-2025 dont il garde visiblement que du positif : \u00ab\u00a0J\u2019ai kiff\u00e9 (&#8230;) On a fait beaucoup moins de TV, beaucoup plus de Youtube, de r\u00e9seaux sociaux et surtout beaucoup plus de restauration, donc vraiment ann\u00e9e royale. Et en plus, mes filles ont eu le bac (&#8230;) Pour un papa, je suis aux anges\u00a0\u00bb.<\/p>\n<p>Il ne rejoindre pas Cyril Hanouna dans sa nouvelle quotidienne<\/p>\n<p>Norbert Tarayre a finalement abord\u00e9 le sujet qui int\u00e9ressait le plus ses abonn\u00e9s : sa pr\u00e9sence dans la nouvelle \u00e9mission de Cyril Hanouna, <strong>Tout beau, tout 9.<\/strong> \u00ab\u00a0J&rsquo;ai toujours aim\u00e9 Cyril Hanouna parce que j&rsquo;adore et j&rsquo;ai ador\u00e9 Touche pas \u00e0 mon poste, vraiment, depuis France 4 (&#8230;) <strong>J&rsquo;adore Cyril, mais non,\u00a0je ne serai pas chroniqueur, je ne serai pas autour de la table<\/strong>\u00ab\u00a0, a-t-il r\u00e9v\u00e9l\u00e9 en toute franchise.<\/p>\n<p>Par la suite, le chef a r\u00e9v\u00e9l\u00e9 les raisons qui le conduiraient \u00e0 refuser la proposition et, inversement, ce qui pourrait lui permettre d\u2019intervenir par s\u00e9quences dans la nouvelle quotidienne de \u00ab\u00a0Baba\u00a0\u00bb : \u00ab\u00a0Je peux venir faire des interventions ponctuelles si on veut, mais je parle de cuisine, sinon, non. J&rsquo;ai pas la culture de ce genre de plateaux\u00a0\u00bb.\u00a0<\/p>\n<p>\u00ab\u00a0Moi je suis un plateau vivant. J&rsquo;aime courir, j&rsquo;aime \u00eatre debout, j&rsquo;aime que ce soit actif. Rester comme font tous les chroniqueurs, <strong>deux, trois heures assis, je ne peux pas<\/strong>. Mais si Cyril m&rsquo;invite pour faire une \u00e9mission un soir, avec grand plaisir, mais non, je ne serai pas chroniqueur\u00a0\u00bb, a-t-il finalement conclu afin de mettre fin \u00e0 toutes les rumeurs concernant une \u00e9ventuelle collaboration avec Cyril Hanouna.<\/p>\n<p>      Mentionn\u00e9s dans cet article<\/p>\n<p>\u00c0 lire aussi<\/p>\n","protected":false},"excerpt":{"rendered":"\u00c0 la rentr\u00e9e prochaine, Cyril Hanouna va d\u00e9barquer sur W9 pour une toute nouvelle quotidienne baptis\u00e9e \u00ab\u00a0Tout beau,&hellip;\n","protected":false},"author":2,"featured_media":271502,"comment_status":"","ping_status":"","sticky":false,"template":"","format":"standard","meta":{"footnotes":""},"categories":[1356],"tags":[1083,58,59,1011,27,494,23853,252,22498,22497,1364,2395],"class_list":{"0":"post-271501","1":"post","2":"type-post","3":"status-publish","4":"format-standard","5":"has-post-thumbnail","7":"category-television","8":"tag-cyril-hanouna","9":"tag-divertissement","10":"tag-entertainment","11":"tag-fr","12":"tag-france","13":"tag-m6","14":"tag-norbert-tarayre","15":"tag-television","16":"tag-tout-9-tbt9","17":"tag-tout-beau","18":"tag-tv","19":"tag-w9"},"share_on_mastodon":{"url":"https:\/\/pubeurope.com\/@fr\/114910675877081370","error":""},"_links":{"self":[{"href":"https:\/\/www.europesays.com\/fr\/wp-json\/wp\/v2\/posts\/271501","targetHints":{"allow":["GET"]}}],"collection":[{"href":"https:\/\/www.europesays.com\/fr\/wp-json\/wp\/v2\/posts"}],"about":[{"href":"https:\/\/www.europesays.com\/fr\/wp-json\/wp\/v2\/types\/post"}],"author":[{"embeddable":true,"href":"https:\/\/www.europesays.com\/fr\/wp-json\/wp\/v2\/users\/2"}],"replies":[{"embeddable":true,"href":"https:\/\/www.europesays.com\/fr\/wp-json\/wp\/v2\/comments?post=271501"}],"version-history":[{"count":0,"href":"https:\/\/www.europesays.com\/fr\/wp-json\/wp\/v2\/posts\/271501\/revisions"}],"wp:featuredmedia":[{"embeddable":true,"href":"https:\/\/www.europesays.com\/fr\/wp-json\/wp\/v2\/media\/271502"}],"wp:attachment":[{"href":"https:\/\/www.europesays.com\/fr\/wp-json\/wp\/v2\/media?parent=271501"}],"wp:term":[{"taxonomy":"category","embeddable":true,"href":"https:\/\/www.europesays.com\/fr\/wp-json\/wp\/v2\/categories?post=271501"},{"taxonomy":"post_tag","embeddable":true,"href":"https:\/\/www.europesays.com\/fr\/wp-json\/wp\/v2\/tags?post=271501"}],"curies":[{"name":"wp","href":"https:\/\/api.w.org\/{rel}","templated":true}]}}