{"id":271507,"date":"2025-07-24T22:57:20","date_gmt":"2025-07-24T22:57:20","guid":{"rendered":"https:\/\/www.europesays.com\/fr\/271507\/"},"modified":"2025-07-24T22:57:20","modified_gmt":"2025-07-24T22:57:20","slug":"burn-lines-cest-quoi-cette-tendance-qui-pousse-les-ados-a-mettre-en-danger-leur-peau-presse-citron","status":"publish","type":"post","link":"https:\/\/www.europesays.com\/fr\/271507\/","title":{"rendered":"\u201cBurn lines\u201d : c\u2019est quoi cette tendance qui pousse les ados \u00e0 mettre en danger leur peau ? &#8211; Presse-citron"},"content":{"rendered":"<ol>\n<li><a href=\"https:\/\/news.google.com\/rss\/articles\/CBMiwwFBVV95cUxNTm05N1RQaEhMZ0JpcFJFV3I4Z1MwTXJiUEFqblRtN1hXdGtnbGYyMGxfLTNTT045LVkyTGpQejNqTEF6T25Cd016UFhudjVtOEVVVV95SFM5bFNuQnA3MV9tNkFzTk1zamh3SG5ab3pjQUc1SENvU3lzNnhUYkpKeVE4YWk1OXlhZ1ZXSTdfOFdiQzlscS0yeFpNb0pINF9zb3NzU25xLUlaT2Z3NmhSSlpUbUlrZENIdElqQzR4U0hvbzg?oc=5\" target=\"_blank\" rel=\"nofollow noopener\">\u201cBurn lines\u201d : c\u2019est quoi cette tendance qui pousse les ados \u00e0 mettre en danger leur peau ?<\/a>&nbsp;&nbsp;Presse-citron<\/li>\n<li><a href=\"https:\/\/news.google.com\/rss\/articles\/CBMigAJBVV95cUxQWWJ5dG1FVXhBeTl2XzhSZnFiU0pXaVlhelNMaG5vSjBoQVhxTHk4RkdkTnRhZm5Ccy1peldyQkl0a0ZsR1BkZFEzVElMbERrazFvVjEwQTJOZkVsM1c3X1JRTzdWQjZVZkdGMFZRaEx0dXE5RDNKMGpob3UyUWZKRXlSYTlyVm5kLWpWRUt0QTJGNzNoOGFGVDBZUm5RV1JPdW5RejZNQUQyQXBuSXVfaUdyeDNONHlPYWRmd2Z2cEgybDBQMTZ4UENFNmdKWG04VzNUWGxab1dFckxEcjhqYXhqLU1kZ0pUamswMklIbTBGdnJmdGM4N09aMjB1Mlcx?oc=5\" target=\"_blank\" rel=\"nofollow noopener\">\u00ab\u00a0Burn lines\u00a0\u00bb, \u00ab\u00a0tan lines\u00a0\u00bb&#8230; Ces nouvelles tendances de bronzage, dangereuses pour la sant\u00e9, qui \u00e9mergent sur les r\u00e9seaux sociaux<\/a>&nbsp;&nbsp;France Info<\/li>\n<li><a href=\"https:\/\/news.google.com\/rss\/articles\/CBMi0gFBVV95cUxPcWFiM202WjRhVjRJMldWUnBWLXBXMnNvMk9fcTJMVlA5RHNtczdTbUUtMUctOVRDTXRTQ2NmanRrNTVMa1BYU3Mwd2ZQU25Fb0xqNE5NbjZRaVRMWG5QQ3o0dXpIME9FUjVSbkhra3VYd3hxVFNRdERkTHgyWWFaeXZpMnFXTk9UcTZrZkFhc09ZakpTSGhDamxOU3kyRDV4QjJFZ2hBZDl5VkxqRWl4MzBCRFJXWHU4bm5RNC1iZHYtZkZYdFhhY3pOT2IwVmZKZlE?oc=5\" target=\"_blank\" rel=\"nofollow noopener\">\u00ab Sun tattoo \u00bb : des tatouages de coups de soleil \u00e0 la fois tendance et dangereux<\/a>&nbsp;&nbsp;Sud Ouest<\/li>\n<li><a href=\"https:\/\/news.google.com\/rss\/articles\/CBMi2gFBVV95cUxNQnJ3d080dWYxSXhwN0NxLWw0LU8tM1MtUE5tbXNjRjhzQTlYMFhkY0s0Rlc2amlyZGhhNGtXVGdrNmJoTnFTSXlzLTFmV2FMdG1DaXN6bkhfN3EyN0hoT0Zfa2JtQlBVeEctVjJfZ0ZkYXlpYkl6MHZwdk9hNXk1N2VGa1hoTUhNNkhTbG1NVmZtLW16Mmk5RVZHUG0ydzE3NDRBT2t1WEFZaVNIc3ZDOXhQMTY2QW1xeVRrQ3VkLUo3aTQzQ1pKdTJGMHpuWDRBYnFmbXBtRFhmdw?oc=5\" target=\"_blank\" rel=\"nofollow noopener\">\u00ab Burn lines \u00bb : la tendance TikTok qui revient \u00e0 se verser de l\u2019huile bouillante sur la peau<\/a>&nbsp;&nbsp;Le Point<\/li>\n<li><a href=\"https:\/\/news.google.com\/rss\/articles\/CBMi5gFBVV95cUxNVjViZHlPMFJtbktkYlJkdUdOV0ZmWHprSFhzaExDdnctelo4SzI2elJKOVNNbG5PVDIzMU1UOC1IQjZ1c245QnlGWG1tMkRxU1VObVlVVDh3ZjdLc2tZalRTbERBOGVBUk5EMUM4R3dHeVdJcEZ1dUx0VGpfSUsyTW9TVTNIYWZteU40dEVHRTFzZFRLQk1XamNnZGdjM0ZUQkN6N1NwTkc2akd4Rm10YjF1OTI3eS1abnFycl9WQVFQSWRjbWxXdmZjSDJfUVNGa2REejFTZzM1bkxhQWdIOVBnVm9mUQ?oc=5\" target=\"_blank\" rel=\"nofollow noopener\">Les dermatos alertent face \u00e0 la tendance dangereuse des \u00ab burn lines \u00bb<\/a>&nbsp;&nbsp;Le HuffPost<\/li>\n<\/ol>\n","protected":false},"excerpt":{"rendered":"\u201cBurn lines\u201d : c\u2019est quoi cette tendance qui pousse les ados \u00e0 mettre en danger leur peau ?&nbsp;&nbsp;Presse-citron&hellip;\n","protected":false},"author":2,"featured_media":1445,"comment_status":"","ping_status":"","sticky":false,"template":"","format":"standard","meta":{"footnotes":""},"categories":[10],"tags":[1011,27,72,71],"class_list":{"0":"post-271507","1":"post","2":"type-post","3":"status-publish","4":"format-standard","5":"has-post-thumbnail","7":"category-sante","8":"tag-fr","9":"tag-france","10":"tag-health","11":"tag-sante"},"share_on_mastodon":{"url":"https:\/\/pubeurope.com\/@fr\/114910687624111894","error":""},"_links":{"self":[{"href":"https:\/\/www.europesays.com\/fr\/wp-json\/wp\/v2\/posts\/271507","targetHints":{"allow":["GET"]}}],"collection":[{"href":"https:\/\/www.europesays.com\/fr\/wp-json\/wp\/v2\/posts"}],"about":[{"href":"https:\/\/www.europesays.com\/fr\/wp-json\/wp\/v2\/types\/post"}],"author":[{"embeddable":true,"href":"https:\/\/www.europesays.com\/fr\/wp-json\/wp\/v2\/users\/2"}],"replies":[{"embeddable":true,"href":"https:\/\/www.europesays.com\/fr\/wp-json\/wp\/v2\/comments?post=271507"}],"version-history":[{"count":0,"href":"https:\/\/www.europesays.com\/fr\/wp-json\/wp\/v2\/posts\/271507\/revisions"}],"wp:featuredmedia":[{"embeddable":true,"href":"https:\/\/www.europesays.com\/fr\/wp-json\/wp\/v2\/media\/1445"}],"wp:attachment":[{"href":"https:\/\/www.europesays.com\/fr\/wp-json\/wp\/v2\/media?parent=271507"}],"wp:term":[{"taxonomy":"category","embeddable":true,"href":"https:\/\/www.europesays.com\/fr\/wp-json\/wp\/v2\/categories?post=271507"},{"taxonomy":"post_tag","embeddable":true,"href":"https:\/\/www.europesays.com\/fr\/wp-json\/wp\/v2\/tags?post=271507"}],"curies":[{"name":"wp","href":"https:\/\/api.w.org\/{rel}","templated":true}]}}