{"id":271517,"date":"2025-07-24T23:03:10","date_gmt":"2025-07-24T23:03:10","guid":{"rendered":"https:\/\/www.europesays.com\/fr\/271517\/"},"modified":"2025-07-24T23:03:10","modified_gmt":"2025-07-24T23:03:10","slug":"contact-perdu-avec-le-bateau-parti-pour-gaza-avec-de-laide-humanitaire","status":"publish","type":"post","link":"https:\/\/www.europesays.com\/fr\/271517\/","title":{"rendered":"contact \u00abperdu\u00bb avec le bateau parti pour Gaza avec de l&rsquo;aide humanitaire"},"content":{"rendered":"<p>Le service de presse de la \u00abFlottille pour la libert\u00e9\u00bb estime que les communications avec le Hamdala \u00abont \u00e9t\u00e9 brouill\u00e9es\u00bb et que le navire pourrait avoir \u00e9t\u00e9 \u00abintercept\u00e9 ou attaqu\u00e9\u00bb au large de l\u2019\u00c9gypte.<\/p>\n<p class=\"fig-paragraph\">Le service de presse de\u00a0<a href=\"http:\/\/www.lefigaro.fr\/international\/briser-le-blocus-humanitaire-la-nouvelle-flottille-handala-prend-le-large-ce-dimanche-en-direction-de-gaza-20250720\" target=\"_blank\" data-fig-type=\"NewsFlash\" rel=\"noopener nofollow\" data-gtm-custom-categorie=\"navigation\" data-gtm-custom-action=\"crossclick\" data-gtm-custom-label=\"Contextuel\" data-gtm-event=\"customEventSPE\" data-fig-domain=\"LEFIGARO\">la \u00abFlottille pour la libert\u00e9\u00bb<\/a>, un mouvement international non violent de soutien aux Palestiniens, a indiqu\u00e9 jeudi 24 juillet au soir avoir perdu le contact avec son navire qui transportait de l&rsquo;aide humanitaire \u00e0 Gaza. \u00abNous avons perdu tout contact avec l&rsquo;\u00e9quipage du Hamdala\u00bb, le bateau qui se dirige vers Gaza, a \u00e9crit le service de presse sur WhatsApp. \u00abLes communications ont \u00e9t\u00e9 brouill\u00e9es et de nombreux drones aper\u00e7us dans les environs. Cela pourrait signifier qu&rsquo;ils ont \u00e9t\u00e9 intercept\u00e9s ou attaqu\u00e9s\u00bb, a ajout\u00e9 le service de presse.<\/p>\n<p class=\"fig-paragraph\">Selon le site permettant de suivre en temps r\u00e9el le Hamdala, le bateau se trouvait dans les eaux internationales face \u00e0 l&rsquo;\u00c9gypte, encore loin de Gaza. Le navire avait quitt\u00e9 il y a une dizaine de jours le port de Syracuse, en Sicile, avec une quinzaine de militants \u00e0 bord. Cet ancien chalutier norv\u00e9gien, charg\u00e9 de mat\u00e9riel m\u00e9dical, de nourriture, d&rsquo;\u00e9quipement pour enfants et de m\u00e9dicaments, avait \u00e9galement embarqu\u00e9 deux \u00e9lues de La France Insoumise (LFI), Gabrielle Cathala et Emma Fourreau.<\/p>\n<p>                                    <a class=\"fig-a11y-skip a11y-hidden\" href=\"#fig-a11y-skip-main-inarticle\"><br \/>\n        Passer la publicit\u00e9<br \/>\n    <\/a><\/p>\n<p class=\"fig-paragraph\">Cette initiative intervient environ deux mois apr\u00e8s le d\u00e9part du Madleen, un autre navire parti d&rsquo;Italie le 1er juin pour \u00abbriser le blocus isra\u00e9lien\u00bb \u00e0 Gaza. Le voilier avait alors \u00e0 son bord 12 militants dont la militante \u00e9cologiste Greta Thunberg et\u00a0<a href=\"http:\/\/www.lefigaro.fr\/international\/gaza-qui-sont-les-six-francais-qui-etaient-a-bord-de-la-flottille-pour-la-liberte-20250610\" target=\"_blank\" data-fig-type=\"Article\" rel=\"noopener nofollow\" data-gtm-custom-categorie=\"navigation\" data-gtm-custom-action=\"crossclick\" data-gtm-custom-label=\"Contextuel\" data-gtm-event=\"customEventSPE\" data-fig-domain=\"LEFIGARO\">l&rsquo;eurod\u00e9put\u00e9e LFI Rima Hassan<\/a>, qui avait \u00e9t\u00e9 d\u00e9tenue trois jours apr\u00e8s l&rsquo;interception du navire, \u00e0 environ 185 kilom\u00e8tres \u00e0 l&rsquo;ouest de la c\u00f4te de Gaza.<\/p>\n<p class=\"fig-paragraph\">Isra\u00ebl, dont l&rsquo;offensive a d\u00e9but\u00e9 au lendemain de l&rsquo;attaque du mouvement islamiste palestinien Hamas le 7 octobre 2023, a impos\u00e9 d\u00e9but mars au territoire palestinien un blocus humanitaire. Ce blocus a entra\u00een\u00e9 de tr\u00e8s graves p\u00e9nuries de nourriture, m\u00e9dicaments et autres biens de premi\u00e8re n\u00e9cessit\u00e9, et n&rsquo;a \u00e9t\u00e9 que partiellement assoupli.<\/p>\n","protected":false},"excerpt":{"rendered":"Le service de presse de la \u00abFlottille pour la libert\u00e9\u00bb estime que les communications avec le Hamdala \u00abont&hellip;\n","protected":false},"author":2,"featured_media":271518,"comment_status":"","ping_status":"","sticky":false,"template":"","format":"standard","meta":{"footnotes":""},"categories":[4],"tags":[11,1011,27,665,12,25],"class_list":{"0":"post-271517","1":"post","2":"type-post","3":"status-publish","4":"format-standard","5":"has-post-thumbnail","7":"category-france","8":"tag-actualites","9":"tag-fr","10":"tag-france","11":"tag-gaza","12":"tag-news","13":"tag-republique-francaise"},"share_on_mastodon":{"url":"https:\/\/pubeurope.com\/@fr\/114910711264415128","error":""},"_links":{"self":[{"href":"https:\/\/www.europesays.com\/fr\/wp-json\/wp\/v2\/posts\/271517","targetHints":{"allow":["GET"]}}],"collection":[{"href":"https:\/\/www.europesays.com\/fr\/wp-json\/wp\/v2\/posts"}],"about":[{"href":"https:\/\/www.europesays.com\/fr\/wp-json\/wp\/v2\/types\/post"}],"author":[{"embeddable":true,"href":"https:\/\/www.europesays.com\/fr\/wp-json\/wp\/v2\/users\/2"}],"replies":[{"embeddable":true,"href":"https:\/\/www.europesays.com\/fr\/wp-json\/wp\/v2\/comments?post=271517"}],"version-history":[{"count":0,"href":"https:\/\/www.europesays.com\/fr\/wp-json\/wp\/v2\/posts\/271517\/revisions"}],"wp:featuredmedia":[{"embeddable":true,"href":"https:\/\/www.europesays.com\/fr\/wp-json\/wp\/v2\/media\/271518"}],"wp:attachment":[{"href":"https:\/\/www.europesays.com\/fr\/wp-json\/wp\/v2\/media?parent=271517"}],"wp:term":[{"taxonomy":"category","embeddable":true,"href":"https:\/\/www.europesays.com\/fr\/wp-json\/wp\/v2\/categories?post=271517"},{"taxonomy":"post_tag","embeddable":true,"href":"https:\/\/www.europesays.com\/fr\/wp-json\/wp\/v2\/tags?post=271517"}],"curies":[{"name":"wp","href":"https:\/\/api.w.org\/{rel}","templated":true}]}}