{"id":271522,"date":"2025-07-24T23:11:32","date_gmt":"2025-07-24T23:11:32","guid":{"rendered":"https:\/\/www.europesays.com\/fr\/271522\/"},"modified":"2025-07-24T23:11:32","modified_gmt":"2025-07-24T23:11:32","slug":"couleurs-dautomne-a-nancy-mon-grand-est","status":"publish","type":"post","link":"https:\/\/www.europesays.com\/fr\/271522\/","title":{"rendered":"Couleurs d\u2019automne \u00e0 Nancy &#8211; Mon Grand Est"},"content":{"rendered":"<p>L&rsquo;automne en France marque la fin de la longue pause estivale et le d\u00e9but d&rsquo;une saison de transition vers l&rsquo;hiver. C&rsquo;est une saison magnifique pour explorer notre beau pays, de ses cit\u00e9s historiques \u00e0 ses belles campagnes, en passant par les vall\u00e9es recul\u00e9es des Alpes. Cet article <strong>Automne \u00e0 Nancy<\/strong> fait partie d&rsquo;une s\u00e9rie dans laquelle j&rsquo;ai souhait\u00e9 vous montrer mes endroits pr\u00e9f\u00e9r\u00e9s dans la fa\u00e7ade <strong>EST<\/strong> de la France. Je vous promets beaucoup de couleurs vives, du rouge au jaune en passant par l&rsquo;orange ! \ud83c\udf41 \ud83c\udf42\ud83c\udf43<\/p>\n<p>Mes articles sur l&rsquo;automne en France<\/p>\n<p>D\u00e9couvrez ma s\u00e9rie d\u2019articles \u201cCouleurs d\u2019automne\u201d :<\/p>\n<p>Bel automne \u00e0 tous ! \ud83c\udf41\ud83c\udf43\ud83c\udf42<\/p>\n<p>D\u00e9couverte de l&rsquo;automne \u00e0 Nancy<\/p>\n<p>Nancy, la Ville aux Portes d&rsquo;Or se pr\u00eate merveilleusement bien aux couleurs d&rsquo;automne. Partons \u00e0 la d\u00e9couverte de la capitale des ducs de Lorraine pour appr\u00e9cier la saison automnale dans toute sa splendeur !<\/p>\n<p><img decoding=\"async\" class=\"tve_image tcb-moved-image wp-image-23804\" alt=\"Automne \u00e0 Nancy \u00a9 French Moments\" data-id=\"23804\" width=\"729\" data-init-width=\"1200\" height=\"487\" data-init-height=\"803\" title=\"Nancy-Autumn-27-copyright-French-Moments\" loading=\"lazy\" src=\"https:\/\/www.europesays.com\/fr\/wp-content\/uploads\/2025\/07\/Nancy-Autumn-27-copyright-French-Moments.jpg\" data-width=\"729\" data-height=\"487\" style=\"aspect-ratio: auto 1200 \/ 803;\" data-css=\"tve-u-183703471d6\" data-pagespeed-url-hash=\"3085253600\" onload=\"pagespeed.CriticalImages.checkImageForCriticality(this);\"  \/><\/p>\n<p class=\"thrv_wrapper thrv-inline-text wp-caption-text\">L&rsquo;automne \u00e0 Nancy \u00a9 French Moments<\/p>\n<p>La place Stanislas \u00e0 l&rsquo;automne<\/p>\n<p>Point central d&rsquo;une d\u00e9couverte de Nancy, la c\u00e9l\u00e8bre <a href=\"https:\/\/mon-grand-est.fr\/place-stanislas\/\" class=\"\" style=\"outline: none;\" target=\"_blank\" rel=\"noopener\">place Stanislas<\/a> ne manquera pas de vous \u00e9blouir (surtout si c&rsquo;est votre premi\u00e8re visite ici !).<\/p>\n<p><img decoding=\"async\" class=\"tve_image wp-image-23775 tcb-moved-image\" alt=\"Place Stanislas, Nancy \u00a9 French Moments\" data-id=\"23775\" width=\"729\" data-init-width=\"1000\" height=\"486\" data-init-height=\"667\" title=\"Nancy-Autumn-07-copyright-French-Moments\" loading=\"lazy\" src=\"https:\/\/www.europesays.com\/fr\/wp-content\/uploads\/2025\/07\/Nancy-Autumn-07-copyright-French-Moments.jpg\" data-width=\"729\" data-height=\"486\" style=\"aspect-ratio: auto 1000 \/ 667;\" data-css=\"tve-u-183702966c8\" data-pagespeed-url-hash=\"712478830\" onload=\"pagespeed.CriticalImages.checkImageForCriticality(this);\"  \/><\/p>\n<p class=\"thrv_wrapper thrv-inline-text wp-caption-text\">L&rsquo;automne \u00e0 Nancy, Place Stanislas \u00a9 French Moments<\/p>\n<p>Les ors de la place Stanislas se d\u00e9tachant sur un ciel bleu profond font \u00e9cho aux couleurs flamboyantes d&rsquo;un \u00e9t\u00e9 indien.<\/p>\n<p><img decoding=\"async\" class=\"tve_image tcb-moved-image wp-image-9026\" alt=\"Place Stanislas, Nancy \u00a9 French Moments\" data-id=\"9026\" width=\"729\" data-init-width=\"1200\" height=\"488\" data-init-height=\"804\" title=\"Fountain of Amphitrite Place Stanislas Nancy \u00a9 French Moments\" loading=\"lazy\" src=\"https:\/\/www.europesays.com\/fr\/wp-content\/uploads\/2025\/07\/Fountain-of-Amphitrite-Place-Stanislas-Nancy-\u00a9-French-Moments.jpg\" data-width=\"729\" data-height=\"488\" style=\"aspect-ratio: auto 1200 \/ 804;\" data-css=\"tve-u-1836ea9d52d\"  \/><\/p>\n<p class=\"thrv_wrapper thrv-inline-text wp-caption-text\">Fontaine d&rsquo;Amphitrite, Place Stanislas \u00a9 French Moments<\/p>\n<p><img decoding=\"async\" class=\"tve_image tcb-moved-image wp-image-23783\" alt=\"Place Stanislas, Nancy \u00a9 French Moments\" data-id=\"23783\" width=\"729\" data-init-width=\"1200\" height=\"487\" data-init-height=\"803\" title=\"Nancy-Autumn-15-copyright-French-Moments\" loading=\"lazy\" src=\"https:\/\/www.europesays.com\/fr\/wp-content\/uploads\/2025\/07\/Nancy-Autumn-15-copyright-French-Moments.jpg\" data-width=\"729\" data-height=\"487\" style=\"aspect-ratio: auto 1200 \/ 803;\" data-css=\"tve-u-1837029e1f7\" data-pagespeed-url-hash=\"192273921\" onload=\"pagespeed.CriticalImages.checkImageForCriticality(this);\"  \/><\/p>\n<p class=\"thrv_wrapper thrv-inline-text wp-caption-text\">Les ors de la place Stanislas \u00a9 French Moments<\/p>\n<p><img decoding=\"async\" class=\"tve_image tcb-moved-image wp-image-23777\" alt=\"Place Stanislas, Nancy \u00a9 French Moments\" data-id=\"23777\" width=\"729\" data-init-width=\"900\" height=\"487\" data-init-height=\"602\" title=\"Nancy-Autumn-09-copyright-French-Moments\" loading=\"lazy\" src=\"https:\/\/www.europesays.com\/fr\/wp-content\/uploads\/2025\/07\/Nancy-Autumn-09-copyright-French-Moments.jpg\" data-width=\"729\" data-height=\"487\" style=\"aspect-ratio: auto 900 \/ 602;\" data-css=\"tve-u-1837029e1f7\" data-pagespeed-url-hash=\"271587476\" onload=\"pagespeed.CriticalImages.checkImageForCriticality(this);\"  \/><\/p>\n<p class=\"thrv_wrapper thrv-inline-text wp-caption-text\">Les lys du roi de France (fontaine de Neptune) \u00a9 French Moments<\/p>\n<p><img decoding=\"async\" class=\"tve_image wp-image-23776\" alt=\"L'automne \u00e0 Nancy : Place Stanislas \u00a9 French Moments\" data-id=\"23776\" width=\"729\" data-init-width=\"1200\" height=\"486\" data-init-height=\"800\" title=\"Nancy-Autumn-08-copyright-French-Moments\" loading=\"lazy\" src=\"https:\/\/www.europesays.com\/fr\/wp-content\/uploads\/2025\/07\/Nancy-Autumn-08-copyright-French-Moments.jpg\" data-width=\"729\" data-height=\"486\" style=\"aspect-ratio: auto 1200 \/ 800;\"  \/><\/p>\n<p class=\"thrv_wrapper thrv-inline-text wp-caption-text\">La fontaine d&rsquo;Amphitrite \u00a9 French Moments<\/p>\n<p>L&rsquo;automne \u00e0 Nancy co\u00efncide avec un \u00e9v\u00e9nement phare du calendrier local. Entre mi-septembre et le 1er novembre, la place royale accueille <strong>le Jardin \u00e9ph\u00e9m\u00e8re<\/strong>.<\/p>\n<p><img decoding=\"async\" class=\"tve_image wp-image-23772\" alt=\"Jardin \u00e9ph\u00e9m\u00e8re sur la place Stanislas \u00a9 French Moments\" data-id=\"23772\" width=\"729\" data-init-width=\"1000\" height=\"486\" data-init-height=\"667\" title=\"Nancy-Autumn-04-copyright-French-Moments\" loading=\"lazy\" src=\"https:\/\/www.europesays.com\/fr\/wp-content\/uploads\/2025\/07\/Nancy-Autumn-04-copyright-French-Moments.jpg\" data-width=\"729\" data-height=\"486\" style=\"aspect-ratio: auto 1000 \/ 667;\"  \/><\/p>\n<p class=\"thrv_wrapper thrv-inline-text wp-caption-text\">Jardin \u00e9ph\u00e9m\u00e8re sur la place Stanislas \u00a9 French Moments<\/p>\n<p>Cette v\u00e9g\u00e9talisation de l\u2019espace public est une grande r\u00e9ussite et promet des angles de photos tr\u00e8s int\u00e9ressants\u2026 Qui sait, vous pourrez peut-\u00eatre y glaner quelques id\u00e9es inspirantes pour vos propres jardins !<\/p>\n<p><img decoding=\"async\" class=\"tve_image wp-image-17003\" alt=\"Jardin \u00e9ph\u00e9m\u00e8re, place Stanislas, Nancy \u00a9 French Moments\" data-id=\"17003\" width=\"729\" data-init-width=\"1200\" height=\"486\" data-init-height=\"800\" title=\"Place-Stanislas-Jardin-Ephemere-2020-LR-\u00a9-French-Moments\" loading=\"lazy\" src=\"https:\/\/www.europesays.com\/fr\/wp-content\/uploads\/2025\/07\/Place-Stanislas-Jardin-Ephemere-2020-LR-\u00a9-French-Moments.jpg\" data-width=\"729\" data-height=\"486\" style=\"aspect-ratio: auto 1200 \/ 800;\"  \/><\/p>\n<p class=\"thrv_wrapper thrv-inline-text wp-caption-text\">Jardin \u00e9ph\u00e9m\u00e8re, place Stanislas, Nancy \u00a9 French Moments<\/p>\n<p><img decoding=\"async\" class=\"tve_image wp-image-16994\" alt=\"Ann\u00e9e 2020 - Jardin \u00c9ph\u00e9m\u00e8re, Place Stanislas \u00a9 French Moments\" data-id=\"16994\" width=\"729\" data-init-width=\"1200\" height=\"486\" data-init-height=\"800\" title=\"Nancy-Place-Stanislas-Jardin-Eph\u00e9m\u00e8re-01-LR-\u00a9-French-Moments\" loading=\"lazy\" src=\"https:\/\/www.europesays.com\/fr\/wp-content\/uploads\/2025\/07\/Nancy-Place-Stanislas-Jardin-Ephemere-01-LR-\u00a9-French-Moments.jpg\" data-width=\"729\" data-height=\"486\" style=\"aspect-ratio: auto 1200 \/ 800;\"  \/><\/p>\n<p class=\"thrv_wrapper thrv-inline-text wp-caption-text\">Fleurs au jardin \u00e9ph\u00e9m\u00e8re de Nancy, place Stanislas \u00a9 French Moments<\/p>\n<p><img decoding=\"async\" class=\"tve_image tcb-moved-image wp-image-23791\" alt=\"Jardin \u00e9ph\u00e9m\u00e8re sur la place Stanislas \u00a9 French Moments\" data-id=\"23791\" width=\"729\" data-init-width=\"600\" height=\"1093\" data-init-height=\"900\" title=\"Nancy-Autumn-23-copyright-French-Moments\" loading=\"lazy\" src=\"https:\/\/www.europesays.com\/fr\/wp-content\/uploads\/2025\/07\/Nancy-Autumn-23-copyright-French-Moments.jpg\" data-width=\"729\" data-height=\"1093\" style=\"aspect-ratio: auto 600 \/ 900;\" data-css=\"tve-u-183702e9eea\" data-pagespeed-url-hash=\"3967036308\" onload=\"pagespeed.CriticalImages.checkImageForCriticality(this);\"  \/><\/p>\n<p class=\"thrv_wrapper thrv-inline-text wp-caption-text\">Jardin \u00e9ph\u00e9m\u00e8re sur la place Stanislas \u00a9 French Moments<\/p>\n<p><img decoding=\"async\" class=\"tve_image tcb-moved-image wp-image-23778\" alt=\"Jardin \u00e9ph\u00e9m\u00e8re sur la place Stanislas \u00a9 French Moments\" data-id=\"23778\" width=\"729\" data-init-width=\"736\" height=\"1089\" data-init-height=\"1100\" title=\"Nancy-Autumn-10-copyright-French-Moments\" loading=\"lazy\" src=\"https:\/\/www.europesays.com\/fr\/wp-content\/uploads\/2025\/07\/Nancy-Autumn-10-copyright-French-Moments.jpg\" data-width=\"729\" data-height=\"1089\" style=\"aspect-ratio: auto 736 \/ 1100;\" data-css=\"tve-u-183702ee8c6\" data-pagespeed-url-hash=\"3441985954\" onload=\"pagespeed.CriticalImages.checkImageForCriticality(this);\"  \/><\/p>\n<p class=\"thrv_wrapper thrv-inline-text wp-caption-text\">Le clocher de l&rsquo;\u00e9glise Saint-Epvre \u00a9 French Moments<\/p>\n<p><img decoding=\"async\" class=\"tve_image tcb-moved-image wp-image-23774\" alt=\"Jardin \u00e9ph\u00e9m\u00e8re sur la place Stanislas \u00a9 French Moments\" data-id=\"23774\" width=\"729\" data-init-width=\"1200\" height=\"486\" data-init-height=\"800\" title=\"Nancy-Autumn-06-copyright-French-Moments\" loading=\"lazy\" src=\"https:\/\/www.europesays.com\/fr\/wp-content\/uploads\/2025\/07\/Nancy-Autumn-06-copyright-French-Moments.jpg\" data-width=\"729\" data-height=\"486\" style=\"aspect-ratio: auto 1200 \/ 800;\" data-css=\"tve-u-183702e9eea\" data-pagespeed-url-hash=\"3080408155\" onload=\"pagespeed.CriticalImages.checkImageForCriticality(this);\"  \/><\/p>\n<p class=\"thrv_wrapper thrv-inline-text wp-caption-text\">Jardin \u00e9ph\u00e9m\u00e8re sur la place Stanislas \u00a9 French Moments<\/p>\n<p>Potirons et citrouilles apparaissent au d\u00e9tour d&rsquo;un sentier&#8230; et pourtant, nous sommes bien au centre de la place Stan !<\/p>\n<p><img decoding=\"async\" class=\"tve_image wp-image-23792\" alt=\"Jardin \u00e9ph\u00e9m\u00e8re sur la place Stanislas \u00a9 French Moments\" data-id=\"23792\" width=\"729\" data-init-width=\"1200\" height=\"486\" data-init-height=\"800\" title=\"Nancy-Autumn-24-copyright-French-Moments\" loading=\"lazy\" src=\"https:\/\/www.europesays.com\/fr\/wp-content\/uploads\/2025\/07\/Nancy-Autumn-24-copyright-French-Moments.jpg\" data-width=\"729\" data-height=\"486\" data-pagespeed-url-hash=\"1599106983\" onload=\"pagespeed.CriticalImages.checkImageForCriticality(this);\" style=\"aspect-ratio: auto 1200 \/ 800;\"  \/><\/p>\n<p class=\"thrv_wrapper thrv-inline-text wp-caption-text\">Potirons et citrouilles sur la place Stanislas \u00a9 French Moments<\/p>\n<p>Approchons-nous de la fontaine de Neptune \u00e0 l&rsquo;angle nord-ouest de la place pour admirer les statues :<\/p>\n<p><img decoding=\"async\" class=\"tve_image tcb-moved-image wp-image-23782\" alt=\"Fontaine de Neptune, Place Stanislas \u00a9 French Moments\" data-id=\"23782\" width=\"729\" data-init-width=\"1000\" height=\"486\" data-init-height=\"667\" title=\"Nancy-Autumn-14-copyright-French-Moments\" loading=\"lazy\" src=\"https:\/\/www.europesays.com\/fr\/wp-content\/uploads\/2025\/07\/Nancy-Autumn-14-copyright-French-Moments.jpg\" data-width=\"729\" data-height=\"486\" style=\"aspect-ratio: auto 1000 \/ 667;\" data-css=\"tve-u-1837030fe5f\" data-pagespeed-url-hash=\"2560203246\" onload=\"pagespeed.CriticalImages.checkImageForCriticality(this);\"  \/><\/p>\n<p class=\"thrv_wrapper thrv-inline-text wp-caption-text\">Neptune \u00a9 French Moments<\/p>\n<p><img decoding=\"async\" class=\"tve_image tcb-moved-image wp-image-23780\" alt=\"Fontaine de Neptune, Place Stanislas \u00a9 French Moments\" data-id=\"23780\" width=\"729\" data-init-width=\"1200\" height=\"487\" data-init-height=\"803\" title=\"Nancy-Autumn-12-copyright-French-Moments\" loading=\"lazy\" src=\"https:\/\/www.europesays.com\/fr\/wp-content\/uploads\/2025\/07\/Nancy-Autumn-12-copyright-French-Moments.jpg\" data-width=\"729\" data-height=\"487\" style=\"aspect-ratio: auto 1200 \/ 803;\" data-css=\"tve-u-1837031fc27\" data-pagespeed-url-hash=\"3001094600\" onload=\"pagespeed.CriticalImages.checkImageForCriticality(this);\"  \/><\/p>\n<p class=\"thrv_wrapper thrv-inline-text wp-caption-text\">Fontaine de Neptune, Place Stanislas \u00a9 French Moments<\/p>\n<p><img decoding=\"async\" class=\"tve_image wp-image-23781\" alt=\"Fontaine de Neptune, Place Stanislas \u00a9 French Moments\" data-id=\"23781\" width=\"729\" data-init-width=\"1100\" height=\"485\" data-init-height=\"733\" title=\"Nancy-Autumn-13-copyright-French-Moments\" loading=\"lazy\" src=\"https:\/\/www.europesays.com\/fr\/wp-content\/uploads\/2025\/07\/Nancy-Autumn-13-copyright-French-Moments.jpg\" data-width=\"729\" data-height=\"485\" data-pagespeed-url-hash=\"633165275\" onload=\"pagespeed.CriticalImages.checkImageForCriticality(this);\" style=\"aspect-ratio: auto 1100 \/ 733;\"  \/><\/p>\n<p class=\"thrv_wrapper thrv-inline-text wp-caption-text\">Un petit ch\u00e9rubin \u00a9 French Moments<\/p>\n<p><img decoding=\"async\" class=\"tve_image wp-image-23779\" alt=\"Fontaine de Neptune, Place Stanislas \u00a9 French Moments\" data-id=\"23779\" width=\"729\" data-init-width=\"1200\" height=\"486\" data-init-height=\"800\" title=\"Nancy-Autumn-11-copyright-French-Moments\" loading=\"lazy\" src=\"https:\/\/www.europesays.com\/fr\/wp-content\/uploads\/2025\/07\/Nancy-Autumn-11-copyright-French-Moments.jpg\" data-width=\"729\" data-height=\"486\" data-pagespeed-url-hash=\"1074056629\" onload=\"pagespeed.CriticalImages.checkImageForCriticality(this);\" style=\"aspect-ratio: auto 1200 \/ 800;\"  \/><\/p>\n<p class=\"thrv_wrapper thrv-inline-text wp-caption-text\">Un petit ch\u00e9rubin sonneur de trompette \u00a9 French Moments<\/p>\n<p>La place de la Carri\u00e8re \u00e0 l&rsquo;automne<\/p>\n<p>Passons sous l&rsquo;<a href=\"https:\/\/mon-grand-est.fr\/arc-de-triomphe-here-nancy\/\" target=\"_blank\" rel=\"noopener\">arc de triomphe<\/a> (Porte H\u00e9r\u00e9) pour atteindre la <a href=\"https:\/\/mon-grand-est.fr\/place-de-la-carriere-nancy\/\" class=\"\" style=\"outline: none;\" target=\"_blank\" rel=\"noopener\">place de la Carri\u00e8re<\/a>.<\/p>\n<p><img decoding=\"async\" class=\"tve_image wp-image-23789\" alt=\"Nancy - Porte H\u00e9r\u00e9 \u00a9 French Moments\" data-id=\"23789\" width=\"729\" data-init-width=\"937\" height=\"1088\" data-init-height=\"1400\" title=\"Nancy-Autumn-21-copyright-French-Moments\" loading=\"lazy\" src=\"https:\/\/www.europesays.com\/fr\/wp-content\/uploads\/2025\/07\/Nancy-Autumn-21-copyright-French-Moments.jpg\" data-width=\"729\" data-height=\"1088\" data-pagespeed-url-hash=\"112960366\" onload=\"pagespeed.CriticalImages.checkImageForCriticality(this);\" style=\"aspect-ratio: auto 937 \/ 1400;\"  \/><\/p>\n<p class=\"thrv_wrapper thrv-inline-text wp-caption-text\">Sous la Porte H\u00e9r\u00e9 \u00a9 French Moments<\/p>\n<p>La belle perspective s&rsquo;ouvre sur le <a href=\"https:\/\/mon-grand-est.fr\/palais-du-gouvernement-nancy\/\" target=\"_blank\" rel=\"noopener\">Palais du Gouvernement<\/a>.<\/p>\n<p><img decoding=\"async\" class=\"tve_image wp-image-23788\" alt=\"Automne \u00e0 Nancy : la place de la Carri\u00e8re \u00a9 French Moments\" data-id=\"23788\" width=\"729\" data-init-width=\"1000\" height=\"486\" data-init-height=\"667\" title=\"Nancy-Autumn-20-copyright-French-Moments\" loading=\"lazy\" src=\"https:\/\/www.europesays.com\/fr\/wp-content\/uploads\/2025\/07\/Nancy-Autumn-20-copyright-French-Moments.jpg\" data-width=\"729\" data-height=\"486\" data-pagespeed-url-hash=\"2480889691\" onload=\"pagespeed.CriticalImages.checkImageForCriticality(this);\" style=\"aspect-ratio: auto 1000 \/ 667;\"  \/><\/p>\n<p class=\"thrv_wrapper thrv-inline-text wp-caption-text\">L&rsquo;automne \u00e0 Nancy : la place de la Carri\u00e8re \u00a9 French Moments<\/p>\n<p><img decoding=\"async\" class=\"tve_image wp-image-23787\" alt=\"Automne \u00e0 Nancy : la place de la Carri\u00e8re \u00a9 French Moments\" data-id=\"23787\" width=\"729\" data-init-width=\"1200\" height=\"487\" data-init-height=\"803\" title=\"Nancy-Autumn-19-copyright-French-Moments\" loading=\"lazy\" src=\"https:\/\/www.europesays.com\/fr\/wp-content\/uploads\/2025\/07\/Nancy-Autumn-19-copyright-French-Moments.jpg\" data-width=\"729\" data-height=\"487\" data-pagespeed-url-hash=\"3605458509\" onload=\"pagespeed.CriticalImages.checkImageForCriticality(this);\" style=\"aspect-ratio: auto 1200 \/ 803;\"  \/><\/p>\n<p class=\"thrv_wrapper thrv-inline-text wp-caption-text\">La place de la Carri\u00e8re \u00a9 French Moments<\/p>\n<p>C&rsquo;est un bel endroit pour se prendre en selfie !<\/p>\n<p><img decoding=\"async\" class=\"tve_image wp-image-23784\" alt=\"Automne \u00e0 Nancy : la place de la Carri\u00e8re \u00a9 French Moments\" data-id=\"23784\" width=\"729\" data-init-width=\"1000\" height=\"487\" data-init-height=\"669\" title=\"Nancy-Autumn-16-copyright-French-Moments\" loading=\"lazy\" src=\"https:\/\/www.europesays.com\/fr\/wp-content\/uploads\/2025\/07\/Nancy-Autumn-16-copyright-French-Moments.jpg\" data-width=\"729\" data-height=\"487\" style=\"aspect-ratio: auto 1000 \/ 669;\"  \/><\/p>\n<p class=\"thrv_wrapper thrv-inline-text wp-caption-text\">Automne \u00e0 Nancy : la place de la Carri\u00e8re \u00a9 French Moments<\/p>\n<p>La vue depuis le parvis du Palais du Gouvernement est toute aussi belle, malgr\u00e9 le contre-jour !<\/p>\n<p><img decoding=\"async\" class=\"tve_image wp-image-23785\" alt=\"Automne \u00e0 Nancy : la place de la Carri\u00e8re \u00a9 French Moments\" data-id=\"23785\" width=\"729\" data-init-width=\"1100\" height=\"487\" data-init-height=\"736\" title=\"Nancy-Autumn-17-copyright-French-Moments\" loading=\"lazy\" src=\"https:\/\/www.europesays.com\/fr\/wp-content\/uploads\/2025\/07\/Nancy-Autumn-17-copyright-French-Moments.jpg\" data-width=\"729\" data-height=\"487\" data-pagespeed-url-hash=\"4046349863\" onload=\"pagespeed.CriticalImages.checkImageForCriticality(this);\" style=\"aspect-ratio: auto 1100 \/ 736;\"  \/><\/p>\n<p class=\"thrv_wrapper thrv-inline-text wp-caption-text\">La vue depuis le Palais du Gouvernement \u00a9 French Moments<\/p>\n<p>On aper\u00e7oit l&rsquo;arc de triomphe (Porte H\u00e9r\u00e9) qui s\u00e9pare la place de la Carri\u00e8re de la place Stanislas. Au loin, \u00e0 gauche, appara\u00eet un des clochers de la cath\u00e9drale de Nancy.<\/p>\n<p><img decoding=\"async\" class=\"tve_image wp-image-23786 tcb-moved-image\" alt=\"Automne \u00e0 Nancy : la place de la Carri\u00e8re \u00a9 French Moments\" data-id=\"23786\" width=\"729\" data-init-width=\"1200\" height=\"486\" data-init-height=\"800\" title=\"Nancy-Autumn-18-copyright-French-Moments\" loading=\"lazy\" src=\"https:\/\/www.europesays.com\/fr\/wp-content\/uploads\/2025\/07\/Nancy-Autumn-18-copyright-French-Moments.jpg\" data-width=\"729\" data-height=\"486\" style=\"aspect-ratio: auto 1200 \/ 800;\" data-css=\"tve-u-183703fd7c2\" data-pagespeed-url-hash=\"1678420538\" onload=\"pagespeed.CriticalImages.checkImageForCriticality(this);\"  \/><\/p>\n<p class=\"thrv_wrapper thrv-inline-text wp-caption-text\">La place de la Carri\u00e8re et l&rsquo;arc de triomphe \u00a9 French Moments<\/p>\n<p>On s&rsquo;amuse \u00e0 prendre des clich\u00e9s insolites&#8230; voyez-vous la lanterne de la porte d&rsquo;or point\u00e9e exactement sur le fronton de la cath\u00e9drale ?<\/p>\n<p><img decoding=\"async\" class=\"tve_image wp-image-16992\" alt=\"Ann\u00e9e 2020 - Nancy \u00a9 French Moments\" data-id=\"16992\" width=\"729\" data-init-width=\"1200\" height=\"486\" data-init-height=\"800\" title=\"Nancy-Place-de-la-Carri\u00e8re-October-2020-01--LR-\u00a9-French-Moments\" loading=\"lazy\" src=\"https:\/\/www.europesays.com\/fr\/wp-content\/uploads\/2025\/07\/Nancy-Place-de-la-Carriere-October-2020-01-LR-\u00a9-French-Moments.jpg\" data-width=\"729\" data-height=\"486\" style=\"aspect-ratio: auto 1200 \/ 800;\"  \/><\/p>\n<p class=\"thrv_wrapper thrv-inline-text wp-caption-text\">Place de la Carri\u00e8re, Automne \u00e0 Nancy \u00a9 French Moments<\/p>\n<p>La place d&rsquo;Alliance \u00e0 l&rsquo;automne<\/p>\n<p>Avant de rejoindre la vieille-ville, petit crochet par la discr\u00e8te <a href=\"https:\/\/mon-grand-est.fr\/place-dalliance-nancy\/\" class=\"\" style=\"outline: none;\" target=\"_blank\" rel=\"noopener\">place d&rsquo;Alliance<\/a>, \u00e0 deux pas de la place Stanislas.<\/p>\n<p><img decoding=\"async\" class=\"tve_image wp-image-23771\" alt=\"Automne \u00e0 Nancy - Place d'Alliance en automne \u00a9 French Moments\" data-id=\"23771\" width=\"729\" data-init-width=\"1100\" height=\"487\" data-init-height=\"736\" title=\"Nancy-Autumn-03-copyright-French-Moments\" loading=\"lazy\" src=\"https:\/\/www.europesays.com\/fr\/wp-content\/uploads\/2025\/07\/Nancy-Autumn-03-copyright-French-Moments.jpg\" data-width=\"729\" data-height=\"487\" style=\"aspect-ratio: auto 1100 \/ 736;\"  \/><\/p>\n<p class=\"thrv_wrapper thrv-inline-text wp-caption-text\">La place d&rsquo;Alliance en automne \u00a9 French Moments<\/p>\n<p>En ville \u00e0 l&rsquo;automne<\/p>\n<p>La Grand-Rue qui s&rsquo;\u00e9tire le long de la <a href=\"https:\/\/mon-grand-est.fr\/vieille-ville-de-nancy\/\" class=\"\" style=\"outline: none;\" target=\"_blank\" rel=\"noopener\">vieille-ville de Nancy<\/a> (la Ville-Vieille) a autant d&rsquo;int\u00e9r\u00eat \u00e0 l&rsquo;automne qu&rsquo;\u00e0 n&rsquo;importe quelle autre saison de l&rsquo;ann\u00e9e&#8230; \u00c0 cet endroit, peu d\u2019arbres peuvent donner des couleurs flamboyantes au quartier.<\/p>\n<p><img decoding=\"async\" class=\"tve_image wp-image-23790\" alt=\"Automne \u00e0 Nancy - La Grande-Rue \u00a9 French Moments\" data-id=\"23790\" width=\"729\" data-init-width=\"1200\" height=\"487\" data-init-height=\"803\" title=\"Nancy-Autumn-22-copyright-French-Moments\" loading=\"lazy\" src=\"https:\/\/www.europesays.com\/fr\/wp-content\/uploads\/2025\/07\/Nancy-Autumn-22-copyright-French-Moments.jpg\" data-width=\"729\" data-height=\"487\" data-pagespeed-url-hash=\"2039998337\" onload=\"pagespeed.CriticalImages.checkImageForCriticality(this);\" style=\"aspect-ratio: auto 1200 \/ 803;\"  \/><\/p>\n<p class=\"thrv_wrapper thrv-inline-text wp-caption-text\">Automne \u00e0 Nancy &#8211; La Grande-Rue et la Porte de la Craffe \u00a9 French Moments<\/p>\n<p>L&rsquo;\u00e9poustouflant chevet gothique de la <a href=\"https:\/\/mon-grand-est.fr\/basilique-saint-epvre-de-nancy\/\" target=\"_blank\" rel=\"noopener\">basilique Saint-Epvre<\/a> m\u00e9rite le coup d&rsquo;\u0153il.<\/p>\n<p><img decoding=\"async\" class=\"tve_image wp-image-23801\" alt=\"Le chevet de la basilique Saint-Epvre \u00e0 Nancy \u00a9 French Moments\" data-id=\"23801\" width=\"729\" data-init-width=\"1000\" height=\"486\" data-init-height=\"667\" title=\"Nancy-Autumn-25-copyright-French-Moments\" loading=\"lazy\" src=\"https:\/\/www.europesays.com\/fr\/wp-content\/uploads\/2025\/07\/Nancy-Autumn-25-copyright-French-Moments.jpg\" data-width=\"729\" data-height=\"486\" data-pagespeed-url-hash=\"3526144954\" onload=\"pagespeed.CriticalImages.checkImageForCriticality(this);\" style=\"aspect-ratio: auto 1000 \/ 667;\"  \/><\/p>\n<p class=\"thrv_wrapper thrv-inline-text wp-caption-text\">Le chevet de la basilique Saint-Epvre \u00e0 Nancy \u00a9 French Moments<\/p>\n<p>Au nord de la vieille-ville, le Cours L\u00e9opold m\u00e8ne \u00e0 la Porte D\u00e9silles, r\u00e9cemment restaur\u00e9e.<\/p>\n<p><img decoding=\"async\" class=\"tve_image wp-image-23770\" alt=\"Nancy en automne - Porte D\u00e9silles \u00a9 French Moments\" data-id=\"23770\" width=\"729\" data-init-width=\"1200\" height=\"487\" data-init-height=\"803\" title=\"Nancy-Autumn-02-copyright-French-Moments\" loading=\"lazy\" src=\"https:\/\/www.europesays.com\/fr\/wp-content\/uploads\/2025\/07\/Nancy-Autumn-02-copyright-French-Moments.jpg\" data-width=\"729\" data-height=\"487\" data-pagespeed-url-hash=\"3962190863\" onload=\"pagespeed.CriticalImages.checkImageForCriticality(this);\" style=\"aspect-ratio: auto 1200 \/ 803;\"  \/><\/p>\n<p class=\"thrv_wrapper thrv-inline-text wp-caption-text\">La porte D\u00e9silles \u00e0 l&rsquo;automne \u00a9 French Moments<\/p>\n<p>Du c\u00f4t\u00e9 de la Ville-Neuve, les rares arbres de la place Charles III perdent leurs feuilles, annon\u00e7ant l&rsquo;installation prochaine du <a href=\"https:\/\/mon-grand-est.fr\/marche-de-saint-nicolas-a-nancy\/\" target=\"_blank\" rel=\"noopener\">march\u00e9 de la Saint-Nicolas<\/a> fin novembre.<\/p>\n<p><img decoding=\"async\" class=\"tve_image tcb-moved-image wp-image-17032\" alt=\"Nancy, Place Charles III \u00a9 French Moments\" data-id=\"17032\" width=\"729\" data-init-width=\"1200\" height=\"486\" data-init-height=\"800\" title=\"Nancy-Place-Charles-III-LR-\u00a9-French-Moments\" loading=\"lazy\" src=\"https:\/\/www.europesays.com\/fr\/wp-content\/uploads\/2025\/07\/Nancy-Place-Charles-III-LR-\u00a9-French-Moments.jpg\" data-width=\"729\" data-height=\"486\" style=\"aspect-ratio: auto 1200 \/ 800;\" data-css=\"tve-u-1836eaa33b7\"  \/><\/p>\n<p class=\"thrv_wrapper thrv-inline-text wp-caption-text\">Nancy, Place Charles III \u00a9 French Moments<\/p>\n<p>Le Parc de la P\u00e9pini\u00e8re \u00e0 l&rsquo;automne<\/p>\n<p>Poumon vert de la ville, le <a href=\"https:\/\/mon-grand-est.fr\/parc-de-la-pepiniere-nancy\/\" target=\"_blank\" rel=\"noopener\">parc de la P\u00e9pini\u00e8re<\/a> est l&rsquo;endroit r\u00eav\u00e9 pour prendre des clich\u00e9s de l&rsquo;automne \u00e0 Nancy.<\/p>\n<p><img decoding=\"async\" class=\"tve_image wp-image-8900\" alt=\"Parc de la P\u00e9pini\u00e8re \u00a9 French Moments\" data-id=\"8900\" width=\"729\" data-init-width=\"1200\" height=\"489\" data-init-height=\"805\" title=\"Parc de la P\u00e9pini\u00e8re 09 Nancy \u00a9 French Moments\" loading=\"lazy\" src=\"https:\/\/www.europesays.com\/fr\/wp-content\/uploads\/2025\/07\/Parc-de-la-P\u00e9pini\u00e8re-09-Nancy-\u00a9-French-Moments.jpg\" data-width=\"729\" data-height=\"489\" style=\"aspect-ratio: auto 1200 \/ 805;\"  \/><\/p>\n<p class=\"thrv_wrapper thrv-inline-text wp-caption-text\">All\u00e9e du Parc de la P\u00e9pini\u00e8re en automne \u00a9 French Moments<\/p>\n<p><img decoding=\"async\" class=\"tve_image wp-image-23769 tcb-moved-image\" alt=\"Parc de la P\u00e9pini\u00e8re, Automne \u00e0 Nancy \u00a9 French Moments\" data-id=\"23769\" width=\"729\" data-init-width=\"675\" height=\"971\" data-init-height=\"900\" title=\"Nancy-Autumn-01-copyright-French-Moments\" loading=\"lazy\" src=\"https:\/\/www.europesays.com\/fr\/wp-content\/uploads\/2025\/07\/Nancy-Autumn-01-copyright-French-Moments.jpg\" data-width=\"729\" data-height=\"971\" style=\"aspect-ratio: auto 675 \/ 900;\" data-css=\"tve-u-18370462fac\" data-pagespeed-url-hash=\"2035152892\" onload=\"pagespeed.CriticalImages.checkImageForCriticality(this);\"  \/><\/p>\n<p class=\"thrv_wrapper thrv-inline-text wp-caption-text\">Couleurs flamboyantes \u00e0 la P\u00e9p&rsquo; \u00a9 French Moments<\/p>\n<p>Un de mes spots pr\u00e9f\u00e9r\u00e9s est le fameux kiosque Mozart. Ce joli kiosque \u00e0 musique de la Belle Epoque est un vrai bijou. Ce sera ma derni\u00e8re photo :<\/p>\n<p><img decoding=\"async\" class=\"tve_image wp-image-23773\" alt=\"Parc de la P\u00e9pini\u00e8re, Automne \u00e0 Nancy \u00a9 French Moments\" data-id=\"23773\" width=\"729\" data-init-width=\"1000\" height=\"486\" data-init-height=\"667\" title=\"Nancy-Autumn-05-copyright-French-Moments\" loading=\"lazy\" src=\"https:\/\/www.europesays.com\/fr\/wp-content\/uploads\/2025\/07\/Nancy-Autumn-05-copyright-French-Moments.jpg\" data-width=\"729\" data-height=\"486\" style=\"aspect-ratio: auto 1000 \/ 667;\"  \/><\/p>\n<p class=\"thrv_wrapper thrv-inline-text wp-caption-text\">Le kiosque Mozart du Parc de la P\u00e9pini\u00e8re \u00a9 French Moments<\/p>\n<p>S\u00e9journez pendant l&rsquo;automne \u00e0 Nancy<\/p>\n<p>Vous recherchez un h\u00e9bergement pour un s\u00e9jour d&rsquo;automne \u00e0 Nancy ? <a href=\"https:\/\/www.booking.com\/searchresults.en.html?city=-1459837&amp;aid=2173343&amp;no_rooms=1&amp;group_adults=2\" class=\"\" style=\"outline: none;\" target=\"_blank\" rel=\"noopener\">Cliquez ici<\/a> pour une liste d&rsquo;\u00e9tablissements h\u00f4teliers ou naviguez sur la carte ci-dessous :<\/p>\n<p>Pour en savoir plus sur NancyCouleurs d&rsquo;automne \u00e0 Nancy sur Pinterest<\/p>\n<p>A \u00e9pingler sur Pinterest pour ne pas oublier les couleurs d&rsquo;automne \u00e0 Nancy !<\/p>\n<p><img decoding=\"async\" class=\"tve_image tcb-moved-image wp-image-23811\" alt=\"Automne \u00e0 Nancy Pinterest \u00a9 French Moments\" data-id=\"23811\" width=\"500\" data-init-width=\"1000\" height=\"1050\" data-init-height=\"2100\" title=\"Automne Nancy Pinterest copyright French Moments\" loading=\"lazy\" src=\"https:\/\/www.europesays.com\/fr\/wp-content\/uploads\/2025\/07\/Automne-Nancy-Pinterest-copyright-French-Moments.jpg\" data-width=\"500\" data-height=\"1050\" style=\"aspect-ratio: auto 1000 \/ 2100;\" data-css=\"tve-u-18364d22e2d\" data-pagespeed-url-hash=\"1397636966\" onload=\"pagespeed.CriticalImages.checkImageForCriticality(this);\"  \/><\/p>\n<p>Cet article fait partie du rendez-vous interblogueurs #EnFranceAussi, une belle initiative de\u00a0Sylvie du blog\u00a0<a href=\"http:\/\/www.lecoindesvoyageurs.fr\/\" target=\"_blank\" class=\"\" style=\"outline: none;\" rel=\"noopener\">Le coin des Voyageurs<\/a>. Ce mois-ci, le th\u00e8me choisi par Chacha du blog <a href=\"https:\/\/www.latribudechacha.com\" target=\"_blank\" class=\"\" style=\"outline: none;\" rel=\"noopener\">La Tribu de Chacha<\/a> est \u00ab\u00a0couleurs d&rsquo;automne\u00a0\u00bb. D\u00e9couvrez les articles de ma participation \u00e0 l&rsquo;\u00e9v\u00e9nement <a href=\"https:\/\/mon-grand-est.fr\/category\/en-france-aussi\/\" class=\"\" style=\"outline: none;\" target=\"_blank\" rel=\"noopener\">en cliquant sur le lien ici\u00a0<\/a>!<\/p>\n","protected":false},"excerpt":{"rendered":"L&rsquo;automne en France marque la fin de la longue pause estivale et le d\u00e9but d&rsquo;une saison de transition&hellip;\n","protected":false},"author":2,"featured_media":271523,"comment_status":"","ping_status":"","sticky":false,"template":"","format":"standard","meta":{"footnotes":""},"categories":[9635],"tags":[1111,11,41116,1777,674,1011,27,775,776,3457,1702,41117,12,25],"class_list":{"0":"post-271522","1":"post","2":"type-post","3":"status-publish","4":"format-standard","5":"has-post-thumbnail","7":"category-nancy","8":"tag-actu","9":"tag-actualites","10":"tag-automne-a-nancy","11":"tag-eu","12":"tag-europe","13":"tag-fr","14":"tag-france","15":"tag-grand-est","16":"tag-lorraine","17":"tag-meurthe-et-moselle","18":"tag-nancy","19":"tag-nancy-en-automne","20":"tag-news","21":"tag-republique-francaise"},"share_on_mastodon":{"url":"https:\/\/pubeurope.com\/@fr\/114910743266855708","error":""},"_links":{"self":[{"href":"https:\/\/www.europesays.com\/fr\/wp-json\/wp\/v2\/posts\/271522","targetHints":{"allow":["GET"]}}],"collection":[{"href":"https:\/\/www.europesays.com\/fr\/wp-json\/wp\/v2\/posts"}],"about":[{"href":"https:\/\/www.europesays.com\/fr\/wp-json\/wp\/v2\/types\/post"}],"author":[{"embeddable":true,"href":"https:\/\/www.europesays.com\/fr\/wp-json\/wp\/v2\/users\/2"}],"replies":[{"embeddable":true,"href":"https:\/\/www.europesays.com\/fr\/wp-json\/wp\/v2\/comments?post=271522"}],"version-history":[{"count":0,"href":"https:\/\/www.europesays.com\/fr\/wp-json\/wp\/v2\/posts\/271522\/revisions"}],"wp:featuredmedia":[{"embeddable":true,"href":"https:\/\/www.europesays.com\/fr\/wp-json\/wp\/v2\/media\/271523"}],"wp:attachment":[{"href":"https:\/\/www.europesays.com\/fr\/wp-json\/wp\/v2\/media?parent=271522"}],"wp:term":[{"taxonomy":"category","embeddable":true,"href":"https:\/\/www.europesays.com\/fr\/wp-json\/wp\/v2\/categories?post=271522"},{"taxonomy":"post_tag","embeddable":true,"href":"https:\/\/www.europesays.com\/fr\/wp-json\/wp\/v2\/tags?post=271522"}],"curies":[{"name":"wp","href":"https:\/\/api.w.org\/{rel}","templated":true}]}}