{"id":271524,"date":"2025-07-24T23:12:14","date_gmt":"2025-07-24T23:12:14","guid":{"rendered":"https:\/\/www.europesays.com\/fr\/271524\/"},"modified":"2025-07-24T23:12:14","modified_gmt":"2025-07-24T23:12:14","slug":"mama-shelter-y-pose-ses-valises","status":"publish","type":"post","link":"https:\/\/www.europesays.com\/fr\/271524\/","title":{"rendered":"Mama Shelter y pose ses valises"},"content":{"rendered":"\n<p>C\u2019\u00e9tait la d\u00e9lib\u00e9ration la plus attendue de ce dernier conseil municipal avant la pause estivale\u00a0: le d\u00e9classement par anticipation du domaine public des immeubles de l\u2019ancien \u00e9v\u00each\u00e9 (o\u00f9 se tient actuellement la Design Parade) et des locaux de Castel-Chabre \u00e0 Var Am\u00e9nagement d\u00e9veloppement, pour 2,5\u00a0millions d\u2019euros. L\u2019op\u00e9rateur r\u00e9alisera des travaux \u00e0 hauteur de 13\u00a0millions d\u2019euros<\/p>\n<p>Le groupe Mama Shelter prendra possession des lieux pour y installer un h\u00f4tel, un restaurant, et un commerce d\u2019ameublement d\u2019une surface de 420m\u00b2.<\/p>\n<p>Le RN, qui s\u2019est abstenu, a exprim\u00e9, par la voix d\u2019Amaury Navaranne, \u00ab\u00a0un regret. Aucun autre document que le prix fix\u00e9 n\u2019a \u00e9t\u00e9 donn\u00e9.\u00a0\u00bb Et d\u00e9nonc\u00e9&#8230; le vol du b\u00e2timent \u00ab\u00a0\u00e0 l\u2019\u00c9glise catholique pendant la R\u00e9volution.\u00a0\u00bb Au centre, C\u00e9cile Muschotti (UCE), qui s\u2019est \u00e9galement abstenue, pointe l\u2019absence de consultation\u00a0: \u00ab\u00a0Pourquoi changer ce lieu culturel en un h\u00f4tel qui aurait pu voir le jour ailleurs\u00a0? Personne n\u2019est en capacit\u00e9 d\u2019estimer le pourcentage de Toulonnais qui seraient pour.\u00a0\u00bb Ce sont ensuite les \u00e9lus de Toulon en Commun, oppos\u00e9s au projet, qui ont pris la parole. \u00ab\u00a0Monsieur Falco, en 2020, avait pr\u00e9cis\u00e9 que l\u2019\u00e9v\u00each\u00e9 resterait lieu de culture\u00a0! Vous \u00eates redevable de cet engagement\u00a0\u00bb, a clam\u00e9 Magali Brunel. Cette derni\u00e8re a \u00e9voqu\u00e9 l\u2019attachement des Toulonnais \u00e0 ce lieu, \u00ab\u00a0qui a abrit\u00e9 une maison des jeunes et de la culture avant la Design Parade. L\u2019\u00e9v\u00each\u00e9 et Castel-Chabre sont embl\u00e9matiques de la vie toulonnaise autour du march\u00e9 Lafayette. Des lieux de mixit\u00e9 sociale qui forment une opportunit\u00e9 de cr\u00e9ation d\u2019un p\u00f4le de rencontre interculturel [&#8230;], un poumon d\u2019animation et de culture qui manque dans l\u2019hyper-centre, qui renforcerait l\u2019activit\u00e9 commerciale. Brader son patrimoine aux plus offrants, est-ce raisonnable\u00a0?\u00a0\u00bb Et d\u2019interroger la n\u00e9cessit\u00e9 d\u2019un nouvel h\u00f4tel \u00e0 Toulon, \u00ab\u00a0la majeure partie n\u2019abritant que des clients en transit.\u00a0\u00bb<\/p>\n<p>La majorit\u00e9 se d\u00e9fend sur la culture et l\u2019\u00e9conomie<\/p>\n<p>\u00c0 ces arguments, la majorit\u00e9 a oppos\u00e9, par le biais de Christophe Moreno, adjoint \u00e0 la Dynamisation commerciale, le fait que parmi les trois offres de reprise, celle-ci \u00e9tait \u00ab\u00a0la plus hybride. M.\u00a0Trigano [PDG de Mama Shelter, Ndlr] est h\u00f4telier depuis 50\u00a0ans. Pensez-vous qu\u2019il ne s\u2019est pas pos\u00e9 la question de l\u2019occupation\u00a0?\u00a0\u00bb<\/p>\n<p>\u00ab\u00a0Ce qui est important est l\u2019activit\u00e9 \u00e9conomique. Mama Shelter va cr\u00e9er des emplois. Toulon ne renonce ni \u00e0 la culture, ni \u00e0 ses ambitions : la Ville a augment\u00e9 de 766\u00a0000\u00a0euros en 2024 \u00e0 plus d\u2019un million cette ann\u00e9e, quand des collectivit\u00e9s ont baiss\u00e9 voire supprimer les subventions, y compris \u00e0 gauche. On a mis d\u2019autres lieux \u00e0 disposition des associations. La Design Parade sera accueillie ailleurs, on a propos\u00e9 la Porte d\u2019Italie. Compte tenu du contexte \u00e9conomique, il va falloir faire de plus en plus appel au priv\u00e9\u00a0\u00bb, a compl\u00e9t\u00e9 la maire, Jos\u00e9e Massi.<\/p>\n<p>La d\u00e9lib\u00e9ration a \u00e9t\u00e9 adopt\u00e9e. En vertu du code g\u00e9n\u00e9ral de la propri\u00e9t\u00e9, la municipalit\u00e9 maintiendra l\u2019activit\u00e9 en cours pendant trois ans, jusqu\u2019\u00e0 la cession.<\/p>\n","protected":false},"excerpt":{"rendered":"C\u2019\u00e9tait la d\u00e9lib\u00e9ration la plus attendue de ce dernier conseil municipal avant la pause estivale\u00a0: le d\u00e9classement par&hellip;\n","protected":false},"author":2,"featured_media":271525,"comment_status":"","ping_status":"","sticky":false,"template":"","format":"standard","meta":{"footnotes":""},"categories":[9619],"tags":[1111,11,12125,1777,674,1011,27,12,882,25,2310],"class_list":{"0":"post-271524","1":"post","2":"type-post","3":"status-publish","4":"format-standard","5":"has-post-thumbnail","7":"category-toulon","8":"tag-actu","9":"tag-actualites","10":"tag-adam-benhammouda","11":"tag-eu","12":"tag-europe","13":"tag-fr","14":"tag-france","15":"tag-news","16":"tag-provence-alpes-cote-dazur","17":"tag-republique-francaise","18":"tag-toulon"},"share_on_mastodon":{"url":"https:\/\/pubeurope.com\/@fr\/114910746590408115","error":""},"_links":{"self":[{"href":"https:\/\/www.europesays.com\/fr\/wp-json\/wp\/v2\/posts\/271524","targetHints":{"allow":["GET"]}}],"collection":[{"href":"https:\/\/www.europesays.com\/fr\/wp-json\/wp\/v2\/posts"}],"about":[{"href":"https:\/\/www.europesays.com\/fr\/wp-json\/wp\/v2\/types\/post"}],"author":[{"embeddable":true,"href":"https:\/\/www.europesays.com\/fr\/wp-json\/wp\/v2\/users\/2"}],"replies":[{"embeddable":true,"href":"https:\/\/www.europesays.com\/fr\/wp-json\/wp\/v2\/comments?post=271524"}],"version-history":[{"count":0,"href":"https:\/\/www.europesays.com\/fr\/wp-json\/wp\/v2\/posts\/271524\/revisions"}],"wp:featuredmedia":[{"embeddable":true,"href":"https:\/\/www.europesays.com\/fr\/wp-json\/wp\/v2\/media\/271525"}],"wp:attachment":[{"href":"https:\/\/www.europesays.com\/fr\/wp-json\/wp\/v2\/media?parent=271524"}],"wp:term":[{"taxonomy":"category","embeddable":true,"href":"https:\/\/www.europesays.com\/fr\/wp-json\/wp\/v2\/categories?post=271524"},{"taxonomy":"post_tag","embeddable":true,"href":"https:\/\/www.europesays.com\/fr\/wp-json\/wp\/v2\/tags?post=271524"}],"curies":[{"name":"wp","href":"https:\/\/api.w.org\/{rel}","templated":true}]}}