{"id":271526,"date":"2025-07-24T23:13:11","date_gmt":"2025-07-24T23:13:11","guid":{"rendered":"https:\/\/www.europesays.com\/fr\/271526\/"},"modified":"2025-07-24T23:13:11","modified_gmt":"2025-07-24T23:13:11","slug":"le-plan-ambitieux-de-la-municipalite-dici-2030","status":"publish","type":"post","link":"https:\/\/www.europesays.com\/fr\/271526\/","title":{"rendered":"le plan ambitieux de la municipalit\u00e9 d\u2019ici 2030"},"content":{"rendered":"\n<p>Autre sujet pr\u00e9gnant de ce conseil, la Convention d\u2019op\u00e9ration programm\u00e9e d\u2019am\u00e9lioration de l\u2019habitat de renouvellement urbain (OPAH-RU) pour 2025-2030, dans la continuit\u00e9 de la d\u00e9marche engag\u00e9e en 2002 (qui a permis de r\u00e9nover 3\u00a0545\u00a0logements et 545\u00a0immeubles pour plus de 147\u00a0millions d\u2019euros). Ont \u00e9t\u00e9 identifi\u00e9s plus de 1\u00a0000\u00a0immeubles vacants, \u00e9nergivores ou d\u00e9grad\u00e9s, notamment secteur Courdouan.<\/p>\n<p>\u00ab\u00a0Le diagnostic est bien pos\u00e9. Sur les p\u00e9rim\u00e8tres concern\u00e9s, le bilan est d\u00e9sastreux, indigne du c\u0153ur historique d\u2019une grande ville et r\u00e9v\u00e8le un abandon de la puissance publique depuis trop longtemps\u00a0\u00bb, a d\u00e9nonc\u00e9 Magali Brunel, r\u00e9clamant \u00ab\u00a0la consultation des habitants et une forte pr\u00e9sence des services publics de proximit\u00e9.\u00a0\u00bb \u00ab\u00a0Nous avons recueilli les volont\u00e9s et interrogations des personnes du quartier\u00a0\u00bb, a r\u00e9pliqu\u00e9 Mohamed Mahali, adjoint au Logement, avant que la d\u00e9lib\u00e9ration ne soit adopt\u00e9e.<\/p>\n<p>A \u00e9galement \u00e9t\u00e9 vot\u00e9e une subvention de 900\u00a0000\u00a0euros pour la cr\u00e9ation de 180\u00a0logements \u00e9tudiants sociaux dans le quartier de la Rode, et une autre de 240\u00a0000\u00a0euros pour la cr\u00e9ation de 12\u00a0logements sociaux avenue Colonel-Picot, deux projets qui vont permettre d\u2019approcher les exigences de la loi SRU, qui impose 20 \u00e0 25%, selon les cas, de logements sociaux dans les villes.<\/p>\n<p> Ad.B\n              <\/p>\n","protected":false},"excerpt":{"rendered":"Autre sujet pr\u00e9gnant de ce conseil, la Convention d\u2019op\u00e9ration programm\u00e9e d\u2019am\u00e9lioration de l\u2019habitat de renouvellement urbain (OPAH-RU) pour&hellip;\n","protected":false},"author":2,"featured_media":271527,"comment_status":"","ping_status":"","sticky":false,"template":"","format":"standard","meta":{"footnotes":""},"categories":[9619],"tags":[1111,11,12125,1777,674,1011,27,12,882,25,2310],"class_list":{"0":"post-271526","1":"post","2":"type-post","3":"status-publish","4":"format-standard","5":"has-post-thumbnail","7":"category-toulon","8":"tag-actu","9":"tag-actualites","10":"tag-adam-benhammouda","11":"tag-eu","12":"tag-europe","13":"tag-fr","14":"tag-france","15":"tag-news","16":"tag-provence-alpes-cote-dazur","17":"tag-republique-francaise","18":"tag-toulon"},"share_on_mastodon":{"url":"https:\/\/pubeurope.com\/@fr\/114910750570798532","error":""},"_links":{"self":[{"href":"https:\/\/www.europesays.com\/fr\/wp-json\/wp\/v2\/posts\/271526","targetHints":{"allow":["GET"]}}],"collection":[{"href":"https:\/\/www.europesays.com\/fr\/wp-json\/wp\/v2\/posts"}],"about":[{"href":"https:\/\/www.europesays.com\/fr\/wp-json\/wp\/v2\/types\/post"}],"author":[{"embeddable":true,"href":"https:\/\/www.europesays.com\/fr\/wp-json\/wp\/v2\/users\/2"}],"replies":[{"embeddable":true,"href":"https:\/\/www.europesays.com\/fr\/wp-json\/wp\/v2\/comments?post=271526"}],"version-history":[{"count":0,"href":"https:\/\/www.europesays.com\/fr\/wp-json\/wp\/v2\/posts\/271526\/revisions"}],"wp:featuredmedia":[{"embeddable":true,"href":"https:\/\/www.europesays.com\/fr\/wp-json\/wp\/v2\/media\/271527"}],"wp:attachment":[{"href":"https:\/\/www.europesays.com\/fr\/wp-json\/wp\/v2\/media?parent=271526"}],"wp:term":[{"taxonomy":"category","embeddable":true,"href":"https:\/\/www.europesays.com\/fr\/wp-json\/wp\/v2\/categories?post=271526"},{"taxonomy":"post_tag","embeddable":true,"href":"https:\/\/www.europesays.com\/fr\/wp-json\/wp\/v2\/tags?post=271526"}],"curies":[{"name":"wp","href":"https:\/\/api.w.org\/{rel}","templated":true}]}}