{"id":271528,"date":"2025-07-24T23:14:11","date_gmt":"2025-07-24T23:14:11","guid":{"rendered":"https:\/\/www.europesays.com\/fr\/271528\/"},"modified":"2025-07-24T23:14:11","modified_gmt":"2025-07-24T23:14:11","slug":"previsions-du-vendredi-25-juillet-2025","status":"publish","type":"post","link":"https:\/\/www.europesays.com\/fr\/271528\/","title":{"rendered":"pr\u00e9visions du vendredi 25 juillet 2025"},"content":{"rendered":"<p>\u00c0 Montpellier les valeurs seront comprises entre 17 et 26\u00b0C aujourd&rsquo;hui. Un l\u00e9ger vent de nord-ouest soufflera. Un splendide soleil va briller et ce, tout au long de la matin\u00e9e. Les temp\u00e9ratures avoisineront les 23\u00b0C. Le soleil se montrerait plus t\u00f4t dans l&rsquo;apr\u00e8s-midi si des nuages ne retardaient pas sa venue. Des orages de faible intensit\u00e9 gagneront la ville. Les temp\u00e9ratures s&rsquo;\u00e9chelonneront entre 24 et 26\u00b0C. Il va faire 23\u00b0C en moyenne le soir. Un ciel d\u00e9pourvu de nuages est \u00e0 pr\u00e9voir dans la nuit reliant vendredi et samedi.<\/p>\n<p>La m\u00e9t\u00e9o va se r\u00e9chauffer demain \u00e0 Montpellier avec une augmentation de quelques degr\u00e9s. L&rsquo;\u00e9pisode de fortes chaleurs est bien l\u00e0, avec des valeurs qui pourront monter jusqu&rsquo;\u00e0 31\u00b0C. Les temp\u00e9ratures afficheront entre 19 et 31\u00b0C. Un vent de nord-ouest, enregistrant 22 km\/h, soufflera. Cette matin\u00e9e sera synonyme de beau soleil. On pr\u00e9voit des valeurs d&rsquo;environ 26\u00b0C. Le ciel sera assez lumineux, avec quelques \u00e9claircies demain apr\u00e8s-midi. Un temps plus chaud est attendu \u00e9tant donn\u00e9 que les temp\u00e9ratures vont conna\u00eetre une l\u00e9g\u00e8re hausse. La ville va subir une vague d&rsquo;importantes chaleurs avec des temp\u00e9ratures qui atteindront parfois les 31\u00b0C. Demain soir, le thermom\u00e8tre affichera 26\u00b0C en moyenne.<\/p>\n<p>Pour les jours qui suivent, la m\u00e9t\u00e9o ne changera pas. Il fera 29\u00b0C en moyenne pour des journ\u00e9es avec une m\u00e9t\u00e9o ensoleill\u00e9e.<\/p>\n<p><\/p>\n","protected":false},"excerpt":{"rendered":"\u00c0 Montpellier les valeurs seront comprises entre 17 et 26\u00b0C aujourd&rsquo;hui. Un l\u00e9ger vent de nord-ouest soufflera. Un&hellip;\n","protected":false},"author":2,"featured_media":271529,"comment_status":"","ping_status":"","sticky":false,"template":"","format":"standard","meta":{"footnotes":""},"categories":[9599],"tags":[1111,11,1777,674,1011,27,7089,2681,2208,12,2680,2119,25],"class_list":{"0":"post-271528","1":"post","2":"type-post","3":"status-publish","4":"format-standard","5":"has-post-thumbnail","7":"category-montpellier","8":"tag-actu","9":"tag-actualites","10":"tag-eu","11":"tag-europe","12":"tag-fr","13":"tag-france","14":"tag-herault","15":"tag-languedoc-roussillon","16":"tag-montpellier","17":"tag-news","18":"tag-occitanie","19":"tag-previsions-meteo","20":"tag-republique-francaise"},"share_on_mastodon":{"url":"https:\/\/pubeurope.com\/@fr\/114910754488268293","error":""},"_links":{"self":[{"href":"https:\/\/www.europesays.com\/fr\/wp-json\/wp\/v2\/posts\/271528","targetHints":{"allow":["GET"]}}],"collection":[{"href":"https:\/\/www.europesays.com\/fr\/wp-json\/wp\/v2\/posts"}],"about":[{"href":"https:\/\/www.europesays.com\/fr\/wp-json\/wp\/v2\/types\/post"}],"author":[{"embeddable":true,"href":"https:\/\/www.europesays.com\/fr\/wp-json\/wp\/v2\/users\/2"}],"replies":[{"embeddable":true,"href":"https:\/\/www.europesays.com\/fr\/wp-json\/wp\/v2\/comments?post=271528"}],"version-history":[{"count":0,"href":"https:\/\/www.europesays.com\/fr\/wp-json\/wp\/v2\/posts\/271528\/revisions"}],"wp:featuredmedia":[{"embeddable":true,"href":"https:\/\/www.europesays.com\/fr\/wp-json\/wp\/v2\/media\/271529"}],"wp:attachment":[{"href":"https:\/\/www.europesays.com\/fr\/wp-json\/wp\/v2\/media?parent=271528"}],"wp:term":[{"taxonomy":"category","embeddable":true,"href":"https:\/\/www.europesays.com\/fr\/wp-json\/wp\/v2\/categories?post=271528"},{"taxonomy":"post_tag","embeddable":true,"href":"https:\/\/www.europesays.com\/fr\/wp-json\/wp\/v2\/tags?post=271528"}],"curies":[{"name":"wp","href":"https:\/\/api.w.org\/{rel}","templated":true}]}}