{"id":271534,"date":"2025-07-24T23:21:28","date_gmt":"2025-07-24T23:21:28","guid":{"rendered":"https:\/\/www.europesays.com\/fr\/271534\/"},"modified":"2025-07-24T23:21:28","modified_gmt":"2025-07-24T23:21:28","slug":"dernier-budget-participatif-de-lere-piolle-la-mascarade-a-18-millions-deuros","status":"publish","type":"post","link":"https:\/\/www.europesays.com\/fr\/271534\/","title":{"rendered":"DERNIER BUDGET PARTICIPATIF DE L&rsquo;\u00c8RE PIOLLE, LA MASCARADE \u00c0 1,8 MILLIONS D&rsquo;EUROS"},"content":{"rendered":"<p>Posted On 24 juillet 2025 <\/p>\n<p style=\"text-align: justify;\">La propagande municipale tourne \u00e0 plein r\u00e9gime : les r\u00e9sultats du budget participatif 2025 sont tomb\u00e9s, et le syst\u00e8me Piolle crie comme d&rsquo;habitude au succ\u00e8s. Derri\u00e8re la communication agressive se cache pourtant la m\u00eame r\u00e9alit\u00e9 : un gadget co\u00fbteux, d\u00e9connect\u00e9 des vrais besoins des Grenoblois.<\/p>\n<p><b>UNE \u00ab MOBILISATION EXCEPTIONNELLE \u00bb&#8230; DE 7,57% DES \u00c9LECTEURS<\/b><\/p>\n<p style=\"text-align: justify;\">La municipalit\u00e9 se gargarise ainsi cette ann\u00e9e d\u2019une \u00ab mobilisation exceptionnelle \u00bb&#8230; avec 6 290 votants. Une analyse bien optimiste, que<a target=\"_blank\" href=\"https:\/\/www.placegrenet.fr\/2025\/07\/22\/budget-participatif-2025-de-la-ville-de-grenoble-13-projets-selectionnes-et-une-mobilisation-exceptionnelle-a-relativiser\/656522\" rel=\"noopener\"> le m\u00e9dia Place Gre&rsquo;net<\/a> appelle \u00e0 \u00ab\u00a0relativiser\u00a0\u00bb en ramenant ce triomphe \u00e0 sa juste valeur :\u00a0ce chiffre ne repr\u00e9sente que 7,57% des \u00e9lecteurs inscrits \u00e0 Grenoble. Et consid\u00e9rant que les mineurs de plus de 16 ans peuvent aussi voter au budget participatif, on serait donc plut\u00f4t sur du 5% de participation. Loin du raz-de-mar\u00e9e citoyen.<\/p>\n<p><a href=\"https:\/\/i2.wp.com\/grenoble-le-changement.fr\/wp-content\/uploads\/2025\/07\/laureat-budget-participatif-2025.jpg?ssl=1\" rel=\"lightbox[83496] noopener\" target=\"_blank\"><img loading=\"lazy\" decoding=\"async\" class=\" wp-image-83511 jetpack-lazy-image\" src=\"https:\/\/i2.wp.com\/grenoble-le-changement.fr\/wp-content\/uploads\/2025\/07\/laureat-budget-participatif-2025.jpg?resize=659%2C494&amp;ssl=1\" alt=\"\" width=\"659\" height=\"494\" data-recalc-dims=\"1\" data-lazy-src=\"https:\/\/www.europesays.com\/fr\/wp-content\/uploads\/2025\/07\/laureat-budget-participatif-2025.jpg\" \/><\/a>C\u00e9r\u00e9monie d&rsquo;annonce des laur\u00e9ats du budget participatif 2025 (photo Facebook ville de Grenoble) : grande affluence populaire..<br \/>\n<b>LA COMM&rsquo; AGRESSIVE POUR GONFLER LA PARTICIPATION<\/b><\/p>\n<p style=\"text-align: justify;\">Pour atteindre ce r\u00e9sultat finalement d\u00e9risoire, la majorit\u00e9 a d\u00fb d\u00e9ployer les grands moyens. Les agents municipaux ont \u00e9t\u00e9 mobilis\u00e9s pour traquer les votants sur les march\u00e9s, dans les parcs, lors de f\u00eates de quartier comme \u00e0 Mistral ou lors d&rsquo;\u00e9v\u00e9nements comme le festival du Cabaret Frapp\u00e9 ou la f\u00eate du 14 juillet.  Une d\u00e9bauche d&rsquo;\u00e9nergie et de moyens qui a tout de la tentative d\u00e9sesp\u00e9r\u00e9e de cr\u00e9er l&rsquo;engouement populaire que n&rsquo;a jamais connu le budget participatif.\u00a0<\/p>\n<p><b>UN GADGET QUI N&rsquo;A JAMAIS TROUV\u00c9 SON PUBLIC<\/b><\/p>\n<p style=\"text-align: justify;\">Car le constat apr\u00e8s deux mandats est sans appel : le budget participatif n\u2019a jamais r\u00e9ussi \u00e0 s\u2019\u00e9largir. Les taux de participation stagnent depuis des ann\u00e9es, <a href=\"https:\/\/grenoble-le-changement.fr\/2025\/06\/17\/budgets-participatifs-un-succes-de-piolle-avec-3-des-grenoblois\/\" target=\"_blank\" rel=\"noopener\">oscillant p\u00e9niblement autour de 3% \u00e0 5%<\/a> des \u00e9lecteurs \u00e9ligibles. L\u2019\u00e9dition 2025, pr\u00e9sent\u00e9e comme un grand cru, ne fait que confirmer cette tendance de fond : le dispositif reste un entre-soi qui n\u2019a jamais su convaincre la grande majorit\u00e9 des Grenoblois, notamment dans les quartiers populaires.<\/p>\n<p><a href=\"https:\/\/i1.wp.com\/grenoble-le-changement.fr\/wp-content\/uploads\/2024\/12\/budget-parti.png?ssl=1\" rel=\"lightbox[83496] noopener\" target=\"_blank\"><img loading=\"lazy\" decoding=\"async\" class=\" wp-image-78642 jetpack-lazy-image\" src=\"https:\/\/i1.wp.com\/grenoble-le-changement.fr\/wp-content\/uploads\/2024\/12\/budget-parti.png?resize=460%2C548&amp;ssl=1\" alt=\"\" width=\"460\" height=\"548\" data-recalc-dims=\"1\" data-lazy-src=\"https:\/\/www.europesays.com\/fr\/wp-content\/uploads\/2025\/07\/budget-parti.png\" \/><\/a>Les quartiers p\u00e9riph\u00e9riques et populaires sont marginaux dans la liste des projets d\u00e9pos\u00e9s au budget participatif<br \/>\n<b>LA CHASSE GARD\u00c9E D&rsquo;UN \u00c9LECTORAT PROCHE DE LA MUNICIPALIT\u00c9<\/b><\/p>\n<p style=\"text-align: justify;\">Qui participe r\u00e9ellement ? <a href=\"https:\/\/grenoble-le-changement.fr\/2024\/12\/18\/budget-participatif-a-grenoble-lechec-de-la-fausse-democratie-citoyenne\/\" target=\"_blank\" rel=\"noopener\">Un rapport interne au service \u00ab\u00a0participation et vie associative\u00a0\u00bb de la Ville le confirmait d\u00e9j\u00e0 l&rsquo;an dernier<\/a> : le votant type est issu de milieux favoris\u00e9s, \u00e0 fort capital social, et r\u00e9side principalement dans les quartiers centraux. La carte des projets d\u00e9pos\u00e9s est sans \u00e9quivoque : le centre-ville et le secteur Berriat, bastions de l&rsquo;\u00e9lectorat \u00ab\u00a0bobo\u00a0\u00bb, sont surrepr\u00e9sent\u00e9s.  Cet outil n\u2019est donc pas celui de tous les Grenoblois, mais un instrument con\u00e7u pour et par les sympathisants de la majorit\u00e9.<\/p>\n<p><b>L&rsquo;ENTRE-SOI DES PROCHES DU POUVOIR<\/b><\/p>\n<p style=\"text-align: justify;\">Cette \u00e9dition 2025 ne d\u00e9roge pas \u00e0 cette forme de consanguinit\u00e9. <a target=\"_blank\" href=\"https:\/\/grenoble.metropoleparticipative.fr\/participation\/43423\/43424-participation.htm?access=1&amp;tab=43866&amp;mode=list\" rel=\"noopener\">Parmi les porteurs de projets<\/a>, on retrouve par exemple Alternatiba, v\u00e9ritable officine relais des Verts, qui a propos\u00e9 des frigos solidaires. Plus direct encore, le projet de \u00ab\u00a0m\u00e9diath\u00e8que tiers-lieu d\u00e9di\u00e9e \u00e0 la transition \u00e9cologique\u00a0\u00bb \u00e9tait port\u00e9 par un certain Ren\u00e9 De C\u00e9gli\u00e9, qui n&rsquo;est autre qu&rsquo;un ancien conseiller municipal d\u00e9l\u00e9gu\u00e9 d&rsquo;Eric Piolle durant le mandat 2014-2020.\u00a0<\/p>\n<p><b>1,8 MILLIONS D&rsquo;EUROS POUR SOIGNER LA CLIENT\u00c8LE<\/b><\/p>\n<p style=\"text-align: justify;\">\u00c0 l&rsquo;approche des \u00e9lections municipales de 2026, la municipalit\u00e9 sort le carnet de ch\u00e8ques. L&rsquo;enveloppe allou\u00e9e aux projets a \u00e9t\u00e9 doubl\u00e9e pour atteindre d\u00e9sormais 1,8 million d&rsquo;euros. Un montant exorbitant pour financer ce qui s&rsquo;apparente \u00e0 des micros gadgets, mais une somme strat\u00e9gique<a href=\"https:\/\/grenoble-le-changement.fr\/2025\/02\/10\/budget-participatif-les-proches-des-verts-lfi-monopolisent-le-dispositif\/\" target=\"_blank\" rel=\"noopener\"> pour arroser une client\u00e8le \u00e9lectorale<\/a> et gonfler la communication \u00e0 l&rsquo;approche de l&rsquo;\u00e9ch\u00e9ance. On d\u00e9pense sans compter pour satisfaire les siens au d\u00e9triment d&rsquo;autres besoins.<\/p>\n<p><b>LES M\u00caMES \u00c9CHECS, LES M\u00caMES GADGETS<\/b><\/p>\n<p style=\"text-align: justify;\">Le plus absurde est de voir des projets, dont l&rsquo;\u00e9chec pass\u00e9 est cuisant, \u00eatre de nouveau pl\u00e9biscit\u00e9s. On alloue 20 000 \u20ac pour des bo\u00eetes \u00e0 livres, alors que les pr\u00e9c\u00e9dentes, comme les \u00ab\u00a0grebox\u00a0\u00bb \u00e0 25 000 \u20ac, sont devenues des d\u00e9potoirs avant d&rsquo;\u00eatre pour la plupart supprim\u00e9es. Dans la m\u00eame veine, on remet 10 000 \u20ac pour des frigos solidaires. Aucun bilan n&rsquo;est jamais tir\u00e9 de l&rsquo;argent public gaspill\u00e9, on reproduit simplement les m\u00eames erreurs.<\/p>\n<p><img decoding=\"async\" data-id=\"75085\" src=\"https:\/\/i2.wp.com\/grenoble-le-changement.fr\/wp-content\/uploads\/2024\/07\/Gre-box-Allie\u0301s-Alpins-juin-23-.-aJPG-scaled.jpg?w=678&amp;ssl=1\" alt=\"\" class=\"wp-image-75085 jetpack-lazy-image\" data-recalc-dims=\"1\" data-lazy-src=\"https:\/\/i2.wp.com\/grenoble-le-changement.fr\/wp-content\/uploads\/2024\/07\/Gre-box-Allie\u0301s-Alpins-juin-23-.-aJPG-scaled.jpg?w=678&amp;is-pending-load=1#038;ssl=1\" \/><\/p>\n<p><img decoding=\"async\" data-id=\"75084\" src=\"https:\/\/i1.wp.com\/grenoble-le-changement.fr\/wp-content\/uploads\/2024\/07\/Gre-Box-de\u0301gradation-.aJPG_-scaled.jpg?w=678&amp;ssl=1\" alt=\"\" class=\"wp-image-75084 jetpack-lazy-image\" data-recalc-dims=\"1\" data-lazy-src=\"https:\/\/i1.wp.com\/grenoble-le-changement.fr\/wp-content\/uploads\/2024\/07\/Gre-Box-de\u0301gradation-.aJPG_-scaled.jpg?w=678&amp;is-pending-load=1#038;ssl=1\" \/><br \/>\nPourquoi s&rsquo;arr\u00eater \u00e0 un \u00e9chec quand on peut le reproduire encore \u00e0 grands frais ?<\/p>\n<p><b>POUR L&rsquo;ESSENTIEL, LES GRENOBLOIS SONT M\u00c9PRIS\u00c9S<\/b><\/p>\n<p style=\"text-align: justify;\">Cette d\u00e9mocratie du gadget est surtout un excellent moyen de d\u00e9tourner l&rsquo;attention. La municipalit\u00e9 laisse les Grenoblois choisir la couleur des bancs, mais veut leur imposer sans aucune concertation les projets les plus structurants qui impactent leur quotidien : b\u00e9tonisation de l&rsquo;Esplanade, suppression du stationnement avenue Jeanne d&rsquo;Arc, r\u00e9am\u00e9nagement de la place de Metz&#8230;  <a href=\"https:\/\/grenoble-le-changement.fr\/2025\/07\/13\/esplanade-les-grenoblois-decideront-aux-elections-municipales\/\" target=\"_blank\" rel=\"noopener\">Sur l&rsquo;essentiel, l&rsquo;avis des habitants est m\u00e9pris\u00e9<\/a> ; sur l&rsquo;accessoire, on le sollicite bruyamment.<\/p>\n<p><b>LE D\u00c9NI DE D\u00c9MOCRATIE ILLUSTR\u00c9 PAR LE LAC DE LA VILLENEUVE<\/b><\/p>\n<p style=\"text-align: justify;\">L&rsquo;exemple le plus flagrant de cette hypocrisie restera <a href=\"https:\/\/grenoble-le-changement.fr\/2025\/03\/22\/lac-de-la-villeneuve-passage-en-force-avant-les-municipales\/\" target=\"_blank\" rel=\"noopener\">le cas du lac de la Villeneuve<\/a>. Un contre-projet, port\u00e9 par des citoyens et moins co\u00fbteux, avait \u00e9t\u00e9 propos\u00e9 au budget participatif. Mais bien qu&rsquo;arriv\u00e9 largement en t\u00eate des votes, il a \u00e9t\u00e9 d\u00e9clar\u00e9 irrecevable par la Ville au motif qu&rsquo;un projet municipal \u00e9tait d\u00e9j\u00e0 programm\u00e9.  En clair : vous pouvez participer, tant que vos id\u00e9es vont dans leur sens. Sinon, votre voix ne compte pas.<\/p>\n<p><a href=\"https:\/\/i1.wp.com\/grenoble-le-changement.fr\/wp-content\/uploads\/2022\/01\/WC-eolienne-Mistral-q.jpg?ssl=1\" rel=\"lightbox[83496] noopener\" target=\"_blank\"><img loading=\"lazy\" decoding=\"async\" class=\" wp-image-51402 jetpack-lazy-image\" src=\"https:\/\/i1.wp.com\/grenoble-le-changement.fr\/wp-content\/uploads\/2022\/01\/WC-eolienne-Mistral-q.jpg?resize=639%2C479&amp;ssl=1\" alt=\"\" width=\"639\" height=\"479\" data-recalc-dims=\"1\" data-lazy-src=\"https:\/\/www.europesays.com\/fr\/wp-content\/uploads\/2025\/07\/WC-eolienne-Mistral-q.jpg\" \/><\/a>Les toilettes \u00e0 \u00e9olienne (110 000 euros) issues d&rsquo;un pr\u00e9c\u00e9dent budget participatif puis retir\u00e9es. Une priorit\u00e9 ?<br \/>\n<b>DONNER LE CHOIX DES PRIORIT\u00c9S<\/b><\/p>\n<p style=\"text-align: justify;\">Le budget participatif est un cache-mis\u00e8re, un leurre pour amuser une minorit\u00e9 pendant que la ville fait face \u00e0 des urgences autrement plus probl\u00e9matiques. La v\u00e9ritable d\u00e9mocratie participative consisterait \u00e0 exposer aux Grenoblois la situation financi\u00e8re r\u00e9elle et \u00e0 leur laisser le choix des priorit\u00e9s : par exemple faut-il 1,8 million pour des gadgets, ou pour r\u00e9nover<a href=\"https:\/\/grenoble-le-changement.fr\/2024\/11\/28\/la-politique-du-logement-terreau-de-la-delinquance-a-grenoble-1-2\/\" target=\"_blank\" rel=\"noopener\"> les logements sociaux<\/a> insalubres o\u00f9 des familles vivent dans la moisissure ? <\/p>\n<p style=\"text-align: justify;\">Cette transparence, qui permettrait une hi\u00e9rarchisation des besoins, est le cadet des soucis d&rsquo;une municipalit\u00e9 qui pr\u00e9f\u00e8re les op\u00e9rations d&rsquo;affichage \u00e0 la r\u00e9solution concr\u00e8te des probl\u00e8mes.\u00a0<\/p>\n","protected":false},"excerpt":{"rendered":"Posted On 24 juillet 2025 La propagande municipale tourne \u00e0 plein r\u00e9gime : les r\u00e9sultats du budget participatif&hellip;\n","protected":false},"author":2,"featured_media":182527,"comment_status":"","ping_status":"","sticky":false,"template":"","format":"standard","meta":{"footnotes":""},"categories":[9566],"tags":[1111,11,10128,2430,9607,1777,674,1011,27,2731,12,41118,25],"class_list":{"0":"post-271534","1":"post","2":"type-post","3":"status-publish","4":"format-standard","5":"has-post-thumbnail","7":"category-grenoble","8":"tag-actu","9":"tag-actualites","10":"tag-alternatiba","11":"tag-auvergne-rhone-alpes","12":"tag-eric-piolle","13":"tag-eu","14":"tag-europe","15":"tag-fr","16":"tag-france","17":"tag-grenoble","18":"tag-news","19":"tag-rene-de-ceglie","20":"tag-republique-francaise"},"share_on_mastodon":{"url":"https:\/\/pubeurope.com\/@fr\/114910782064557441","error":""},"_links":{"self":[{"href":"https:\/\/www.europesays.com\/fr\/wp-json\/wp\/v2\/posts\/271534","targetHints":{"allow":["GET"]}}],"collection":[{"href":"https:\/\/www.europesays.com\/fr\/wp-json\/wp\/v2\/posts"}],"about":[{"href":"https:\/\/www.europesays.com\/fr\/wp-json\/wp\/v2\/types\/post"}],"author":[{"embeddable":true,"href":"https:\/\/www.europesays.com\/fr\/wp-json\/wp\/v2\/users\/2"}],"replies":[{"embeddable":true,"href":"https:\/\/www.europesays.com\/fr\/wp-json\/wp\/v2\/comments?post=271534"}],"version-history":[{"count":0,"href":"https:\/\/www.europesays.com\/fr\/wp-json\/wp\/v2\/posts\/271534\/revisions"}],"wp:featuredmedia":[{"embeddable":true,"href":"https:\/\/www.europesays.com\/fr\/wp-json\/wp\/v2\/media\/182527"}],"wp:attachment":[{"href":"https:\/\/www.europesays.com\/fr\/wp-json\/wp\/v2\/media?parent=271534"}],"wp:term":[{"taxonomy":"category","embeddable":true,"href":"https:\/\/www.europesays.com\/fr\/wp-json\/wp\/v2\/categories?post=271534"},{"taxonomy":"post_tag","embeddable":true,"href":"https:\/\/www.europesays.com\/fr\/wp-json\/wp\/v2\/tags?post=271534"}],"curies":[{"name":"wp","href":"https:\/\/api.w.org\/{rel}","templated":true}]}}