{"id":271535,"date":"2025-07-24T23:22:11","date_gmt":"2025-07-24T23:22:11","guid":{"rendered":"https:\/\/www.europesays.com\/fr\/271535\/"},"modified":"2025-07-24T23:22:11","modified_gmt":"2025-07-24T23:22:11","slug":"previsions-du-vendredi-25-juillet-2025-2","status":"publish","type":"post","link":"https:\/\/www.europesays.com\/fr\/271535\/","title":{"rendered":"pr\u00e9visions du vendredi 25 juillet 2025"},"content":{"rendered":"<p>Aujourd&rsquo;hui, les temp\u00e9ratures seront comprises entre 13 et 25\u00b0C \u00e0 Rennes. Petits et grands pourront appr\u00e9cier leur matin\u00e9e sous un ciel un peu nuageux. Un vent de nord rafra\u00eechira quelque peu l&rsquo;atmosph\u00e8re. Avec des nuages l&rsquo;apr\u00e8s-midi, le ciel sera encore couvert. Intemp\u00e9ries : on pr\u00e9voit des pluies \u00e9parses. D&rsquo;un autre c\u00f4t\u00e9, la m\u00e9t\u00e9o va se r\u00e9chauffer avec une hausse de plusieurs degr\u00e9s. Les valeurs iront de 24 \u00e0 25\u00b0C. Il fera en moyenne 20\u00b0C, le soir. C&rsquo;est un ciel limpide que conna\u00eetra la nuit de vendredi \u00e0 samedi.<\/p>\n<p>Demain, on verra l&rsquo;apparition de nuages \u00e0 Rennes. Les temp\u00e9ratures afficheront entre 12 et 25\u00b0C. Un petit vent de nord-ouest sera ressenti par les habitants. En revanche, un beau soleil est pr\u00e9vu le matin. Les valeurs avoisineront les 19\u00b0C. La m\u00e9t\u00e9o va peu \u00e0 peu se couvrir tout au long de l&rsquo;apr\u00e8s-midi avec l&rsquo;arriv\u00e9e de nuages. Des pluies \u00e9parses vont tomber sur la ville. D&rsquo;un autre c\u00f4t\u00e9, les temp\u00e9ratures vont monter de quelques degr\u00e9s. Les valeurs s&rsquo;\u00e9chelonneront entre 21\u00b0C et 25\u00b0C. La soir\u00e9e va rester couverte \u00e0 cause de nuages qui perdurent dans le ciel. Des pluies \u00e9parses sont attendues. Il va faire 19\u00b0C en moyenne.<\/p>\n<p>Une am\u00e9lioration est pr\u00e9vue pour les jours \u00e0 venir. Une m\u00e9t\u00e9o ensoleill\u00e9e, avec des temp\u00e9ratures de 24\u00b0C environ, est \u00e0 pr\u00e9voir.<\/p>\n<p><\/p>\n","protected":false},"excerpt":{"rendered":"Aujourd&rsquo;hui, les temp\u00e9ratures seront comprises entre 13 et 25\u00b0C \u00e0 Rennes. Petits et grands pourront appr\u00e9cier leur matin\u00e9e&hellip;\n","protected":false},"author":2,"featured_media":271536,"comment_status":"","ping_status":"","sticky":false,"template":"","format":"standard","meta":{"footnotes":""},"categories":[2821],"tags":[1111,11,829,1777,674,1011,27,848,12,2119,584,25],"class_list":{"0":"post-271535","1":"post","2":"type-post","3":"status-publish","4":"format-standard","5":"has-post-thumbnail","7":"category-rennes","8":"tag-actu","9":"tag-actualites","10":"tag-bretagne","11":"tag-eu","12":"tag-europe","13":"tag-fr","14":"tag-france","15":"tag-ille-et-vilaine","16":"tag-news","17":"tag-previsions-meteo","18":"tag-rennes","19":"tag-republique-francaise"},"share_on_mastodon":{"url":"https:\/\/pubeurope.com\/@fr\/114910785866695129","error":""},"_links":{"self":[{"href":"https:\/\/www.europesays.com\/fr\/wp-json\/wp\/v2\/posts\/271535","targetHints":{"allow":["GET"]}}],"collection":[{"href":"https:\/\/www.europesays.com\/fr\/wp-json\/wp\/v2\/posts"}],"about":[{"href":"https:\/\/www.europesays.com\/fr\/wp-json\/wp\/v2\/types\/post"}],"author":[{"embeddable":true,"href":"https:\/\/www.europesays.com\/fr\/wp-json\/wp\/v2\/users\/2"}],"replies":[{"embeddable":true,"href":"https:\/\/www.europesays.com\/fr\/wp-json\/wp\/v2\/comments?post=271535"}],"version-history":[{"count":0,"href":"https:\/\/www.europesays.com\/fr\/wp-json\/wp\/v2\/posts\/271535\/revisions"}],"wp:featuredmedia":[{"embeddable":true,"href":"https:\/\/www.europesays.com\/fr\/wp-json\/wp\/v2\/media\/271536"}],"wp:attachment":[{"href":"https:\/\/www.europesays.com\/fr\/wp-json\/wp\/v2\/media?parent=271535"}],"wp:term":[{"taxonomy":"category","embeddable":true,"href":"https:\/\/www.europesays.com\/fr\/wp-json\/wp\/v2\/categories?post=271535"},{"taxonomy":"post_tag","embeddable":true,"href":"https:\/\/www.europesays.com\/fr\/wp-json\/wp\/v2\/tags?post=271535"}],"curies":[{"name":"wp","href":"https:\/\/api.w.org\/{rel}","templated":true}]}}