{"id":271537,"date":"2025-07-24T23:25:11","date_gmt":"2025-07-24T23:25:11","guid":{"rendered":"https:\/\/www.europesays.com\/fr\/271537\/"},"modified":"2025-07-24T23:25:11","modified_gmt":"2025-07-24T23:25:11","slug":"previsions-du-vendredi-25-juillet-2025-3","status":"publish","type":"post","link":"https:\/\/www.europesays.com\/fr\/271537\/","title":{"rendered":"pr\u00e9visions du vendredi 25 juillet 2025"},"content":{"rendered":"<p>Aujourd&rsquo;hui, Strasbourg se retrouvera sous des valeurs d&rsquo;environ 21\u00b0C. Le soleil brillerait plus t\u00f4t dans la matin\u00e9e si des nuages ne g\u00eanaient pas son arriv\u00e9e. Les nuages seront peu \u00e0 peu visibles. Un vent de nord soufflera l\u00e9g\u00e8rement, avec 6 km\/h. L&rsquo;apr\u00e8s-midi, le soleil va progressivement remplacer les nuages. Les temp\u00e9ratures vont conna\u00eetre une hausse de plusieurs degr\u00e9s. Les valeurs afficheront entre 25 et 27\u00b0C. Le soir, du mauvais temps est \u00e0 pr\u00e9voir. Des pluies \u00e9parses vont tomber. On passera de vendredi \u00e0 samedi par une nuit claire.<\/p>\n<p>Le soleil se fera attendre demain sur Strasbourg, o\u00f9 des nuages sont bien install\u00e9s. Il va pleuvoir. Une chute des temp\u00e9ratures est pr\u00e9vue. Il va faire 20\u00b0C en moyenne. Un l\u00e9ger vent de nord-ouest sera ressenti par les habitants. Le matin, des nuages ne voudront pas c\u00e9der leur place au soleil. Les temp\u00e9ratures tourneront autour des 21\u00b0C. Les nuages \u00e0 pr\u00e9voir demain apr\u00e8s-midi, et un ciel encore gris. Les valeurs s&rsquo;\u00e9chelonneront entre 24\u00b0C et 25\u00b0C. Les temp\u00e9ratures tourneront autour des 21\u00b0C dans la soir\u00e9e.<\/p>\n<p>Les jours suivants s&rsquo;annoncent identiques. Il fera 23\u00b0C en moyenne pour des journ\u00e9es avec un ciel pluvieux.<\/p>\n<p><\/p>\n","protected":false},"excerpt":{"rendered":"Aujourd&rsquo;hui, Strasbourg se retrouvera sous des valeurs d&rsquo;environ 21\u00b0C. Le soleil brillerait plus t\u00f4t dans la matin\u00e9e si&hellip;\n","protected":false},"author":2,"featured_media":271538,"comment_status":"","ping_status":"","sticky":false,"template":"","format":"standard","meta":{"footnotes":""},"categories":[2820],"tags":[1111,11,1777,674,1011,27,775,12,2119,25,640],"class_list":{"0":"post-271537","1":"post","2":"type-post","3":"status-publish","4":"format-standard","5":"has-post-thumbnail","7":"category-strasbourg","8":"tag-actu","9":"tag-actualites","10":"tag-eu","11":"tag-europe","12":"tag-fr","13":"tag-france","14":"tag-grand-est","15":"tag-news","16":"tag-previsions-meteo","17":"tag-republique-francaise","18":"tag-strasbourg"},"share_on_mastodon":{"url":"https:\/\/pubeurope.com\/@fr\/114910797785783922","error":""},"_links":{"self":[{"href":"https:\/\/www.europesays.com\/fr\/wp-json\/wp\/v2\/posts\/271537","targetHints":{"allow":["GET"]}}],"collection":[{"href":"https:\/\/www.europesays.com\/fr\/wp-json\/wp\/v2\/posts"}],"about":[{"href":"https:\/\/www.europesays.com\/fr\/wp-json\/wp\/v2\/types\/post"}],"author":[{"embeddable":true,"href":"https:\/\/www.europesays.com\/fr\/wp-json\/wp\/v2\/users\/2"}],"replies":[{"embeddable":true,"href":"https:\/\/www.europesays.com\/fr\/wp-json\/wp\/v2\/comments?post=271537"}],"version-history":[{"count":0,"href":"https:\/\/www.europesays.com\/fr\/wp-json\/wp\/v2\/posts\/271537\/revisions"}],"wp:featuredmedia":[{"embeddable":true,"href":"https:\/\/www.europesays.com\/fr\/wp-json\/wp\/v2\/media\/271538"}],"wp:attachment":[{"href":"https:\/\/www.europesays.com\/fr\/wp-json\/wp\/v2\/media?parent=271537"}],"wp:term":[{"taxonomy":"category","embeddable":true,"href":"https:\/\/www.europesays.com\/fr\/wp-json\/wp\/v2\/categories?post=271537"},{"taxonomy":"post_tag","embeddable":true,"href":"https:\/\/www.europesays.com\/fr\/wp-json\/wp\/v2\/tags?post=271537"}],"curies":[{"name":"wp","href":"https:\/\/api.w.org\/{rel}","templated":true}]}}