{"id":271545,"date":"2025-07-24T23:29:11","date_gmt":"2025-07-24T23:29:11","guid":{"rendered":"https:\/\/www.europesays.com\/fr\/271545\/"},"modified":"2025-07-24T23:29:11","modified_gmt":"2025-07-24T23:29:11","slug":"previsions-du-vendredi-25-juillet-2025-4","status":"publish","type":"post","link":"https:\/\/www.europesays.com\/fr\/271545\/","title":{"rendered":"pr\u00e9visions du vendredi 25 juillet 2025"},"content":{"rendered":"<p>Aujourd&rsquo;hui, toujours des nuages dans le ciel qui emp\u00eachent le soleil de faire son apparition \u00e0 Nantes. Des pluies \u00e9parses vont tomber sur la ville. On pr\u00e9voit des valeurs avoisinant 20\u00b0C. Un vent de nord-ouest soufflera doucement. Le soleil aura du mal \u00e0 percer au milieu des nuages qui perdureront dans l&rsquo;apr\u00e8s-midi. D&rsquo;un autre c\u00f4t\u00e9, la m\u00e9t\u00e9o va se r\u00e9chauffer avec une augmentation de plusieurs degr\u00e9s. Les temp\u00e9ratures seront comprises entre 23 et 26\u00b0C. On notera la pr\u00e9sence persistante de nuages le soir. Il faudra emporter son parapluie pour s&rsquo;abriter des pluies \u00e9parses. Les valeurs seront de 20\u00b0C. Le ciel sera d\u00e9pourvu de nuages dans la nuit de vendredi \u00e0 samedi.<\/p>\n<p>C&rsquo;est un soleil \u00e9clatant qui va briller demain sur Nantes. Les temp\u00e9ratures s&rsquo;\u00e9chelonneront entre 13 et 26\u00b0C. Une l\u00e9g\u00e8re brise de nord sera ressentie par les habitants. Demain apr\u00e8s-midi, c&rsquo;est une hausse de quelques degr\u00e9s que vont enregistrer les temp\u00e9ratures. Les maximales atteindront les 26\u00b0C tandis que les minimales seront de 23\u00b0C. On pr\u00e9voit des \u00e9claircies pour cette soir\u00e9e. Le mercure affichera 20\u00b0C en moyenne.<\/p>\n<p>La m\u00e9t\u00e9o restera stable les prochains jours. On pr\u00e9voit des journ\u00e9es ensoleill\u00e9es, avec des temp\u00e9ratures dans les 26\u00b0C en moyenne.<\/p>\n<p><\/p>\n","protected":false},"excerpt":{"rendered":"Aujourd&rsquo;hui, toujours des nuages dans le ciel qui emp\u00eachent le soleil de faire son apparition \u00e0 Nantes. Des&hellip;\n","protected":false},"author":2,"featured_media":271546,"comment_status":"","ping_status":"","sticky":false,"template":"","format":"standard","meta":{"footnotes":""},"categories":[2818],"tags":[1111,11,1777,674,1011,27,3047,766,12,2636,2119,25],"class_list":{"0":"post-271545","1":"post","2":"type-post","3":"status-publish","4":"format-standard","5":"has-post-thumbnail","7":"category-nantes","8":"tag-actu","9":"tag-actualites","10":"tag-eu","11":"tag-europe","12":"tag-fr","13":"tag-france","14":"tag-loire-atlantique","15":"tag-nantes","16":"tag-news","17":"tag-pays-de-la-loire","18":"tag-previsions-meteo","19":"tag-republique-francaise"},"share_on_mastodon":{"url":"https:\/\/pubeurope.com\/@fr\/114910813407956557","error":""},"_links":{"self":[{"href":"https:\/\/www.europesays.com\/fr\/wp-json\/wp\/v2\/posts\/271545","targetHints":{"allow":["GET"]}}],"collection":[{"href":"https:\/\/www.europesays.com\/fr\/wp-json\/wp\/v2\/posts"}],"about":[{"href":"https:\/\/www.europesays.com\/fr\/wp-json\/wp\/v2\/types\/post"}],"author":[{"embeddable":true,"href":"https:\/\/www.europesays.com\/fr\/wp-json\/wp\/v2\/users\/2"}],"replies":[{"embeddable":true,"href":"https:\/\/www.europesays.com\/fr\/wp-json\/wp\/v2\/comments?post=271545"}],"version-history":[{"count":0,"href":"https:\/\/www.europesays.com\/fr\/wp-json\/wp\/v2\/posts\/271545\/revisions"}],"wp:featuredmedia":[{"embeddable":true,"href":"https:\/\/www.europesays.com\/fr\/wp-json\/wp\/v2\/media\/271546"}],"wp:attachment":[{"href":"https:\/\/www.europesays.com\/fr\/wp-json\/wp\/v2\/media?parent=271545"}],"wp:term":[{"taxonomy":"category","embeddable":true,"href":"https:\/\/www.europesays.com\/fr\/wp-json\/wp\/v2\/categories?post=271545"},{"taxonomy":"post_tag","embeddable":true,"href":"https:\/\/www.europesays.com\/fr\/wp-json\/wp\/v2\/tags?post=271545"}],"curies":[{"name":"wp","href":"https:\/\/api.w.org\/{rel}","templated":true}]}}