{"id":271549,"date":"2025-07-24T23:31:11","date_gmt":"2025-07-24T23:31:11","guid":{"rendered":"https:\/\/www.europesays.com\/fr\/271549\/"},"modified":"2025-07-24T23:31:11","modified_gmt":"2025-07-24T23:31:11","slug":"previsions-du-vendredi-25-juillet-2025-5","status":"publish","type":"post","link":"https:\/\/www.europesays.com\/fr\/271549\/","title":{"rendered":"pr\u00e9visions du vendredi 25 juillet 2025"},"content":{"rendered":"<p>\u00c0 Bordeaux les valeurs seront comprises entre 14 et 26\u00b0C aujourd&rsquo;hui. Une l\u00e9g\u00e8re brise de nord-ouest soufflera. Un splendide soleil va briller et ce, tout au long de la matin\u00e9e. Apr\u00e8s un court passage nuageux, le temps va progressivement s&rsquo;am\u00e9liorer dans l&rsquo;apr\u00e8s-midi et laisser place \u00e0 des \u00e9claircies. Les temp\u00e9ratures afficheront entre 24 et 26\u00b0C. Le soir, le mercure affichera 21\u00b0C en moyenne. C&rsquo;est un ciel d\u00e9pourvu de nuages que conna\u00eetra la nuit de vendredi \u00e0 samedi.<\/p>\n<p>Demain, le vent va peu \u00e0 peu chasser les nuages \u00e0 Bordeaux. Une m\u00e9t\u00e9o plus chaude est pr\u00e9vue \u00e9tant donn\u00e9 que le mercure va enregistrer une augmentation. Il fera 22\u00b0C en moyenne. Un l\u00e9ger vent de nord-ouest sera ressenti par les habitants. La m\u00e9t\u00e9o va se r\u00e9chauffer demain apr\u00e8s-midi avec une hausse de plusieurs degr\u00e9s. Les valeurs seront de 25\u00b0C au minimum et de 28\u00b0C au plus haut. Les temp\u00e9ratures avoisineront les 21\u00b0C dans la soir\u00e9e.<\/p>\n<p>Peu de changements pour la suite. Il fera 27\u00b0C en moyenne pour des journ\u00e9es avec un ciel ensoleill\u00e9.<\/p>\n<p><\/p>\n","protected":false},"excerpt":{"rendered":"\u00c0 Bordeaux les valeurs seront comprises entre 14 et 26\u00b0C aujourd&rsquo;hui. Une l\u00e9g\u00e8re brise de nord-ouest soufflera. Un&hellip;\n","protected":false},"author":2,"featured_media":271550,"comment_status":"","ping_status":"","sticky":false,"template":"","format":"standard","meta":{"footnotes":""},"categories":[2817],"tags":[1111,11,3177,1997,1777,674,1011,27,2905,12,2219,2119,25],"class_list":{"0":"post-271549","1":"post","2":"type-post","3":"status-publish","4":"format-standard","5":"has-post-thumbnail","7":"category-bordeaux","8":"tag-actu","9":"tag-actualites","10":"tag-aquitaine","11":"tag-bordeaux","12":"tag-eu","13":"tag-europe","14":"tag-fr","15":"tag-france","16":"tag-gironde","17":"tag-news","18":"tag-nouvelle-aquitaine","19":"tag-previsions-meteo","20":"tag-republique-francaise"},"share_on_mastodon":{"url":"https:\/\/pubeurope.com\/@fr\/114910821299673661","error":""},"_links":{"self":[{"href":"https:\/\/www.europesays.com\/fr\/wp-json\/wp\/v2\/posts\/271549","targetHints":{"allow":["GET"]}}],"collection":[{"href":"https:\/\/www.europesays.com\/fr\/wp-json\/wp\/v2\/posts"}],"about":[{"href":"https:\/\/www.europesays.com\/fr\/wp-json\/wp\/v2\/types\/post"}],"author":[{"embeddable":true,"href":"https:\/\/www.europesays.com\/fr\/wp-json\/wp\/v2\/users\/2"}],"replies":[{"embeddable":true,"href":"https:\/\/www.europesays.com\/fr\/wp-json\/wp\/v2\/comments?post=271549"}],"version-history":[{"count":0,"href":"https:\/\/www.europesays.com\/fr\/wp-json\/wp\/v2\/posts\/271549\/revisions"}],"wp:featuredmedia":[{"embeddable":true,"href":"https:\/\/www.europesays.com\/fr\/wp-json\/wp\/v2\/media\/271550"}],"wp:attachment":[{"href":"https:\/\/www.europesays.com\/fr\/wp-json\/wp\/v2\/media?parent=271549"}],"wp:term":[{"taxonomy":"category","embeddable":true,"href":"https:\/\/www.europesays.com\/fr\/wp-json\/wp\/v2\/categories?post=271549"},{"taxonomy":"post_tag","embeddable":true,"href":"https:\/\/www.europesays.com\/fr\/wp-json\/wp\/v2\/tags?post=271549"}],"curies":[{"name":"wp","href":"https:\/\/api.w.org\/{rel}","templated":true}]}}