{"id":271551,"date":"2025-07-24T23:32:13","date_gmt":"2025-07-24T23:32:13","guid":{"rendered":"https:\/\/www.europesays.com\/fr\/271551\/"},"modified":"2025-07-24T23:32:13","modified_gmt":"2025-07-24T23:32:13","slug":"le-parquet-de-bordeaux-rouvre-lenquete-sur-le-suicide-de-lex-femme-de-bertrand-cantat","status":"publish","type":"post","link":"https:\/\/www.europesays.com\/fr\/271551\/","title":{"rendered":"Le parquet de Bordeaux rouvre l&rsquo;enqu\u00eate sur le suicide de l&rsquo;ex-femme de Bertrand Cantat"},"content":{"rendered":"<p class=\"ap-StoryElement ap-StoryElement--mb ap-StoryText\">Ce sont nos confr\u00e8res de RTL France qui l&rsquo;ont annonc\u00e9 : le parquet de Bordeaux va rouvrir l&rsquo;enqu\u00eate sur le suicide de Krisztina Rady, l&rsquo;ex-femme de Bertrand Cantat. Celle-ci s&rsquo;\u00e9tait pendue \u00e0 son domicile, en 2010. Le chanteur s\u00e9journait dans la m\u00eame maison au moment des faits, apr\u00e8s avoir purg\u00e9 sa peine de prison pour le meurtre de Marie Trintignant.<\/p>\n<p class=\"ap-StoryElement ap-StoryElement--mb ap-StoryText\">C&rsquo;est la mise en ligne du documentaire Bertrand Cantat : de rock star \u00e0 tueur, sur Netflix, qui est \u00e0 l&rsquo;origine de cette nouvelle proc\u00e9dure judiciaire, en l&rsquo;occurrence une enqu\u00eate pr\u00e9liminaire pour violences volontaires par conjoint. \u00c0 la base de l&rsquo;affaire, on retrouve un procureur g\u00e9n\u00e9ral, celui de Bordeaux, Eric Corbaux, tr\u00e8s impliqu\u00e9 dans la lutte contre les violences intrafamiliales. Il vient d&rsquo;ailleurs de se voir confier une mission sur le sujet par le Garde des Sceaux.<\/p>\n<p>Pour acc\u00e9der \u00e0 cet article, veuillez vous connecter au r\u00e9seau internet.<\/p>\n","protected":false},"excerpt":{"rendered":"Ce sont nos confr\u00e8res de RTL France qui l&rsquo;ont annonc\u00e9 : le parquet de Bordeaux va rouvrir l&rsquo;enqu\u00eate&hellip;\n","protected":false},"author":2,"featured_media":271552,"comment_status":"","ping_status":"","sticky":false,"template":"","format":"standard","meta":{"footnotes":""},"categories":[2817],"tags":[1111,11,1997,1777,674,1011,27,303,12,2219,973,9026,25,41120],"class_list":{"0":"post-271551","1":"post","2":"type-post","3":"status-publish","4":"format-standard","5":"has-post-thumbnail","7":"category-bordeaux","8":"tag-actu","9":"tag-actualites","10":"tag-bordeaux","11":"tag-eu","12":"tag-europe","13":"tag-fr","14":"tag-france","15":"tag-justice","16":"tag-news","17":"tag-nouvelle-aquitaine","18":"tag-people","19":"tag-portrait","20":"tag-republique-francaise","21":"tag-sortiecantat"},"share_on_mastodon":{"url":"https:\/\/pubeurope.com\/@fr\/114910825237928913","error":""},"_links":{"self":[{"href":"https:\/\/www.europesays.com\/fr\/wp-json\/wp\/v2\/posts\/271551","targetHints":{"allow":["GET"]}}],"collection":[{"href":"https:\/\/www.europesays.com\/fr\/wp-json\/wp\/v2\/posts"}],"about":[{"href":"https:\/\/www.europesays.com\/fr\/wp-json\/wp\/v2\/types\/post"}],"author":[{"embeddable":true,"href":"https:\/\/www.europesays.com\/fr\/wp-json\/wp\/v2\/users\/2"}],"replies":[{"embeddable":true,"href":"https:\/\/www.europesays.com\/fr\/wp-json\/wp\/v2\/comments?post=271551"}],"version-history":[{"count":0,"href":"https:\/\/www.europesays.com\/fr\/wp-json\/wp\/v2\/posts\/271551\/revisions"}],"wp:featuredmedia":[{"embeddable":true,"href":"https:\/\/www.europesays.com\/fr\/wp-json\/wp\/v2\/media\/271552"}],"wp:attachment":[{"href":"https:\/\/www.europesays.com\/fr\/wp-json\/wp\/v2\/media?parent=271551"}],"wp:term":[{"taxonomy":"category","embeddable":true,"href":"https:\/\/www.europesays.com\/fr\/wp-json\/wp\/v2\/categories?post=271551"},{"taxonomy":"post_tag","embeddable":true,"href":"https:\/\/www.europesays.com\/fr\/wp-json\/wp\/v2\/tags?post=271551"}],"curies":[{"name":"wp","href":"https:\/\/api.w.org\/{rel}","templated":true}]}}