{"id":271563,"date":"2025-07-24T23:38:12","date_gmt":"2025-07-24T23:38:12","guid":{"rendered":"https:\/\/www.europesays.com\/fr\/271563\/"},"modified":"2025-07-24T23:38:12","modified_gmt":"2025-07-24T23:38:12","slug":"freeman-et-faf-la-rage-enflamment-la-place-jean-jaures","status":"publish","type":"post","link":"https:\/\/www.europesays.com\/fr\/271563\/","title":{"rendered":"Freeman et Faf la Rage enflamment la place Jean-Jaur\u00e8s"},"content":{"rendered":"\n<p>Dans le quartier de la Plaine, \u00e0 Marseille, la place Jean-Jaur\u00e8s a \u00e9t\u00e9 le th\u00e9\u00e2tre jeudi de la 4e\u00a0\u00e9tape de la Tourn\u00e9e d\u2019\u00e9t\u00e9 de La\u00a0Marseillaise, s\u00e9rie de concerts gratuits qui sillonne les Bouches-du-Rh\u00f4ne jusqu\u2019au 23\u00a0ao\u00fbt. Men\u00e9e par le MC\u00a0K-M\u00e9l\u00e9on, une soir\u00e9e qui a invoqu\u00e9 des figures du rap marseillais comme Faf la Rage, Dj Djel et surtout Freeman, MC \u00e0 la grinta l\u00e9gendaire, toujours bien \u00e0 l\u2019\u0153uvre.<\/p>\n<p>Prochaine \u00e9tape de la Tourn\u00e9e d\u2019\u00e9t\u00e9 pr\u00e9vue d\u00e8s ce vendredi 25\u00a0juillet, \u00e0 Ch\u00e2teauneuf-les-Martigues. Au menu de la soir\u00e9e organis\u00e9e au parc Fran\u00e7ois-Mitterrand, un concert du groupe Dust, sp\u00e9cialis\u00e9 dans les reprises de grands morceaux rock, ainsi qu\u2019un DJ\u00a0set de Nicolas Duster.<\/p>\n","protected":false},"excerpt":{"rendered":"Dans le quartier de la Plaine, \u00e0 Marseille, la place Jean-Jaur\u00e8s a \u00e9t\u00e9 le th\u00e9\u00e2tre jeudi de la&hellip;\n","protected":false},"author":2,"featured_media":271564,"comment_status":"","ping_status":"","sticky":false,"template":"","format":"standard","meta":{"footnotes":""},"categories":[2814],"tags":[1111,11,1777,674,1011,27,884,12,882,25,38445],"class_list":{"0":"post-271563","1":"post","2":"type-post","3":"status-publish","4":"format-standard","5":"has-post-thumbnail","7":"category-marseille","8":"tag-actu","9":"tag-actualites","10":"tag-eu","11":"tag-europe","12":"tag-fr","13":"tag-france","14":"tag-marseille","15":"tag-news","16":"tag-provence-alpes-cote-dazur","17":"tag-republique-francaise","18":"tag-tournee-dete-la-marseillaise"},"share_on_mastodon":{"url":"https:\/\/pubeurope.com\/@fr\/114910848818675722","error":""},"_links":{"self":[{"href":"https:\/\/www.europesays.com\/fr\/wp-json\/wp\/v2\/posts\/271563","targetHints":{"allow":["GET"]}}],"collection":[{"href":"https:\/\/www.europesays.com\/fr\/wp-json\/wp\/v2\/posts"}],"about":[{"href":"https:\/\/www.europesays.com\/fr\/wp-json\/wp\/v2\/types\/post"}],"author":[{"embeddable":true,"href":"https:\/\/www.europesays.com\/fr\/wp-json\/wp\/v2\/users\/2"}],"replies":[{"embeddable":true,"href":"https:\/\/www.europesays.com\/fr\/wp-json\/wp\/v2\/comments?post=271563"}],"version-history":[{"count":0,"href":"https:\/\/www.europesays.com\/fr\/wp-json\/wp\/v2\/posts\/271563\/revisions"}],"wp:featuredmedia":[{"embeddable":true,"href":"https:\/\/www.europesays.com\/fr\/wp-json\/wp\/v2\/media\/271564"}],"wp:attachment":[{"href":"https:\/\/www.europesays.com\/fr\/wp-json\/wp\/v2\/media?parent=271563"}],"wp:term":[{"taxonomy":"category","embeddable":true,"href":"https:\/\/www.europesays.com\/fr\/wp-json\/wp\/v2\/categories?post=271563"},{"taxonomy":"post_tag","embeddable":true,"href":"https:\/\/www.europesays.com\/fr\/wp-json\/wp\/v2\/tags?post=271563"}],"curies":[{"name":"wp","href":"https:\/\/api.w.org\/{rel}","templated":true}]}}