{"id":271565,"date":"2025-07-24T23:39:11","date_gmt":"2025-07-24T23:39:11","guid":{"rendered":"https:\/\/www.europesays.com\/fr\/271565\/"},"modified":"2025-07-24T23:39:11","modified_gmt":"2025-07-24T23:39:11","slug":"previsions-du-vendredi-25-juillet-2025-6","status":"publish","type":"post","link":"https:\/\/www.europesays.com\/fr\/271565\/","title":{"rendered":"pr\u00e9visions du vendredi 25 juillet 2025"},"content":{"rendered":"<p>Il y aura des nuages \u00e0 Lyon avant que le soleil ne puisse faire son apparition lors de la journ\u00e9e. Les valeurs avoisineront les 19\u00b0C. Un vent de nord-ouest soufflera l\u00e9g\u00e8rement, avec 8 km\/h. Il faudra emporter son parapluie le matin pour se prot\u00e9ger des pluies \u00e9parses. Le ciel sera assez lumineux, avec quelques \u00e9claircies l&rsquo;apr\u00e8s-midi. Les temp\u00e9ratures vont grimper de quelques degr\u00e9s. Les maximales iront jusqu&rsquo;\u00e0 24\u00b0C alors que les minimales seront de 23\u00b0C. La soir\u00e9e sera rythm\u00e9e par des orages de faible intensit\u00e9. Il va faire 19\u00b0C en moyenne. Pendant que vous dormirez, dans la nuit de vendredi \u00e0 samedi, le ciel sera clair.<\/p>\n<p>Demain, c&rsquo;est une hausse de quelques degr\u00e9s que vont conna\u00eetre les temp\u00e9ratures dans la ville de Lyon. Il fera environ 21\u00b0C. Un vent de nord-ouest rafra\u00eechira sensiblement l&rsquo;atmosph\u00e8re. Un magnifique soleil va briller et ce, tout au long de la matin\u00e9e. Les temp\u00e9ratures avoisineront les 21\u00b0C. Le ciel va quelque peu se d\u00e9gager dans l&rsquo;apr\u00e8s-midi avec des \u00e9claircies. Les temp\u00e9ratures vont enregistrer une augmentation de plusieurs degr\u00e9s. Les valeurs afficheront entre 24 et 27\u00b0C.<\/p>\n<p>Les journ\u00e9es se suivent mais ne se ressemblent pas. Le temps sera variable les jours qui suivent. Une am\u00e9lioration est annonc\u00e9e lundi, tandis que la journ\u00e9e de dimanche aura \u00e9t\u00e9 pluvieuse.<\/p>\n<p><\/p>\n","protected":false},"excerpt":{"rendered":"Il y aura des nuages \u00e0 Lyon avant que le soleil ne puisse faire son apparition lors de&hellip;\n","protected":false},"author":2,"featured_media":271566,"comment_status":"","ping_status":"","sticky":false,"template":"","format":"standard","meta":{"footnotes":""},"categories":[1889],"tags":[1111,11,2430,1777,674,1011,27,2428,12,2119,25,2429,2431],"class_list":{"0":"post-271565","1":"post","2":"type-post","3":"status-publish","4":"format-standard","5":"has-post-thumbnail","7":"category-lyon","8":"tag-actu","9":"tag-actualites","10":"tag-auvergne-rhone-alpes","11":"tag-eu","12":"tag-europe","13":"tag-fr","14":"tag-france","15":"tag-lyon","16":"tag-news","17":"tag-previsions-meteo","18":"tag-republique-francaise","19":"tag-rhone","20":"tag-rhone-alpes"},"share_on_mastodon":{"url":"https:\/\/pubeurope.com\/@fr\/114910852773263088","error":""},"_links":{"self":[{"href":"https:\/\/www.europesays.com\/fr\/wp-json\/wp\/v2\/posts\/271565","targetHints":{"allow":["GET"]}}],"collection":[{"href":"https:\/\/www.europesays.com\/fr\/wp-json\/wp\/v2\/posts"}],"about":[{"href":"https:\/\/www.europesays.com\/fr\/wp-json\/wp\/v2\/types\/post"}],"author":[{"embeddable":true,"href":"https:\/\/www.europesays.com\/fr\/wp-json\/wp\/v2\/users\/2"}],"replies":[{"embeddable":true,"href":"https:\/\/www.europesays.com\/fr\/wp-json\/wp\/v2\/comments?post=271565"}],"version-history":[{"count":0,"href":"https:\/\/www.europesays.com\/fr\/wp-json\/wp\/v2\/posts\/271565\/revisions"}],"wp:featuredmedia":[{"embeddable":true,"href":"https:\/\/www.europesays.com\/fr\/wp-json\/wp\/v2\/media\/271566"}],"wp:attachment":[{"href":"https:\/\/www.europesays.com\/fr\/wp-json\/wp\/v2\/media?parent=271565"}],"wp:term":[{"taxonomy":"category","embeddable":true,"href":"https:\/\/www.europesays.com\/fr\/wp-json\/wp\/v2\/categories?post=271565"},{"taxonomy":"post_tag","embeddable":true,"href":"https:\/\/www.europesays.com\/fr\/wp-json\/wp\/v2\/tags?post=271565"}],"curies":[{"name":"wp","href":"https:\/\/api.w.org\/{rel}","templated":true}]}}