{"id":271567,"date":"2025-07-24T23:40:13","date_gmt":"2025-07-24T23:40:13","guid":{"rendered":"https:\/\/www.europesays.com\/fr\/271567\/"},"modified":"2025-07-24T23:40:13","modified_gmt":"2025-07-24T23:40:13","slug":"le-nord-de-la-rue-de-la-republique-continue-sa-mue","status":"publish","type":"post","link":"https:\/\/www.europesays.com\/fr\/271567\/","title":{"rendered":"le nord de la rue de la R\u00e9publique continue sa mue"},"content":{"rendered":"<p>   \u00c0 la M\u00e9tropole de Lyon, on appelle cela du \u00ab\u00a0mobilier temporaire sp\u00e9cifique\u00a0\u00bb. L\u2019id\u00e9e \u00e9tant de \u00ab\u00a0commencer \u00e0 pr\u00e9figurer et exp\u00e9rimenter plusieurs mani\u00e8res de vivre ce morceau de rue\u00a0\u00bb, en attendant un projet d\u2019am\u00e9nagement futur programm\u00e9 sur cet axe devenu pi\u00e9ton le 21\u00a0juin dernier. <\/p>\n<p>Fait d\u2019assises en pierre ou plut\u00f4t de bancs \u00e0 la forme courbe pour l\u2019essentiel, ce mobilier est en train d\u2019\u00eatre install\u00e9 dans la partie nord de la rue entre les Cordeliers et les Terreaux, au beau milieu de la voie, l\u00e0 o\u00f9 il n\u2019y a pas si longtemps, circulaient bon nombre de bus.<\/p>\n<p>  Dans le cadre du projet Presqu\u2019\u00eele \u00e0 Vivre<\/p>\n<p>L\u2019intervention en cours, vient ainsi rejoindre les marquages au sol, de larges bandes blanches, ainsi que de gros blocs \u00e0 travers la chauss\u00e9e, emp\u00eachant la circulation automobile. Les anciens arr\u00eats de bus, laiss\u00e9s en l\u2019\u00e9tat, ont \u00e9t\u00e9 un rien relook\u00e9s.<\/p>\n<p>Tout a \u00e9t\u00e9 r\u00e9alis\u00e9 dans le cadre du projet Presqu\u2019\u00eele \u00e0 Vivre, dont l\u2019un des objectifs visait \u00e0 transf\u00e9rer la circulation des bus \u00e0 hauteur de la rue Grenette, afin de rendre pi\u00e9tonne l\u2019ensemble de la rue de la R\u00e9publique.<\/p>\n<p>  \u00ab\u00a0Nouvelle aire pi\u00e9tonne\u00a0\u00bb<\/p>\n<p>Du coup, et comme le rappellent les messages d\u2019information, cette \u00ab\u00a0nouvelle aire pi\u00e9tonne\u00a0\u00bb est r\u00e9glement\u00e9e\u00a0: les pi\u00e9tons y sont prioritaires, les v\u00e9los, trottinettes et autres monoroues sont invit\u00e9s \u00e0 rouler \u00ab\u00a0\u00e0 l\u2019allure du pas\u00a0\u00bb (6\u00a0km\/h) tandis que l\u2019acc\u00e8s livraisons est autoris\u00e9 de 6 heures \u00e0 11\u00a0h\u00a030.<\/p>\n<p>Ce jeudi en fin de matin\u00e9e, beaucoup de pi\u00e9tons h\u00e9sitent \u00e0 d\u00e9ambuler au centre de la chauss\u00e9e, certains se demandant s\u2019il s\u2019agit d\u2019une voie pi\u00e9tonne ou d\u2019une piste cyclable. \u00ab\u00a0Il y a beaucoup de v\u00e9los et certains vont vite\u00a0\u00bb, lance une passante, pr\u00e9f\u00e9rant utiliser le trottoir.<\/p>\n","protected":false},"excerpt":{"rendered":"\u00c0 la M\u00e9tropole de Lyon, on appelle cela du \u00ab\u00a0mobilier temporaire sp\u00e9cifique\u00a0\u00bb. L\u2019id\u00e9e \u00e9tant de \u00ab\u00a0commencer \u00e0 pr\u00e9figurer&hellip;\n","protected":false},"author":2,"featured_media":271568,"comment_status":"","ping_status":"","sticky":false,"template":"","format":"standard","meta":{"footnotes":""},"categories":[1889],"tags":[1111,11,2430,4749,1687,33,2757,1777,674,2271,1011,27,2428,2756,12,25,2429],"class_list":{"0":"post-271567","1":"post","2":"type-post","3":"status-publish","4":"format-standard","5":"has-post-thumbnail","7":"category-lyon","8":"tag-actu","9":"tag-actualites","10":"tag-auvergne-rhone-alpes","11":"tag-btp-et-chantiers","12":"tag-culture-loisirs","13":"tag-economie","14":"tag-edition-lyon-villeurbanne","15":"tag-eu","16":"tag-europe","17":"tag-exposition-arts-plastiques","18":"tag-fr","19":"tag-france","20":"tag-lyon","21":"tag-lyon-bassin","22":"tag-news","23":"tag-republique-francaise","24":"tag-rhone"},"share_on_mastodon":{"url":"https:\/\/pubeurope.com\/@fr\/114910856623443096","error":""},"_links":{"self":[{"href":"https:\/\/www.europesays.com\/fr\/wp-json\/wp\/v2\/posts\/271567","targetHints":{"allow":["GET"]}}],"collection":[{"href":"https:\/\/www.europesays.com\/fr\/wp-json\/wp\/v2\/posts"}],"about":[{"href":"https:\/\/www.europesays.com\/fr\/wp-json\/wp\/v2\/types\/post"}],"author":[{"embeddable":true,"href":"https:\/\/www.europesays.com\/fr\/wp-json\/wp\/v2\/users\/2"}],"replies":[{"embeddable":true,"href":"https:\/\/www.europesays.com\/fr\/wp-json\/wp\/v2\/comments?post=271567"}],"version-history":[{"count":0,"href":"https:\/\/www.europesays.com\/fr\/wp-json\/wp\/v2\/posts\/271567\/revisions"}],"wp:featuredmedia":[{"embeddable":true,"href":"https:\/\/www.europesays.com\/fr\/wp-json\/wp\/v2\/media\/271568"}],"wp:attachment":[{"href":"https:\/\/www.europesays.com\/fr\/wp-json\/wp\/v2\/media?parent=271567"}],"wp:term":[{"taxonomy":"category","embeddable":true,"href":"https:\/\/www.europesays.com\/fr\/wp-json\/wp\/v2\/categories?post=271567"},{"taxonomy":"post_tag","embeddable":true,"href":"https:\/\/www.europesays.com\/fr\/wp-json\/wp\/v2\/tags?post=271567"}],"curies":[{"name":"wp","href":"https:\/\/api.w.org\/{rel}","templated":true}]}}