{"id":271569,"date":"2025-07-24T23:43:17","date_gmt":"2025-07-24T23:43:17","guid":{"rendered":"https:\/\/www.europesays.com\/fr\/271569\/"},"modified":"2025-07-24T23:43:17","modified_gmt":"2025-07-24T23:43:17","slug":"voici-ou-ces-halles-gourmandes-de-3-200-m2-vont-bientot-ouvrir-proche-de-paris","status":"publish","type":"post","link":"https:\/\/www.europesays.com\/fr\/271569\/","title":{"rendered":"voici o\u00f9 ces halles gourmandes de 3 200 m2 vont bient\u00f4t ouvrir proche de Paris"},"content":{"rendered":"<p>\n        De nouvelles halles gourmandes vont bient\u00f4t voir le jour pr\u00e8s de Paris, avec \u00e0 la cl\u00e9 produits frais, artisans passionn\u00e9s et vraie convivialit\u00e9 au menu.    <\/p>\n<p class=\"standard\">En d\u00e9cembre 2025, une <strong>nouvelle adresse gourmande<\/strong> ouvrira ses portes dans un vaste <strong>march\u00e9 couvert de 3 200 m\u00b2<\/strong>, pens\u00e9 comme un lieu de vie autant que d\u2019approvisionnement. <\/p>\n<p class=\"standard\">Derri\u00e8re cette initiative, le <strong>groupe Biltoki<\/strong>, reconnu pour transformer d\u2019anciens b\u00e2timents en halles anim\u00e9es, o\u00f9 artisans, <strong>producteurs et restaurateurs<\/strong> se c\u00f4toient autour d\u2019une m\u00eame exigence : la qualit\u00e9. <\/p>\n<p class=\"standard\">Apr\u00e8s avoir s\u00e9duit le public avec leur premi\u00e8re halle francilienne<strong> \u00e0 Issy-les-Moulineaux<\/strong>, l&rsquo;entreprise basque s\u2019appr\u00eate \u00e0 r\u00e9\u00e9diter l\u2019exp\u00e9rience, cette fois dans un nouveau <strong>quartier en pleine dynamique<\/strong>. Le rendez-vous est donn\u00e9 \u00e0 Rueil-Malmaison.<\/p>\n<p>Une halle flambant neuve sur les traces du pass\u00e9<\/p>\n<p class=\"standard\">\u00c0 Rueil-Malmaison, c\u2019est dans l\u2019<strong>\u00e9coquartier de l\u2019Arsenal <\/strong>que Biltoki a choisi d\u2019implanter sa nouvelle <a href=\"https:\/\/www.marmiton.org\/tendance\/une-nouvelle-halle-gourmande-xxl-de-3200-m-va-ouvrir-ses-portes-tres-prochainement-dans-cette-ville-francaise-s4109367.html\" target=\"_blank\" rel=\"noopener\">halle gourmande<\/a>. Contrairement \u00e0 ses habitudes, le groupe basque n\u2019a pas ici <strong>r\u00e9habilit\u00e9 un b\u00e2timent ancien<\/strong>, mais con\u00e7u une construction enti\u00e8rement neuve. <\/p>\n<p class=\"standard\">Celle-ci viendra prendre la place de l\u2019<strong>ancienne Halle de l\u2019OTAN<\/strong>, un site technique qui \u00e9tait d\u00e9di\u00e9 \u00e0 l\u2019am\u00e9lioration de missiles am\u00e9ricains <strong>dans les ann\u00e9es 60 et 70<\/strong>, avant d\u2019\u00eatre laiss\u00e9 \u00e0 l\u2019abandon, rapporte <a href=\"https:\/\/www.lebonbon.fr\/paris\/actu\/nouvelle-halle-gourmande-3-200-m-paris\/\" rel=\"noopener noreferrer nofollow\" target=\"_blank\">Le Bonbon<\/a>. <\/p>\n<p class=\"standard\">Jug\u00e9 trop endommag\u00e9<strong> pour \u00eatre conserv\u00e9<\/strong>, le b\u00e2timent a \u00e9t\u00e9 d\u00e9moli, mais une <strong>partie des mat\u00e9riaux d\u2019origine<\/strong> sera r\u00e9cup\u00e9r\u00e9e pour donner vie au nouveau projet.<\/p>\n<p class=\"standard\">Le site, repens\u00e9 <strong>dans une logique durable<\/strong>, accueillera \u00e9galement de nombreuses plantations aux abords de la halle, pour en faire un <strong>espace agr\u00e9able \u00e0 vivre<\/strong> au fil des saisons.<\/p>\n<p class=\"standard\">L\u2019id\u00e9e : cr\u00e9er un lieu ouvert, o\u00f9 l\u2019on pourra <strong>s\u2019attabler dehors aux beaux jours<\/strong>, entre deux \u00e9tals de producteurs ou devant une assiette pr\u00e9par\u00e9e sur place. Avec cette future adresse, Biltoki continue d\u2019ancrer son savoir-faire <strong>dans le tissu francilien<\/strong>, en conjuguant qualit\u00e9 des produits, convivialit\u00e9 et respect du cadre urbain.<\/p>\n<p>Une future destination pour les gourmands<\/p>\n<p class=\"standard\">La halle de Rueil-Malmaison r\u00e9unira<strong> 24 stands soigneusement s\u00e9lectionn\u00e9s<\/strong>, tous tenus par des artisans ind\u00e9pendants au<strong> savoir-faire solide<\/strong>. <\/p>\n<p class=\"standard\">Bouchers, <a href=\"https:\/\/www.marmiton.org\/focus-ingredient\/les-traiteurs-et-boulangers-ont-un-secret-pour-une-quiche-bien-haute-et-epaisse-oubliez-votre-moule-a-tarte-s4114137.html\" target=\"_blank\" rel=\"noopener\">boulangers<\/a>, fromagers, traiteurs ou cavistes : chacun viendra avec ses <strong>produits de saison<\/strong>, ses sp\u00e9cialit\u00e9s maison et sa propre mani\u00e8re de faire saliver les visiteurs. L\u2019id\u00e9e n\u2019est pas seulement d\u2019y faire ses courses, mais de <strong>prendre le temps<\/strong>, s\u2019attabler, go\u00fbter, \u00e9changer, fl\u00e2ner entre les comptoirs et les \u00e9tals. <\/p>\n<p class=\"standard\">Ce sera un<strong> lieu de rencontres<\/strong> autant que de <a href=\"https:\/\/www.marmiton.org\/de-tous-les-jours\/encore-meilleure-qu-au-chocolat-cette-mousse-au-citron-est-d-une-legerete-et-gourmandise-absolue-pour-l-ete-s4116119.html\" target=\"_blank\" rel=\"noopener\">gourmandise<\/a>, pens\u00e9 pour accueillir aussi bien les curieux du quartier que les habitu\u00e9s venus <strong>s\u2019offrir un bon moment<\/strong>.<\/p>\n<p class=\"standard\">Et pour ceux qui voudraient <strong>prolonger l\u2019exp\u00e9rience<\/strong> au-del\u00e0 du march\u00e9, il suffira de traverser l\u2019esplanade pour pousser la porte de Monsieur Claude, le restaurant flambant neuf du<strong> <a href=\"https:\/\/www.marmiton.org\/chefs\/top-chef-ce-candidat-partage-sa-recette-croustillante-des-donuts-de-gnocchi-s4063874.html\" target=\"_blank\" rel=\"noopener\">chef Danny Khezzar<\/a><\/strong>.<\/p>\n<p class=\"standard\">Avec cette offre vari\u00e9e et un cadre repens\u00e9 <strong>pour la convivialit\u00e9<\/strong>, l\u2019adresse a tout pour devenir un nouveau <strong>rep\u00e8re en r\u00e9gion parisienne<\/strong>. D\u2019autant qu\u2019une fois la ligne 15 ouverte, il ne sera plus question de distance : tout ce petit monde sera \u00e0 port\u00e9e de m\u00e9tro.<\/p>\n<p class=\"standard\"><strong>\u00c0 lire aussi<\/strong> :\n<\/p>\n<p>    <a href=\"https:\/\/www.marmiton.org\/author\/27638\" target=\"_blank\" rel=\"noopener\"><br \/>\n        <img loading=\"lazy\" decoding=\"async\" src=\"https:\/\/www.europesays.com\/fr\/wp-content\/uploads\/2025\/07\/369194595_s50.jpeg\" width=\"50\" height=\"50\" alt=\"Fostine Carracillo\"\/><br \/>\n    <\/a><\/p>\n<p>            R\u00e9dactrice cuisine\n    <\/p>\n<p>R\u00e9dactrice passionn\u00e9e d&rsquo;exploration gustative, je me plais autant \u00e0 partager mes recettes pr\u00e9f\u00e9r\u00e9es qu&rsquo;\u00e0 me r\u00e9galer. Derri\u00e8re ma plume ? Des contenus 100 % test\u00e9s et approuv\u00e9s.\u00a0<br \/>\nQuand mon c\u0153ur ne \u2026<\/p>\n","protected":false},"excerpt":{"rendered":"De nouvelles halles gourmandes vont bient\u00f4t voir le jour pr\u00e8s de Paris, avec \u00e0 la cl\u00e9 produits frais,&hellip;\n","protected":false},"author":2,"featured_media":271570,"comment_status":"","ping_status":"","sticky":false,"template":"","format":"standard","meta":{"footnotes":""},"categories":[1888],"tags":[1111,1928,11,1927,8263,130,1777,674,1011,27,8265,23036,12,1926,626,1925,25,2923,8551],"class_list":{"0":"post-271569","1":"post","2":"type-post","3":"status-publish","4":"format-standard","5":"has-post-thumbnail","7":"category-paris","8":"tag-actu","9":"tag-actu-paris","10":"tag-actualites","11":"tag-actualites-paris","12":"tag-actus-food","13":"tag-consommation","14":"tag-eu","15":"tag-europe","16":"tag-fr","17":"tag-france","18":"tag-mieux-consommer","19":"tag-mieux-manger","20":"tag-news","21":"tag-news-paris","22":"tag-paris","23":"tag-paris-news","24":"tag-republique-francaise","25":"tag-restaurants","26":"tag-tendance"},"share_on_mastodon":{"url":"https:\/\/pubeurope.com\/@fr\/114910868636774517","error":""},"_links":{"self":[{"href":"https:\/\/www.europesays.com\/fr\/wp-json\/wp\/v2\/posts\/271569","targetHints":{"allow":["GET"]}}],"collection":[{"href":"https:\/\/www.europesays.com\/fr\/wp-json\/wp\/v2\/posts"}],"about":[{"href":"https:\/\/www.europesays.com\/fr\/wp-json\/wp\/v2\/types\/post"}],"author":[{"embeddable":true,"href":"https:\/\/www.europesays.com\/fr\/wp-json\/wp\/v2\/users\/2"}],"replies":[{"embeddable":true,"href":"https:\/\/www.europesays.com\/fr\/wp-json\/wp\/v2\/comments?post=271569"}],"version-history":[{"count":0,"href":"https:\/\/www.europesays.com\/fr\/wp-json\/wp\/v2\/posts\/271569\/revisions"}],"wp:featuredmedia":[{"embeddable":true,"href":"https:\/\/www.europesays.com\/fr\/wp-json\/wp\/v2\/media\/271570"}],"wp:attachment":[{"href":"https:\/\/www.europesays.com\/fr\/wp-json\/wp\/v2\/media?parent=271569"}],"wp:term":[{"taxonomy":"category","embeddable":true,"href":"https:\/\/www.europesays.com\/fr\/wp-json\/wp\/v2\/categories?post=271569"},{"taxonomy":"post_tag","embeddable":true,"href":"https:\/\/www.europesays.com\/fr\/wp-json\/wp\/v2\/tags?post=271569"}],"curies":[{"name":"wp","href":"https:\/\/api.w.org\/{rel}","templated":true}]}}