{"id":271571,"date":"2025-07-24T23:44:13","date_gmt":"2025-07-24T23:44:13","guid":{"rendered":"https:\/\/www.europesays.com\/fr\/271571\/"},"modified":"2025-07-24T23:44:13","modified_gmt":"2025-07-24T23:44:13","slug":"un-entretien-durgence-sur-gaza-se-tiendra-vendredi-entre-paris-londres-et-berlin-2","status":"publish","type":"post","link":"https:\/\/www.europesays.com\/fr\/271571\/","title":{"rendered":"un \u00ab\u00a0entretien d&rsquo;urgence\u00a0\u00bb sur Gaza se tiendra vendredi entre Paris, Londres et Berlin"},"content":{"rendered":"<p>Un \u00ab\u00a0entretien d&rsquo;urgence\u00a0\u00bb entre Paris, Londres et Berlin se tiendra vendredi sur la situation \u00e0 <a data-i13n=\"cpos:1;pos:1\" href=\"https:\/\/fr.news.yahoo.com\/entraves-terrain-lonu-ne-sait-182014000.html\" data-ylk=\"slk:Gaza;cpos:1;pos:1;elm:context_link;itc:0;sec:content-canvas;outcm:mb_qualified_link;_E:mb_qualified_link;ct:story;\" class=\"link  yahoo-link\" target=\"_blank\" rel=\"noopener\">Gaza<\/a>, o\u00f9 \u00ab\u00a0les souffrances et la famine\u00a0\u00bb sont \u00ab\u00a0ind\u00e9fendables\u00a0\u00bb, a annonc\u00e9 jeudi le Premier ministre britannique Keir Starmer.<\/p>\n<p>\u00ab\u00a0Je tiendrai demain (vendredi) un appel d&rsquo;urgence avec les partenaires de l&rsquo;E3 (France, Allemagne et Royaume-Uni), au cours duquel nous discuterons de ce que nous pouvons faire de toute urgence pour arr\u00eater les massacres et fournir \u00e0 la population la nourriture dont elle a d\u00e9sesp\u00e9r\u00e9ment besoin\u00a0\u00bb, a d\u00e9clar\u00e9 Keir Starmer dans un communiqu\u00e9, ajoutant qu&rsquo;un futur cessez-le-feu \u00e0 Gaza \u00ab\u00a0nous mettra sur la voie de la reconnaissance d&rsquo;un \u00c9tat palestinien\u00a0\u00bb.<\/p>\n<p>La situation \u00e0 Gaza \u00ab\u00a0a atteint un nouveau seuil critique et continue d&#8217;empirer. Nous assistons \u00e0 une catastrophe humanitaire\u00a0\u00bb, a insist\u00e9 le dirigeant britannique.<\/p>\n<p>Des n\u00e9gociations compliqu\u00e9es avec le Hamas<\/p>\n<p>Isra\u00ebl fait face \u00e0 une pression internationale croissante pour mettre fin aux souffrances des plus de 2 millions d&rsquo;habitants du territoire palestinien, soumis \u00e0 un blocus qui les prive d&rsquo;une <a data-i13n=\"cpos:2;pos:1\" href=\"https:\/\/fr.news.yahoo.com\/entraves-terrain-lonu-ne-sait-182014000.html\" data-ylk=\"slk:aide humanitaire vitale.;cpos:2;pos:1;elm:context_link;itc:0;sec:content-canvas;outcm:mb_qualified_link;_E:mb_qualified_link;ct:story;\" class=\"link  yahoo-link\" target=\"_blank\" rel=\"noopener\">aide humanitaire vitale. <\/a><\/p>\n<p>Paris, Londres et Berlin s&rsquo;accordent \u00ab\u00a0sur la n\u00e9cessit\u00e9 urgente pour Isra\u00ebl de changer de cap et de permettre \u00e0 l&rsquo;aide dont Gaza a d\u00e9sesp\u00e9r\u00e9ment besoin d&rsquo;entrer sans d\u00e9lai\u00a0\u00bb, a encore affirm\u00e9 Keir Starmer.<\/p>\n<p>Il a \u00e9galement insist\u00e9 sur le fait que l&rsquo;existence d&rsquo;un \u00c9tat de Palestine est \u00ab\u00a0un droit inali\u00e9nable du peuple palestinien\u00a0\u00bb.<\/p>\n<p>\u00ab\u00a0Un cessez-le-feu \u00e0 Gaza nous mettra sur la voie de la reconnaissance d&rsquo;un \u00c9tat palestinien et d&rsquo;une solution \u00e0 deux \u00c9tats qui garantira la paix et la s\u00e9curit\u00e9 pour les Palestiniens et les Isra\u00e9liens\u00a0\u00bb, a-t-il ajout\u00e9.<\/p>\n<p>Jeudi, Isra\u00ebl a annonc\u00e9 rappeler pour consultation ses n\u00e9gociateurs engag\u00e9s au Qatar dans <a data-i13n=\"cpos:3;pos:1\" href=\"https:\/\/fr.news.yahoo.com\/guerre-%C3%A0-gaza-isra%C3%ABl-dit-071754232.html\" data-ylk=\"slk:des pourparlers indirects avec le Hamas;cpos:3;pos:1;elm:context_link;itc:0;sec:content-canvas;outcm:mb_qualified_link;_E:mb_qualified_link;ct:story;\" class=\"link  yahoo-link\" target=\"_blank\" rel=\"noopener\">des pourparlers indirects avec le Hamas<\/a>, sous m\u00e9diation qatarie, am\u00e9ricaine et \u00e9gyptienne, et qui n&rsquo;ont \u00e0 ce jour abouti \u00e0 aucun r\u00e9sultat concret.<\/p>\n<p>Les \u00c9tats-Unis ont annonc\u00e9 que l&rsquo;\u00e9missaire de la Maison Blanche Steve Witkoff devait tenir des pourparlers en Europe cette semaine sur un cessez-le-feu et un \u00ab\u00a0corridor humanitaire\u00a0\u00bb.<\/p>\n<p><a data-i13n=\"cpos:4;pos:1\" href=\"https:\/\/www.bfmtv.com\/international\/moyen-orient\/palestine\/arreter-les-massacres-un-entretien-d-urgence-sur-gaza-se-tiendra-vendredi-entre-paris-londres-et-berlin_AD-202507240509.html#xtor=AL-68\" rel=\"nofollow noopener\" target=\"_blank\" data-ylk=\"slk:Article original publi\u00e9 sur BFMTV.com;cpos:4;pos:1;elm:context_link;itc:0;sec:content-canvas\" class=\"link \">Article original publi\u00e9 sur BFMTV.com<\/a><\/p>\n","protected":false},"excerpt":{"rendered":"Un \u00ab\u00a0entretien d&rsquo;urgence\u00a0\u00bb entre Paris, Londres et Berlin se tiendra vendredi sur la situation \u00e0 Gaza, o\u00f9 \u00ab\u00a0les&hellip;\n","protected":false},"author":2,"featured_media":271572,"comment_status":"","ping_status":"","sticky":false,"template":"","format":"standard","meta":{"footnotes":""},"categories":[1888],"tags":[1111,1928,11,1927,41114,1898,8421,1777,674,1011,27,665,2581,4534,12,1926,626,1925,25,6949],"class_list":{"0":"post-271571","1":"post","2":"type-post","3":"status-publish","4":"format-standard","5":"has-post-thumbnail","7":"category-paris","8":"tag-actu","9":"tag-actu-paris","10":"tag-actualites","11":"tag-actualites-paris","12":"tag-appel-durgence","13":"tag-berlin","14":"tag-etat-palestinien","15":"tag-eu","16":"tag-europe","17":"tag-fr","18":"tag-france","19":"tag-gaza","20":"tag-keir-starmer","21":"tag-londres","22":"tag-news","23":"tag-news-paris","24":"tag-paris","25":"tag-paris-news","26":"tag-republique-francaise","27":"tag-vendredi"},"share_on_mastodon":{"url":"https:\/\/pubeurope.com\/@fr\/114910872408761654","error":""},"_links":{"self":[{"href":"https:\/\/www.europesays.com\/fr\/wp-json\/wp\/v2\/posts\/271571","targetHints":{"allow":["GET"]}}],"collection":[{"href":"https:\/\/www.europesays.com\/fr\/wp-json\/wp\/v2\/posts"}],"about":[{"href":"https:\/\/www.europesays.com\/fr\/wp-json\/wp\/v2\/types\/post"}],"author":[{"embeddable":true,"href":"https:\/\/www.europesays.com\/fr\/wp-json\/wp\/v2\/users\/2"}],"replies":[{"embeddable":true,"href":"https:\/\/www.europesays.com\/fr\/wp-json\/wp\/v2\/comments?post=271571"}],"version-history":[{"count":0,"href":"https:\/\/www.europesays.com\/fr\/wp-json\/wp\/v2\/posts\/271571\/revisions"}],"wp:featuredmedia":[{"embeddable":true,"href":"https:\/\/www.europesays.com\/fr\/wp-json\/wp\/v2\/media\/271572"}],"wp:attachment":[{"href":"https:\/\/www.europesays.com\/fr\/wp-json\/wp\/v2\/media?parent=271571"}],"wp:term":[{"taxonomy":"category","embeddable":true,"href":"https:\/\/www.europesays.com\/fr\/wp-json\/wp\/v2\/categories?post=271571"},{"taxonomy":"post_tag","embeddable":true,"href":"https:\/\/www.europesays.com\/fr\/wp-json\/wp\/v2\/tags?post=271571"}],"curies":[{"name":"wp","href":"https:\/\/api.w.org\/{rel}","templated":true}]}}