{"id":271579,"date":"2025-07-24T23:48:18","date_gmt":"2025-07-24T23:48:18","guid":{"rendered":"https:\/\/www.europesays.com\/fr\/271579\/"},"modified":"2025-07-24T23:48:18","modified_gmt":"2025-07-24T23:48:18","slug":"de-nouvelles-attaques-en-ukraine-qui-evacue-le-front-est-2","status":"publish","type":"post","link":"https:\/\/www.europesays.com\/fr\/271579\/","title":{"rendered":"De nouvelles attaques en Ukraine, qui \u00e9vacue le front est"},"content":{"rendered":"<p>Vous avez rat\u00e9 les derniers \u00e9v\u00e9nements sur la <a href=\"https:\/\/www.20minutes.fr\/monde\/ukraine\/\" class=\"color-ultramarine c-link\" target=\"_blank\" rel=\"noopener\">guerre en Ukraine<\/a>\u00a0? 20 Minutes fait le point pour vous tous les soirs. Voici l\u2019essentiel de ce jeudi 24\u00a0juillet, 1.247e jour du conflit.<\/p>\n<p>Le fait du jour<\/p>\n<p>Cinq personnes ont \u00e9t\u00e9 tu\u00e9es et des dizaines d\u2019autres bless\u00e9es dans des frappes russes en Ukraine, ce jeudi. Deux personnes ont perdu la vie et 14 autres ont \u00e9t\u00e9 bless\u00e9es dans la journ\u00e9e \u00e0 Kostiantynivka, a d\u00e9clar\u00e9 Vadym Filachkine, le gouverneur de la r\u00e9gion orientale de <a href=\"https:\/\/www.20minutes.fr\/dossier\/donetsk\" class=\"color-ultramarine c-link\" target=\"_blank\" rel=\"noopener\">Donetsk<\/a>, pr\u00e9cisant que \u00ab\u00a0les Russes ont largu\u00e9 quatre <a href=\"https:\/\/www.20minutes.fr\/monde\/bombe\/\" target=\"_blank\" class=\"color-ultramarine c-link\" rel=\"noopener\">bombes<\/a> sur la ville et l\u2019ont bombard\u00e9e avec de l\u2019artillerie\u00a0\u00bb. Il a par ailleurs annonc\u00e9 le d\u00e9but de l\u2019<a href=\"https:\/\/www.20minutes.fr\/dossier\/evacuation\" target=\"_blank\" class=\"color-ultramarine c-link\" rel=\"noopener\">\u00e9vacuation<\/a> forc\u00e9e des familles avec enfants de la cit\u00e9 de Dobropillia et de neuf autres localit\u00e9s situ\u00e9es pr\u00e8s du front, o\u00f9 les troupes russes continuent de grignoter du terrain.<\/p>\n<\/p>\n<p>Auparavant, dans la nuit, une frappe russe sur un village pr\u00e8s d\u2019Izioum (nord-est) a caus\u00e9 la mort d\u2019un couple et de son fils de 36 ans \u00e0 leur domicile, a fait savoir le parquet de la r\u00e9gion de Kharkiv, dans laquelle se trouve la localit\u00e9. Kharkiv, la capitale r\u00e9gionale, a elle aussi \u00e9t\u00e9 la cible, jeudi, de <a href=\"https:\/\/www.20minutes.fr\/monde\/bombardement\/\" target=\"_blank\" class=\"color-ultramarine c-link\" rel=\"noopener\">bombardements<\/a>, qui ont fait 42 bless\u00e9s, selon son maire Igor Terekhov.<\/p>\n<p>La d\u00e9claration du jour<\/p>\n<blockquote class=\"mx-m@xs mx-xxl@md color-ultramarine c-citation\">\n<p class=\"font-weight-regular@xs text-italic font-source-serif-pro text-l@xs c-citation__content\">\u00ab\u00a0La priorit\u00e9 num\u00e9ro un est d&rsquo;organiser la rencontre des dirigeants, des pr\u00e9sidents.\u00a0\u00bb<\/p>\n<\/blockquote>\n<p>Le nouveau round de pourparlers entre la <a href=\"https:\/\/www.20minutes.fr\/monde\/russie\/\" class=\"color-ultramarine c-link\" target=\"_blank\" rel=\"noopener\">Russie<\/a> et l\u2019Ukraine, mercredi, \u00e0 Istanbul, n\u2019a pas donn\u00e9 grand-chose dans l\u2019imm\u00e9diat. Les deux d\u00e9l\u00e9gations ont constat\u00e9 \u00ab\u00a0l\u2019\u00e9loignement\u00a0\u00bb de leurs positions respectives. N\u00e9anmoins, cette rencontre a entrouvert la porte \u00e0 un futur meeting entre <a href=\"https:\/\/www.20minutes.fr\/monde\/volodymyr-zelensky\/\" class=\"color-ultramarine c-link\" target=\"_blank\" rel=\"noopener\">Volodymyr Zelensky<\/a> et <a href=\"https:\/\/www.20minutes.fr\/monde\/vladimir_poutine\/\" class=\"color-ultramarine c-link\" target=\"_blank\" rel=\"noopener\">Vladimir Poutine<\/a>, ce qui n\u2019est toujours pas arriv\u00e9 depuis le d\u00e9but du conflit. Par ailleurs, la Russie et l\u2019Ukraine sont tout de m\u00eame parvenus \u00e0 se mettre d\u2019accord pour un nouvel \u00e9change de 1.200 prisonniers de chaque c\u00f4t\u00e9.<\/p>\n<p>La tendance du jour<\/p>\n<p>Retour en arri\u00e8re ou communication de crise\u00a0? Le pr\u00e9sident ukrainien Volodymyr Zelensky a annonc\u00e9 jeudi proposer un nouveau projet de loi pour assurer \u00ab\u00a0l\u2019ind\u00e9pendance\u00a0\u00bb des structures anticorruption, \u00e0 la suite du toll\u00e9 suscit\u00e9 par le vote d\u2019une mesure r\u00e9duisant leur autonomie. Cette annonce intervient deux jours apr\u00e8s le vote par le Parlement d\u2019une nouvelle loi qui a plac\u00e9 le Bureau national anticorruption (Nabu) et le parquet sp\u00e9cialis\u00e9 anticorruption (SAP) sous l\u2019autorit\u00e9 directe du procureur g\u00e9n\u00e9ral, nomm\u00e9 quant \u00e0 lui par le pr\u00e9sident.<\/p>\n<p>Le document, imm\u00e9diatement promulgu\u00e9 par le chef de l\u2019Etat, a provoqu\u00e9 la col\u00e8re de l\u2019<a href=\"https:\/\/www.20minutes.fr\/dossier\/ue\" class=\"color-ultramarine c-link\" target=\"_blank\" rel=\"noopener\">UE<\/a>, un soutien cl\u00e9 de <a href=\"https:\/\/www.20minutes.fr\/dossier\/kiev\" target=\"_blank\" class=\"color-ultramarine c-link\" rel=\"noopener\">Kiev<\/a> face \u00e0 l\u2019invasion russe, et les premi\u00e8res manifestations d\u2019ampleur depuis le d\u00e9but de la guerre en\u00a02022. Certains analystes ukrainiens ont pr\u00e9venu que ce texte risquait de bloquer l\u2019adh\u00e9sion de l\u2019Ukraine \u00e0 l\u2019Union europ\u00e9enne, voire potentiellement d\u2019entra\u00eener une r\u00e9duction de l\u2019aide financi\u00e8re internationale, cruciale pour sa capacit\u00e9 \u00e0 se d\u00e9fendre.<\/p>\n","protected":false},"excerpt":{"rendered":"Vous avez rat\u00e9 les derniers \u00e9v\u00e9nements sur la guerre en Ukraine\u00a0? 20 Minutes fait le point pour vous&hellip;\n","protected":false},"author":2,"featured_media":271580,"comment_status":"","ping_status":"","sticky":false,"template":"","format":"standard","meta":{"footnotes":""},"categories":[1590],"tags":[47,11,1770,1777,674,131,310,4997,74,1916,12,8013,132,220,135,134],"class_list":{"0":"post-271579","1":"post","2":"type-post","3":"status-publish","4":"format-standard","5":"has-post-thumbnail","7":"category-ukraine","8":"tag-actualite","9":"tag-actualites","10":"tag-corruption","11":"tag-eu","12":"tag-europe","13":"tag-guerre-en-ukraine","14":"tag-internet","15":"tag-kiev-kyiv","16":"tag-monde","17":"tag-moscou","18":"tag-news","19":"tag-russe","20":"tag-russie","21":"tag-ukraine","22":"tag-vladimir-poutine","23":"tag-volodymyr-zelensky"},"share_on_mastodon":{"url":"https:\/\/pubeurope.com\/@fr\/114910888168451727","error":""},"_links":{"self":[{"href":"https:\/\/www.europesays.com\/fr\/wp-json\/wp\/v2\/posts\/271579","targetHints":{"allow":["GET"]}}],"collection":[{"href":"https:\/\/www.europesays.com\/fr\/wp-json\/wp\/v2\/posts"}],"about":[{"href":"https:\/\/www.europesays.com\/fr\/wp-json\/wp\/v2\/types\/post"}],"author":[{"embeddable":true,"href":"https:\/\/www.europesays.com\/fr\/wp-json\/wp\/v2\/users\/2"}],"replies":[{"embeddable":true,"href":"https:\/\/www.europesays.com\/fr\/wp-json\/wp\/v2\/comments?post=271579"}],"version-history":[{"count":0,"href":"https:\/\/www.europesays.com\/fr\/wp-json\/wp\/v2\/posts\/271579\/revisions"}],"wp:featuredmedia":[{"embeddable":true,"href":"https:\/\/www.europesays.com\/fr\/wp-json\/wp\/v2\/media\/271580"}],"wp:attachment":[{"href":"https:\/\/www.europesays.com\/fr\/wp-json\/wp\/v2\/media?parent=271579"}],"wp:term":[{"taxonomy":"category","embeddable":true,"href":"https:\/\/www.europesays.com\/fr\/wp-json\/wp\/v2\/categories?post=271579"},{"taxonomy":"post_tag","embeddable":true,"href":"https:\/\/www.europesays.com\/fr\/wp-json\/wp\/v2\/tags?post=271579"}],"curies":[{"name":"wp","href":"https:\/\/api.w.org\/{rel}","templated":true}]}}