{"id":271581,"date":"2025-07-24T23:49:13","date_gmt":"2025-07-24T23:49:13","guid":{"rendered":"https:\/\/www.europesays.com\/fr\/271581\/"},"modified":"2025-07-24T23:49:13","modified_gmt":"2025-07-24T23:49:13","slug":"les-etats-unis-interrompent-leurs-negociations-de-cessez-le-feu-dans-la-bande-de-gaza","status":"publish","type":"post","link":"https:\/\/www.europesays.com\/fr\/271581\/","title":{"rendered":"Les \u00c9tats-Unis interrompent leurs n\u00e9gociations de cessez-le-feu dans la bande de Gaza"},"content":{"rendered":"<p>\u00abBien que les m\u00e9diateurs aient d\u00e9ploy\u00e9 des efforts consid\u00e9rables, le Hamas ne semble pas coordonner ni agir de bonne foi, a indiqu\u00e9 M. Witkoff dans un communiqu\u00e9. Nous allons maintenant envisager d&rsquo;autres options pour rapatrier les otages et tenter de cr\u00e9er un environnement plus stable pour la population de la bande de Gaza.\u00bb<\/p>\n<p>Il n&rsquo;a pas \u00e9t\u00e9 pr\u00e9cis\u00e9 quelles \u00abautres options\u00bb les \u00c9tats-Unis envisageaient. La Maison-Blanche n&rsquo;a pas fait de commentaire dans l&rsquo;imm\u00e9diat.<\/p>\n<p>Lors d&rsquo;un point de presse jeudi, le porte-parole du d\u00e9partement d&rsquo;\u00c9tat, Tommy Pigott, n&rsquo;a pas voulu donner de d\u00e9tails. Il a d\u00e9clar\u00e9 que la \u00absituation est tr\u00e8s dynamique\u00bb et que l&rsquo;engagement des \u00c9tats-Unis \u00e0 parvenir \u00e0 un cessez-le-feu n&rsquo;avait jamais \u00e9t\u00e9 remis en question, mais celui du Hamas.<\/p>\n<p>L&rsquo;administration Trump s&rsquo;efforce depuis des mois de parvenir \u00e0 un accord de cessez-le-feu entre Isra\u00ebl et le Hamas, alors que la situation se d\u00e9grade dans la bande de Gaza. Le territoire a r\u00e9cemment connu sa journ\u00e9e la plus meurtri\u00e8re pour les demandeurs d&rsquo;aide en plus de 21 mois de guerre. Au moins 85 Palestiniens ont \u00e9t\u00e9 tu\u00e9s dimanche alors qu&rsquo;ils tentaient d&rsquo;obtenir de la nourriture.<\/p>\n<p>Les parties ont tenu des semaines de n\u00e9gociations au Qatar, faisant \u00e9tat de l\u00e9gers progr\u00e8s, mais sans avanc\u00e9es majeures. Des responsables ont indiqu\u00e9 que le principal point de friction \u00e9tait le red\u00e9ploiement des troupes isra\u00e9liennes apr\u00e8s un \u00e9ventuel cessez-le-feu.<\/p>\n<p>Selon M. Witkoff, les \u00c9tats-Unis sont \u00abr\u00e9solus\u00bb \u00e0 rechercher une fin au conflit dans la bande de Gaza et il est \u00abhonteux que le Hamas ait agi de mani\u00e8re aussi \u00e9go\u00efste\u00bb.<\/p>\n<p>\n                \u00a0<\/p>\n<p>Le cabinet du premier ministre isra\u00e9lien Benjamin N\u00e9tanyahou a rappel\u00e9 jeudi matin l&rsquo;\u00e9quipe de n\u00e9gociation de son pays en Isra\u00ebl \u00e0 la suite de la r\u00e9ponse du Hamas. Dans un bref communiqu\u00e9, le cabinet du premier ministre a salu\u00e9 les efforts de M. Witkoff et des m\u00e9diateurs qataris et \u00e9gyptiens, sans toutefois donner plus de d\u00e9tails.<\/p>\n<p>L&rsquo;accord en discussion devrait inclure un cessez-le-feu initial de 60 jours, au cours duquel le Hamas lib\u00e9rerait 10 otages vivants et les d\u00e9pouilles de 18 autres par \u00e9tapes, en \u00e9change de Palestiniens emprisonn\u00e9s par Isra\u00ebl. L&rsquo;aide humanitaire serait renforc\u00e9e et les deux parties n\u00e9gocieraient un cessez-le-feu durable.<\/p>\n<p>Les n\u00e9gociations ont \u00e9t\u00e9 entrav\u00e9es par des demandes concurrentes visant \u00e0 mettre fin \u00e0 la guerre. Le Hamas affirme qu&rsquo;il ne lib\u00e9rera tous les otages qu&rsquo;en \u00e9change d&rsquo;un retrait isra\u00e9lien complet et de la fin de la guerre. Isra\u00ebl soutient qu&rsquo;il n&rsquo;acceptera pas de mettre fin \u00e0 la guerre tant que le Hamas n&rsquo;aura pas renonc\u00e9 au pouvoir et d\u00e9sarm\u00e9, une condition que le groupe militant rejette.<\/p>\n<p>Le Hamas d\u00e9tiendrait les otages \u00e0 diff\u00e9rents endroits, notamment dans des tunnels, et affirme avoir ordonn\u00e9 \u00e0 ses gardes de les tuer si les forces isra\u00e9liennes s&rsquo;approchaient.<\/p>\n<p>L&rsquo;\u00e9chec des n\u00e9gociations est le dernier revers en date pour Donald Trump, qui a tent\u00e9 de se positionner en artisan de la paix et n&rsquo;a pas cach\u00e9 son souhait de recevoir le prix Nobel de la paix. Le pr\u00e9sident r\u00e9publicain avait \u00e9galement promis de n\u00e9gocier rapidement la fin de la guerre men\u00e9e par la Russie en Ukraine, mais peu de progr\u00e8s ont \u00e9t\u00e9 r\u00e9alis\u00e9s sur ce plan.<\/p>\n<p>Isra\u00ebl critiqu\u00e9 pour son r\u00f4le<\/p>\n<p>Isra\u00ebl est soumis \u00e0 une pression croissante : 28 pays proches de l&rsquo;Occident appellent \u00e0 la fin de la guerre et critiquent s\u00e9v\u00e8rement le blocus isra\u00e9lien et le nouveau mod\u00e8le d&rsquo;acheminement de l&rsquo;aide qu&rsquo;il a mis en place.<\/p>\n<p>Plus de 100 organisations caritatives et de d\u00e9fense des droits de la personne ont publi\u00e9 une lettre similaire, affirmant que m\u00eame leur propre personnel peine \u00e0 se nourrir.<\/p>\n<p>Les \u00c9tats-Unis et Isra\u00ebl ont rejet\u00e9 ces all\u00e9gations et accus\u00e9 le Hamas de prolonger la guerre en refusant leurs conditions de cessez-le-feu.<\/p>\n<p>Isra\u00ebl affirme autoriser l&rsquo;arriv\u00e9e d&rsquo;une aide suffisante et reproche aux agences des Nations unies de ne pas la distribuer. Ces agences soulignent toutefois qu&rsquo;il est quasiment impossible de l&rsquo;acheminer en toute s\u00e9curit\u00e9 en raison des restrictions isra\u00e9liennes et de l&rsquo;effondrement de l&rsquo;ordre public, des milliers de personnes d\u00e9chargeant des camions de nourriture d\u00e8s leur arriv\u00e9e dans la bande de Gaza.<\/p>\n<p>Un syst\u00e8me distinct, soutenu par Isra\u00ebl et g\u00e9r\u00e9 par un sous-traitant am\u00e9ricain, a \u00e9galement \u00e9t\u00e9 entach\u00e9 par le chaos.<\/p>\n<p>Le D\u00e9partement d&rsquo;\u00c9tat a de nouveau d\u00e9fendu le syst\u00e8me d&rsquo;acheminement de l&rsquo;aide dans la bande de Gaza, soutenu par les \u00c9tats-Unis, malgr\u00e9 les affirmations d&rsquo;organisations internationales et non gouvernementales selon lesquelles il ne suffisait pas \u00e0 faire face \u00e0 la faim et \u00e0 la malnutrition croissantes dans cette zone d\u00e9chir\u00e9e par la guerre.<\/p>\n<p>\u00abBien s\u00fbr, nous souhaitons la fin de la d\u00e9vastation qui s\u00e9vit dans la bande de Gaza, a mentionn\u00e9 M. Pigott. C&rsquo;est pourquoi nous avons soutenu la Fondation humanitaire pour Gaza. C&rsquo;est pourquoi nous avons vu ces 90 millions de repas distribu\u00e9s.\u00bb<\/p>\n","protected":false},"excerpt":{"rendered":"\u00abBien que les m\u00e9diateurs aient d\u00e9ploy\u00e9 des efforts consid\u00e9rables, le Hamas ne semble pas coordonner ni agir de&hellip;\n","protected":false},"author":2,"featured_media":271582,"comment_status":"","ping_status":"","sticky":false,"template":"","format":"standard","meta":{"footnotes":""},"categories":[1589],"tags":[11,73,1866,12,1864,1865,1863,308],"class_list":{"0":"post-271581","1":"post","2":"type-post","3":"status-publish","4":"format-standard","5":"has-post-thumbnail","7":"category-etats-unis","8":"tag-actualites","9":"tag-etats-unis","10":"tag-etats-unis-damerique","11":"tag-news","12":"tag-united-states","13":"tag-united-states-of-america","14":"tag-us","15":"tag-usa"},"share_on_mastodon":{"url":"https:\/\/pubeurope.com\/@fr\/114910892106899833","error":""},"_links":{"self":[{"href":"https:\/\/www.europesays.com\/fr\/wp-json\/wp\/v2\/posts\/271581","targetHints":{"allow":["GET"]}}],"collection":[{"href":"https:\/\/www.europesays.com\/fr\/wp-json\/wp\/v2\/posts"}],"about":[{"href":"https:\/\/www.europesays.com\/fr\/wp-json\/wp\/v2\/types\/post"}],"author":[{"embeddable":true,"href":"https:\/\/www.europesays.com\/fr\/wp-json\/wp\/v2\/users\/2"}],"replies":[{"embeddable":true,"href":"https:\/\/www.europesays.com\/fr\/wp-json\/wp\/v2\/comments?post=271581"}],"version-history":[{"count":0,"href":"https:\/\/www.europesays.com\/fr\/wp-json\/wp\/v2\/posts\/271581\/revisions"}],"wp:featuredmedia":[{"embeddable":true,"href":"https:\/\/www.europesays.com\/fr\/wp-json\/wp\/v2\/media\/271582"}],"wp:attachment":[{"href":"https:\/\/www.europesays.com\/fr\/wp-json\/wp\/v2\/media?parent=271581"}],"wp:term":[{"taxonomy":"category","embeddable":true,"href":"https:\/\/www.europesays.com\/fr\/wp-json\/wp\/v2\/categories?post=271581"},{"taxonomy":"post_tag","embeddable":true,"href":"https:\/\/www.europesays.com\/fr\/wp-json\/wp\/v2\/tags?post=271581"}],"curies":[{"name":"wp","href":"https:\/\/api.w.org\/{rel}","templated":true}]}}