{"id":271585,"date":"2025-07-24T23:51:12","date_gmt":"2025-07-24T23:51:12","guid":{"rendered":"https:\/\/www.europesays.com\/fr\/271585\/"},"modified":"2025-07-24T23:51:12","modified_gmt":"2025-07-24T23:51:12","slug":"allemagne-occupation-dun-immeuble-pour-maja-%f0%9f%94%b4-info-libertaire","status":"publish","type":"post","link":"https:\/\/www.europesays.com\/fr\/271585\/","title":{"rendered":"[Allemagne] Occupation d\u2019un immeuble pour Maja \u2013 \ud83d\udd34 Info Libertaire"},"content":{"rendered":"<p>Le 15\u00a0juillet, des activistes de la coordination \u00ab\u00a0Libert\u00e9 pour Maja \u2013 Leipzig\u00a0\u00bb ont d\u00e9cid\u00e9 d\u2019occuper l\u2019immeuble situ\u00e9 au 28 de la Bernhardstra\u00dfe \u00e0 Leipzig (Saxe). La police est intervenue mais l\u2019immeuble avait \u00e9t\u00e9 \u00e9vacu\u00e9s par ses occupants avant cette intervention. Cela est r\u00e9alis\u00e9 pour l\u2019antifasciste Maja, qui est en d\u00e9tention \u00e0 l\u2019isolement, en Hongrie, depuis plus d\u2019un an. Maja a \u00e9t\u00e9 ill\u00e9galement extrad\u00e9.e vers la Hongrie\u00a0; avec la collaboration des autorit\u00e9s du Land de Saxe. Les actions ne cessent pas pour Maja\u00a0: le 21\u00a0juillet, une succursale de la soci\u00e9t\u00e9 Sachsenforst, dans le quartier de Connewitz, \u00e0 Leipzig a \u00e9t\u00e9 attaqu\u00e9e. Sachsenforst, qui appartient au Land de Saxe, a jou\u00e9 un r\u00f4le majeur dans l\u2019expulsion du Heibo, une for\u00eat occup\u00e9e pr\u00e8s de Dresde, entre 2021 et la mi-f\u00e9vrier 2023, pour emp\u00eacher qu\u2019elle soit d\u00e9frich\u00e9e pour y creuser une carri\u00e8re de gravier. A cela s\u2019ajoutent comme <br \/>\u00e0 chaque fois de nombreux accrochages de banderoles et tags, y compris sur le fameux h\u00f4tel de ville de Hambourg et dans les rues de Mexico\u2026 <\/p>\n","protected":false},"excerpt":{"rendered":"Le 15\u00a0juillet, des activistes de la coordination \u00ab\u00a0Libert\u00e9 pour Maja \u2013 Leipzig\u00a0\u00bb ont d\u00e9cid\u00e9 d\u2019occuper l\u2019immeuble situ\u00e9 au&hellip;\n","protected":false},"author":2,"featured_media":60091,"comment_status":"","ping_status":"","sticky":false,"template":"","format":"standard","meta":{"footnotes":""},"categories":[1587],"tags":[11,672,1804,1805,1803,1777,674,1801,12,1802],"class_list":{"0":"post-271585","1":"post","2":"type-post","3":"status-publish","4":"format-standard","5":"has-post-thumbnail","7":"category-allemagne","8":"tag-actualites","9":"tag-allemagne","10":"tag-bundesrepublik-deutschland","11":"tag-de","12":"tag-deutschland","13":"tag-eu","14":"tag-europe","15":"tag-germany","16":"tag-news","17":"tag-republique-federale-dallemagne"},"share_on_mastodon":{"url":"https:\/\/pubeurope.com\/@fr\/114910899975637982","error":""},"_links":{"self":[{"href":"https:\/\/www.europesays.com\/fr\/wp-json\/wp\/v2\/posts\/271585","targetHints":{"allow":["GET"]}}],"collection":[{"href":"https:\/\/www.europesays.com\/fr\/wp-json\/wp\/v2\/posts"}],"about":[{"href":"https:\/\/www.europesays.com\/fr\/wp-json\/wp\/v2\/types\/post"}],"author":[{"embeddable":true,"href":"https:\/\/www.europesays.com\/fr\/wp-json\/wp\/v2\/users\/2"}],"replies":[{"embeddable":true,"href":"https:\/\/www.europesays.com\/fr\/wp-json\/wp\/v2\/comments?post=271585"}],"version-history":[{"count":0,"href":"https:\/\/www.europesays.com\/fr\/wp-json\/wp\/v2\/posts\/271585\/revisions"}],"wp:featuredmedia":[{"embeddable":true,"href":"https:\/\/www.europesays.com\/fr\/wp-json\/wp\/v2\/media\/60091"}],"wp:attachment":[{"href":"https:\/\/www.europesays.com\/fr\/wp-json\/wp\/v2\/media?parent=271585"}],"wp:term":[{"taxonomy":"category","embeddable":true,"href":"https:\/\/www.europesays.com\/fr\/wp-json\/wp\/v2\/categories?post=271585"},{"taxonomy":"post_tag","embeddable":true,"href":"https:\/\/www.europesays.com\/fr\/wp-json\/wp\/v2\/tags?post=271585"}],"curies":[{"name":"wp","href":"https:\/\/api.w.org\/{rel}","templated":true}]}}