{"id":271588,"date":"2025-07-24T23:53:14","date_gmt":"2025-07-24T23:53:14","guid":{"rendered":"https:\/\/www.europesays.com\/fr\/271588\/"},"modified":"2025-07-24T23:53:14","modified_gmt":"2025-07-24T23:53:14","slug":"ce-que-nous-disent-les-frappes-au-moment-de-nouvelles-negociations-avec-lue","status":"publish","type":"post","link":"https:\/\/www.europesays.com\/fr\/271588\/","title":{"rendered":"ce que nous disent les frappes au moment de nouvelles n\u00e9gociations avec l\u2019UE"},"content":{"rendered":"<p>\u00ab\u00a0Les trois sites nucl\u00e9aires en Iran ont \u00e9t\u00e9 compl\u00e8tement d\u00e9truits et\/ou an\u00e9antis\u00a0\u00bb, a r\u00e9p\u00e9t\u00e9 tel un mantra Donald Trump sur son r\u00e9seau Truth Social. Pourtant, plus d\u2019un mois <a target=\"_self\" href=\"https:\/\/www.lanouvellerepublique.fr\/a-la-une\/guerre-israel-iran-ce-que-l-on-sait-des-frappes-americaines-sur-les-sites-nucleaires-iraniens-1750574218\" rel=\"noopener\">apr\u00e8s l\u2019attaque am\u00e9ricaine<\/a>, difficile de faire un \u00e9tat des lieux de l\u2019avancement du programme nucl\u00e9aire iranien. Selon un rapport militaire cit\u00e9 par NBC, seul l\u2019un des trois sites vis\u00e9s aurait \u00e9t\u00e9 largement d\u00e9truit.<\/p>\n<p>\u00ab\u00a0Ce que <a target=\"_self\" href=\"https:\/\/www.lanouvellerepublique.fr\/a-la-une\/avant-et-apres-visualisez-les-impacts-des-frappes-americaines-sur-les-sites-nucleaires-iraniens-1750855813\" rel=\"noopener\">nous ont montr\u00e9 ces frappes<\/a>, c\u2019est que le programme nucl\u00e9aire iranien\u00a0est plus robuste que les Isra\u00e9liens et les Am\u00e9ricains ne le pensaient. Il est diversifi\u00e9, en partie clandestin, fond\u00e9 sur une ressource humaine qu\u2019il n\u2019est pas possible d\u2019\u00e9liminer enti\u00e8rement\u00a0\u00bb, pr\u00e9cise Benjamin Hautecouverture, ma\u00eetre de recherches \u00e0 la Fondation pour la recherche strat\u00e9gique, sp\u00e9cialiste de la non-prolif\u00e9ration nucl\u00e9aire. Mais l\u2019avanc\u00e9e iranienne sur ce domaine reste encore tr\u00e8s floue malgr\u00e9 l\u2019exposition du programme apr\u00e8s les frappes. \u00ab\u00a0Ce ne sont pas les frappes elles-m\u00eames qui permettent de juger l\u2019\u00e9tat du programme, dans la mesure o\u00f9 elles n\u2019offrent qu\u2019une appr\u00e9ciation approximative de l\u2019ampleur de la destruction. Il aurait fallu des \u00e9quipes au sol pour s\u2019en convaincre\u00a0\u00bb, appuie le sp\u00e9cialiste&#8230;. <\/p>\n<p>    Cet article a \u00e9t\u00e9 tronqu\u00e9. Abonnez-vous pour lire l&rsquo;article complet sur notre site.<\/p>\n<p style=\"margin: 0 !important; padding: 0 !important; font-size: 12px !important;\">Cet article a \u00e9t\u00e9 tronqu\u00e9. Abonnez-vous pour lire l&rsquo;article complet.<\/p>\n<p>    <a href=\"https:\/\/www.lanouvellerepublique.fr\/abonnements\" style=\"display: inline-block; margin-top: 5px !important; padding: 6px 12px !important; background: #cb1c27; color: white; text-decoration: none; border-radius: 4px; font-size: 12px !important;\" target=\"_blank\" rel=\"noopener\"><br \/>\n      S&rsquo;abonner<br \/>\n    <\/a><\/p>\n","protected":false},"excerpt":{"rendered":"\u00ab\u00a0Les trois sites nucl\u00e9aires en Iran ont \u00e9t\u00e9 compl\u00e8tement d\u00e9truits et\/ou an\u00e9antis\u00a0\u00bb, a r\u00e9p\u00e9t\u00e9 tel un mantra Donald&hellip;\n","protected":false},"author":2,"featured_media":271589,"comment_status":"","ping_status":"","sticky":false,"template":"","format":"standard","meta":{"footnotes":""},"categories":[1586],"tags":[328,11,75,1777,674,1779,1011,27,329,3019,664,74,12,5654,25,1778,364],"class_list":{"0":"post-271588","1":"post","2":"type-post","3":"status-publish","4":"format-standard","5":"has-post-thumbnail","7":"category-europe","8":"tag-a-la-une","9":"tag-actualites","10":"tag-donald-trump","11":"tag-eu","12":"tag-europe","13":"tag-european-union","14":"tag-fr","15":"tag-france","16":"tag-france-monde","17":"tag-iran","18":"tag-israel","19":"tag-monde","20":"tag-news","21":"tag-nucleaire","22":"tag-republique-francaise","23":"tag-ue","24":"tag-union-europeenne"},"share_on_mastodon":{"url":"https:\/\/pubeurope.com\/@fr\/114910907838409222","error":""},"_links":{"self":[{"href":"https:\/\/www.europesays.com\/fr\/wp-json\/wp\/v2\/posts\/271588","targetHints":{"allow":["GET"]}}],"collection":[{"href":"https:\/\/www.europesays.com\/fr\/wp-json\/wp\/v2\/posts"}],"about":[{"href":"https:\/\/www.europesays.com\/fr\/wp-json\/wp\/v2\/types\/post"}],"author":[{"embeddable":true,"href":"https:\/\/www.europesays.com\/fr\/wp-json\/wp\/v2\/users\/2"}],"replies":[{"embeddable":true,"href":"https:\/\/www.europesays.com\/fr\/wp-json\/wp\/v2\/comments?post=271588"}],"version-history":[{"count":0,"href":"https:\/\/www.europesays.com\/fr\/wp-json\/wp\/v2\/posts\/271588\/revisions"}],"wp:featuredmedia":[{"embeddable":true,"href":"https:\/\/www.europesays.com\/fr\/wp-json\/wp\/v2\/media\/271589"}],"wp:attachment":[{"href":"https:\/\/www.europesays.com\/fr\/wp-json\/wp\/v2\/media?parent=271588"}],"wp:term":[{"taxonomy":"category","embeddable":true,"href":"https:\/\/www.europesays.com\/fr\/wp-json\/wp\/v2\/categories?post=271588"},{"taxonomy":"post_tag","embeddable":true,"href":"https:\/\/www.europesays.com\/fr\/wp-json\/wp\/v2\/tags?post=271588"}],"curies":[{"name":"wp","href":"https:\/\/api.w.org\/{rel}","templated":true}]}}