{"id":271593,"date":"2025-07-24T23:56:10","date_gmt":"2025-07-24T23:56:10","guid":{"rendered":"https:\/\/www.europesays.com\/fr\/271593\/"},"modified":"2025-07-24T23:56:10","modified_gmt":"2025-07-24T23:56:10","slug":"israel-denonce-la-reconnaissance-de-letat-palestinien-par-la-france","status":"publish","type":"post","link":"https:\/\/www.europesays.com\/fr\/271593\/","title":{"rendered":"Isra\u00ebl d\u00e9nonce la reconnaissance de l&rsquo;\u00c9tat palestinien par la France"},"content":{"rendered":"<p>Le Hamas a de son c\u00f4t\u00e9 salu\u00e9 l\u2019annonce d\u2019 Emmanuel Macron, y voyant un \u00abpas positif\u00bb et appelant d\u2019autres pays \u00e0 suivre cet exemple.<\/p>\n<p class=\"fig-paragraph\">Les dirigeants isra\u00e9liens ont vivement critiqu\u00e9 l&rsquo;annonce faite jeudi 24 juillet par le pr\u00e9sident fran\u00e7ais Emmanuel Macron selon laquelle\u00a0<a href=\"http:\/\/www.lefigaro.fr\/international\/la-france-va-reconnaitre-l-etat-de-palestine-20250724\" target=\"_blank\" data-fig-type=\"NewsFlash\" rel=\"noopener\" data-gtm-custom-categorie=\"navigation\" data-gtm-custom-action=\"crossclick\" data-gtm-custom-label=\"Contextuel\" data-gtm-event=\"customEventSPE\" data-fig-domain=\"LEFIGARO\">la France reconna\u00eetrait en septembre l&rsquo;\u00c9tat de Palestine<\/a>. Le premier ministre Benyamin Netanyahou a estim\u00e9 que cette d\u00e9cision \u00abr\u00e9compensait la terreur\u00bb et constituait une menace existentielle, offrant une \u00abrampe de lancement pour an\u00e9antir\u00bb Isra\u00ebl. \u00abSoyons clairs: les Palestiniens ne cherchent pas \u00e0 cr\u00e9er un \u00c9tat aux c\u00f4t\u00e9s d&rsquo;Isra\u00ebl, ils cherchent \u00e0 cr\u00e9er un \u00c9tat \u00e0 la place d&rsquo;Isra\u00ebl\u00bb, a-t-il ajout\u00e9.<\/p>\n<p class=\"fig-paragraph\">Le ministre des Affaires \u00e9trang\u00e8res Gideon Saar s&rsquo;est montr\u00e9 tout aussi cinglant, affirmant qu&rsquo;\u00abun \u00c9tat palestinien sera un \u00c9tat du Hamas\u00bb, en r\u00e9f\u00e9rence aux militants palestiniens qui ont attaqu\u00e9 Isra\u00ebl en 2023, d\u00e9clenchant la guerre \u00e0 Gaza. Le vice-Premier ministre Yariv Levin, qui est \u00e9galement ministre de la Justice, a qualifi\u00e9 cette d\u00e9cision d&rsquo;\u00abaide directe au terrorisme\u00bb et de \u00abtache noire dans l&rsquo;histoire de la France\u00bb. Le ministre de la D\u00e9fense, Israel Katz, a promis qu&rsquo;Isra\u00ebl \u00abne permettrait pas la cr\u00e9ation d&rsquo;une entit\u00e9 palestinienne qui nuirait \u00e0 notre s\u00e9curit\u00e9\u00bb.<\/p>\n<p>                                    <a class=\"fig-a11y-skip a11y-hidden\" href=\"#fig-a11y-skip-main-inarticle\"><br \/>\n        Passer la publicit\u00e9<br \/>\n    <\/a><\/p>\n<p>\u00abL\u2019illusion dangereuse d\u2019un \u00c9tat palestinien terroriste\u00bb<\/p>\n<p class=\"fig-paragraph\">Le ministre des Finances, Bezalel Smotrich, a jug\u00e9 que l&rsquo;annonce de la France \u00ab(donnait) \u00e0 Isra\u00ebl une raison suppl\u00e9mentaire\u00bb d&rsquo;annexer la Cisjordanie qu&rsquo;il occupe depuis 1967 et de \u00abmettre fin une fois pour toutes \u00e0 l&rsquo;illusion dangereuse d&rsquo;un \u00c9tat palestinien terroriste\u00bb. Mercredi, le Parlement isra\u00e9lien, la Knesset, a justement soutenu une d\u00e9cision non contraignante exhortant le gouvernement \u00e0 imposer la souverainet\u00e9 isra\u00e9lienne sur la Cisjordanie, annexant ainsi le territoire, une revendication de longue date de l&rsquo;extr\u00eame droite isra\u00e9lienne.<\/p>\n<p class=\"fig-paragraph\">Les figures de l&rsquo;opposition isra\u00e9lienne ont \u00e9galement critiqu\u00e9 la d\u00e9cision d&rsquo;Emmanuel Macron en des termes tr\u00e8s durs. L&rsquo;ancien premier ministre Naftali Bennett, qui devrait se pr\u00e9senter contre Netanyahou aux \u00e9lections de 2026, a \u00e9crit sur X que la d\u00e9cision du pr\u00e9sident fran\u00e7ais \u00e9tait un signe d&rsquo;\u00abeffondrement moral\u00bb et qu&rsquo;elle \u00abserait jet\u00e9e aux oubliettes de l&rsquo;Histoire\u00bb. \u00abReconna\u00eetre un \u00c9tat palestinien revient \u00e0 r\u00e9compenser le terrorisme et \u00e0 encourager le Hamas, une organisation qui a perp\u00e9tr\u00e9 le massacre le plus horrible de juifs depuis l&rsquo;Holocauste\u00bb, a \u00e9crit sur X le d\u00e9put\u00e9 de l&rsquo;opposition Avigdor Lieberman, chef du parti nationaliste Yisrael Beitenu.<\/p>\n<p>\u00abUne \u00e9tape positive\u00bb<\/p>\n<p class=\"fig-paragraph\">Amichai Chikli, ministre isra\u00e9lien de la Diaspora et de la Lutte contre l&rsquo;antis\u00e9mitisme, a publi\u00e9 une vid\u00e9o devenue virale sur Internet, dans laquelle on voit apparemment Brigitte Macron repousser son mari Emmanuel Macron avec ses bras. \u00abPr\u00e9sident @EmmanuelMacron, au nom du gouvernement isra\u00e9lien, voici notre r\u00e9ponse \u00e0 votre reconnaissance d&rsquo;un \u00c9tat palestinien\u00bb, a-t-il \u00e9crit sur X.<\/p>\n<p class=\"fig-paragraph\">Le Hamas a salu\u00e9 de son c\u00f4t\u00e9 l\u2019annonce d\u2019Emmanuel Macron, y voyant un \u00abpas positif\u00bb et appelant d\u2019autres pays \u00e0 suivre cet exemple. \u00abNous consid\u00e9rons cela comme une \u00e9tape positive dans la bonne direction pour rendre justice \u00e0 notre peuple palestinien opprim\u00e9 et soutenir son droit l\u00e9gitime \u00e0 l\u2019autod\u00e9termination\u00bb, a \u00e9crit le Hamas dans un communiqu\u00e9, appelant \u00abtous les pays du monde &#8211; surtout les nations europ\u00e9ennes et celles qui n\u2019ont pas encore reconnu l\u2019\u00c9tat de Palestine &#8211; \u00e0 suivre l\u2019exemple de la France\u00bb. Le vice-pr\u00e9sident de l\u2019Organisation de lib\u00e9ration de la Palestine (OLP), Hussein al-Cheikh, a de son c\u00f4t\u00e9 salu\u00e9 cette d\u00e9cision en faveur des \u00abl\u2019\u00e9tablissement de notre \u00c9tat ind\u00e9pendant\u00bb.<\/p>\n<p class=\"fig-paragraph\">L\u2019Arabie saoudite a \u00e9galement salu\u00e9 la d\u00e9cision \u00abhistorique\u00bb du pr\u00e9sident fran\u00e7ais, appelant les autres pays \u00e0 prendre \u00abdes mesures positives similaires\u00bb. \u00abLe Royaume salue cette d\u00e9cision historique qui r\u00e9affirme le consensus de la communaut\u00e9 internationale sur le droit du peuple palestinien \u00e0 l\u2019autod\u00e9termination et \u00e0 l\u2019\u00e9tablissement d\u2019un Etat ind\u00e9pendant sur les fronti\u00e8res de 1967\u00bb, a \u00e9crit le minist\u00e8re saoudien des Affaires \u00e9trang\u00e8res dans un communiqu\u00e9.<\/p>\n","protected":false},"excerpt":{"rendered":"Le Hamas a de son c\u00f4t\u00e9 salu\u00e9 l\u2019annonce d\u2019 Emmanuel Macron, y voyant un \u00abpas positif\u00bb et appelant&hellip;\n","protected":false},"author":2,"featured_media":271594,"comment_status":"","ping_status":"","sticky":false,"template":"","format":"standard","meta":{"footnotes":""},"categories":[4],"tags":[11,8421,1011,27,664,12,25],"class_list":{"0":"post-271593","1":"post","2":"type-post","3":"status-publish","4":"format-standard","5":"has-post-thumbnail","7":"category-france","8":"tag-actualites","9":"tag-etat-palestinien","10":"tag-fr","11":"tag-france","12":"tag-israel","13":"tag-news","14":"tag-republique-francaise"},"share_on_mastodon":{"url":"https:\/\/pubeurope.com\/@fr\/114910919713255067","error":""},"_links":{"self":[{"href":"https:\/\/www.europesays.com\/fr\/wp-json\/wp\/v2\/posts\/271593","targetHints":{"allow":["GET"]}}],"collection":[{"href":"https:\/\/www.europesays.com\/fr\/wp-json\/wp\/v2\/posts"}],"about":[{"href":"https:\/\/www.europesays.com\/fr\/wp-json\/wp\/v2\/types\/post"}],"author":[{"embeddable":true,"href":"https:\/\/www.europesays.com\/fr\/wp-json\/wp\/v2\/users\/2"}],"replies":[{"embeddable":true,"href":"https:\/\/www.europesays.com\/fr\/wp-json\/wp\/v2\/comments?post=271593"}],"version-history":[{"count":0,"href":"https:\/\/www.europesays.com\/fr\/wp-json\/wp\/v2\/posts\/271593\/revisions"}],"wp:featuredmedia":[{"embeddable":true,"href":"https:\/\/www.europesays.com\/fr\/wp-json\/wp\/v2\/media\/271594"}],"wp:attachment":[{"href":"https:\/\/www.europesays.com\/fr\/wp-json\/wp\/v2\/media?parent=271593"}],"wp:term":[{"taxonomy":"category","embeddable":true,"href":"https:\/\/www.europesays.com\/fr\/wp-json\/wp\/v2\/categories?post=271593"},{"taxonomy":"post_tag","embeddable":true,"href":"https:\/\/www.europesays.com\/fr\/wp-json\/wp\/v2\/tags?post=271593"}],"curies":[{"name":"wp","href":"https:\/\/api.w.org\/{rel}","templated":true}]}}