{"id":271597,"date":"2025-07-24T23:59:10","date_gmt":"2025-07-24T23:59:10","guid":{"rendered":"https:\/\/www.europesays.com\/fr\/271597\/"},"modified":"2025-07-24T23:59:10","modified_gmt":"2025-07-24T23:59:10","slug":"en-afrique-du-sud-le-selectionneur-rassie-erasmus-teste-les-limites-du-rugby","status":"publish","type":"post","link":"https:\/\/www.europesays.com\/fr\/271597\/","title":{"rendered":"En Afrique du Sud, le s\u00e9lectionneur Rassie Erasmus teste les limites du rugby"},"content":{"rendered":"\n<p>\u201cCoup de g\u00e9nie ou manque de respect\u00a0?\u201d <a class=\"ithalc\" data-ithal=\"lien_externe\" data-ithalc=\"[nav_article]\" target=\"_blank\" href=\"https:\/\/www.news24.com\/sport\/rugby\/springboks\/i-really-didnt-take-it-well-italy-coach-quesada-unimpressed-with-bok-kick-off-gimmick-20250712-1226\" rel=\"noopener\">se demande le site sud-africain<strong> News24<\/strong><\/a><strong>.<\/strong> Une chose est certaine\u00a0: les ruses d\u00e9ploy\u00e9es par Rassie Erasmus ne laissent pas indiff\u00e9rent. Le s\u00e9lectionneur de 52\u00a0ans, qui a d\u00e9j\u00e0 permis \u00e0 l\u2019\u00e9quipe nationale d\u2019Afrique du Sud de remporter les deux derni\u00e8res Coupes du monde (2019 et 2023), a encore fait parler de lui ce mois-ci en testant de nouvelles tactiques. Des m\u00e9thodes qui \u201cont plac\u00e9 l\u2019\u00e9quipe sous le feu des projecteurs, mais pour de mauvaises raisons\u201d, <a class=\"ithalc\" data-ithal=\"lien_externe\" data-ithalc=\"[nav_article]\" target=\"_blank\" href=\"https:\/\/www.dailymaverick.co.za\/article\/2025-07-14-rassies-latest-law-provocation-doesnt-sit-right-regardless-of-the-boks-intentions\/\" rel=\"noopener\">juge le <strong>Daily Maverick<\/strong><\/a><strong>.<\/strong><\/p>\n<p>Lors de l\u2019engagement au d\u00e9but de leur seconde rencontre amicale contre l\u2019Italie, les joueurs sud-africains ont volontairement commis une faute, en se pla\u00e7ant hors jeu, dans l\u2019id\u00e9e de provoquer une m\u00eal\u00e9e, qui est leur gros point fort. L\u2019action a finalement \u00e9chou\u00e9, ce qui pousse l\u2019hebdomadaire \u00e0 \u00e9crire qu\u2019\u201cen tant qu\u2019acte de provocation de la part des Boks c\u2019\u00e9tait r\u00e9ussi. En tant que geste de fair-play, c\u2019\u00e9tait discutable.\u201d<\/p>\n<p>L\u2019autre id\u00e9e novatrice test\u00e9e lors de ce m\u00eame match a \u00e9t\u00e9 davantage payante\u00a0: \u00e0 deux reprises, un Springbok a r\u00e9cup\u00e9r\u00e9 le ballon en plein air, soulev\u00e9 par ses partenaires comme s\u2019il r\u00e9ceptionnait une touche, \u201cce qui a abouti \u00e0 un maul p\u00e9n\u00e9trant [un regroupement spontan\u00e9 de joueurs pour faire avancer collectivement le ballon] et \u00e9tait bien plus acceptable<\/p>\n","protected":false},"excerpt":{"rendered":"\u201cCoup de g\u00e9nie ou manque de respect\u00a0?\u201d se demande le site sud-africain News24. Une chose est certaine\u00a0: les&hellip;\n","protected":false},"author":2,"featured_media":271598,"comment_status":"","ping_status":"","sticky":false,"template":"","format":"standard","meta":{"footnotes":""},"categories":[1416],"tags":[879,5594,1011,27,479,1468,1857,517,60],"class_list":{"0":"post-271597","1":"post","2":"type-post","3":"status-publish","4":"format-standard","5":"has-post-thumbnail","7":"category-rugby","8":"tag-afrique","9":"tag-afrique-du-sud","10":"tag-fr","11":"tag-france","12":"tag-rugby","13":"tag-rugby-football","14":"tag-sociu00e9tu00e9","15":"tag-sport","16":"tag-sports"},"share_on_mastodon":{"url":"https:\/\/pubeurope.com\/@fr\/114910931409207247","error":""},"_links":{"self":[{"href":"https:\/\/www.europesays.com\/fr\/wp-json\/wp\/v2\/posts\/271597","targetHints":{"allow":["GET"]}}],"collection":[{"href":"https:\/\/www.europesays.com\/fr\/wp-json\/wp\/v2\/posts"}],"about":[{"href":"https:\/\/www.europesays.com\/fr\/wp-json\/wp\/v2\/types\/post"}],"author":[{"embeddable":true,"href":"https:\/\/www.europesays.com\/fr\/wp-json\/wp\/v2\/users\/2"}],"replies":[{"embeddable":true,"href":"https:\/\/www.europesays.com\/fr\/wp-json\/wp\/v2\/comments?post=271597"}],"version-history":[{"count":0,"href":"https:\/\/www.europesays.com\/fr\/wp-json\/wp\/v2\/posts\/271597\/revisions"}],"wp:featuredmedia":[{"embeddable":true,"href":"https:\/\/www.europesays.com\/fr\/wp-json\/wp\/v2\/media\/271598"}],"wp:attachment":[{"href":"https:\/\/www.europesays.com\/fr\/wp-json\/wp\/v2\/media?parent=271597"}],"wp:term":[{"taxonomy":"category","embeddable":true,"href":"https:\/\/www.europesays.com\/fr\/wp-json\/wp\/v2\/categories?post=271597"},{"taxonomy":"post_tag","embeddable":true,"href":"https:\/\/www.europesays.com\/fr\/wp-json\/wp\/v2\/tags?post=271597"}],"curies":[{"name":"wp","href":"https:\/\/api.w.org\/{rel}","templated":true}]}}