{"id":271599,"date":"2025-07-25T00:00:13","date_gmt":"2025-07-25T00:00:13","guid":{"rendered":"https:\/\/www.europesays.com\/fr\/271599\/"},"modified":"2025-07-25T00:00:13","modified_gmt":"2025-07-25T00:00:13","slug":"raducanu-remporte-laffiche-contre-osaka-et-file-en-quarts-a-washington","status":"publish","type":"post","link":"https:\/\/www.europesays.com\/fr\/271599\/","title":{"rendered":"Raducanu remporte l\u2019affiche contre Osaka et file en quarts \u00e0 Washington"},"content":{"rendered":"<p>                <img decoding=\"async\" src=\"https:\/\/www.europesays.com\/fr\/wp-content\/uploads\/2025\/07\/evEi.jpg\" alt=\"Raducanu remporte l\u2019affiche contre Osaka et file en quarts \u00e0 Washington\"\/><\/p>\n<p>Emma Raducanu s\u2019est offert un troisi\u00e8me quart de finale au WTA 500 de Washington apr\u00e8s son succ\u00e8s contre Naomi Osaka (6-4, 6-2).<\/p>\n<p>Dans ce choc qui opposait deux gagnantes en Grand Chelem, c\u2019est la Britannique, 46e mondiale, qui s\u2019est montr\u00e9e \u00e0 la hauteur du rendez-vous. Osaka, en revanche, a souffert sur le court central de Washington, en ne passant que 46% de premier service, commettant sept doubles fautes et de nombreuses fautes directes.<\/p>\n<p>D\u00e9j\u00e0 solide face \u00e0 Kostyuk lors de son entr\u00e9e en lice, Raducanu confirme sa bonne dynamique cette semaine dans la capitale des \u00c9tats-Unis. Pour rejoindre sa premi\u00e8re demi-finale de la saison, elle rencontrera Maria Sakkari, une joueuse qu\u2019elle a battue trois fois en trois confrontations.<\/p>\n","protected":false},"excerpt":{"rendered":"Emma Raducanu s\u2019est offert un troisi\u00e8me quart de finale au WTA 500 de Washington apr\u00e8s son succ\u00e8s contre&hellip;\n","protected":false},"author":2,"featured_media":271600,"comment_status":"","ping_status":"","sticky":false,"template":"","format":"standard","meta":{"footnotes":""},"categories":[1415],"tags":[1011,27,60,1467],"class_list":{"0":"post-271599","1":"post","2":"type-post","3":"status-publish","4":"format-standard","5":"has-post-thumbnail","7":"category-tennis","8":"tag-fr","9":"tag-france","10":"tag-sports","11":"tag-tennis"},"share_on_mastodon":{"url":"https:\/\/pubeurope.com\/@fr\/114910935307258384","error":""},"_links":{"self":[{"href":"https:\/\/www.europesays.com\/fr\/wp-json\/wp\/v2\/posts\/271599","targetHints":{"allow":["GET"]}}],"collection":[{"href":"https:\/\/www.europesays.com\/fr\/wp-json\/wp\/v2\/posts"}],"about":[{"href":"https:\/\/www.europesays.com\/fr\/wp-json\/wp\/v2\/types\/post"}],"author":[{"embeddable":true,"href":"https:\/\/www.europesays.com\/fr\/wp-json\/wp\/v2\/users\/2"}],"replies":[{"embeddable":true,"href":"https:\/\/www.europesays.com\/fr\/wp-json\/wp\/v2\/comments?post=271599"}],"version-history":[{"count":0,"href":"https:\/\/www.europesays.com\/fr\/wp-json\/wp\/v2\/posts\/271599\/revisions"}],"wp:featuredmedia":[{"embeddable":true,"href":"https:\/\/www.europesays.com\/fr\/wp-json\/wp\/v2\/media\/271600"}],"wp:attachment":[{"href":"https:\/\/www.europesays.com\/fr\/wp-json\/wp\/v2\/media?parent=271599"}],"wp:term":[{"taxonomy":"category","embeddable":true,"href":"https:\/\/www.europesays.com\/fr\/wp-json\/wp\/v2\/categories?post=271599"},{"taxonomy":"post_tag","embeddable":true,"href":"https:\/\/www.europesays.com\/fr\/wp-json\/wp\/v2\/tags?post=271599"}],"curies":[{"name":"wp","href":"https:\/\/api.w.org\/{rel}","templated":true}]}}