{"id":271601,"date":"2025-07-25T00:02:10","date_gmt":"2025-07-25T00:02:10","guid":{"rendered":"https:\/\/www.europesays.com\/fr\/271601\/"},"modified":"2025-07-25T00:02:10","modified_gmt":"2025-07-25T00:02:10","slug":"la-saison-2026-de-motogp-debutera-en-thailande-puis-au-bresil-de-retour-dans-un-calendrier-a-22-courses","status":"publish","type":"post","link":"https:\/\/www.europesays.com\/fr\/271601\/","title":{"rendered":"La saison 2026 de MotoGP d\u00e9butera en Tha\u00eflande puis au Br\u00e9sil, de retour dans un calendrier \u00e0 22 courses"},"content":{"rendered":"<p>Le calendrier de la saison 2026<\/p>\n<p>1. Tha\u00eflande, Buriram &#8211; 1er mars<br \/>2. Br\u00e9sil, Goi\u00e2nia &#8211; 22 mars<br \/>3. Am\u00e9riques, Austin (\u00c9tats-Unis)- 29 mars<br \/>4. Qatar, Losail &#8211; 12 avril<br \/>5. Espagne, Jerez &#8211; 26 avril<br \/><b>6. France, Le Mans &#8211; 10 mai<\/b><br \/>7. Catalogne, Barcelone &#8211; 17 mai<br \/>8. Italie, Mugello &#8211; 31 mai<br \/>9. Hongrie, Balaton &#8211; 7 juin<br \/>10. R\u00e9publique tch\u00e8que, Brno &#8211; 21 juin<br \/>11. Pays-Bas, Assen &#8211; 28 juin<br \/>12. Allemagne, Sachsenring &#8211; 12 juillet<br \/>13. Grande-Bretagne, Silverstone &#8211; 9 ao\u00fbt<br \/>14. Aragon, Motorland &#8211; 30 ao\u00fbt<br \/>15. Saint-Marin, Misano (Italie) &#8211; 13 septembre<br \/>16. Autriche, Spielberg &#8211; 20 septembre<br \/>17. Japon, Motegi &#8211; 4 octobre<br \/>18. Indon\u00e9sie, Mandalika &#8211; 11 octobre<br \/>19. Australie, Phillip Island &#8211; 25 octobre<br \/>20. Malaisie, Sepang &#8211; 1er novembre<br \/>21. Portugal, Algarve &#8211; 15 novembre<br \/>22. Valence, Espagne &#8211; 22 novembre<\/p>\n","protected":false},"excerpt":{"rendered":"Le calendrier de la saison 2026 1. Tha\u00eflande, Buriram &#8211; 1er mars2. Br\u00e9sil, Goi\u00e2nia &#8211; 22 mars3. Am\u00e9riques,&hellip;\n","protected":false},"author":2,"featured_media":271602,"comment_status":"","ping_status":"","sticky":false,"template":"","format":"standard","meta":{"footnotes":""},"categories":[1413],"tags":[1011,27,1457,1456,60],"class_list":{"0":"post-271601","1":"post","2":"type-post","3":"status-publish","4":"format-standard","5":"has-post-thumbnail","7":"category-moto","8":"tag-fr","9":"tag-france","10":"tag-moto","11":"tag-motocycle","12":"tag-sports"},"share_on_mastodon":{"url":"https:\/\/pubeurope.com\/@fr\/114910943238137841","error":""},"_links":{"self":[{"href":"https:\/\/www.europesays.com\/fr\/wp-json\/wp\/v2\/posts\/271601","targetHints":{"allow":["GET"]}}],"collection":[{"href":"https:\/\/www.europesays.com\/fr\/wp-json\/wp\/v2\/posts"}],"about":[{"href":"https:\/\/www.europesays.com\/fr\/wp-json\/wp\/v2\/types\/post"}],"author":[{"embeddable":true,"href":"https:\/\/www.europesays.com\/fr\/wp-json\/wp\/v2\/users\/2"}],"replies":[{"embeddable":true,"href":"https:\/\/www.europesays.com\/fr\/wp-json\/wp\/v2\/comments?post=271601"}],"version-history":[{"count":0,"href":"https:\/\/www.europesays.com\/fr\/wp-json\/wp\/v2\/posts\/271601\/revisions"}],"wp:featuredmedia":[{"embeddable":true,"href":"https:\/\/www.europesays.com\/fr\/wp-json\/wp\/v2\/media\/271602"}],"wp:attachment":[{"href":"https:\/\/www.europesays.com\/fr\/wp-json\/wp\/v2\/media?parent=271601"}],"wp:term":[{"taxonomy":"category","embeddable":true,"href":"https:\/\/www.europesays.com\/fr\/wp-json\/wp\/v2\/categories?post=271601"},{"taxonomy":"post_tag","embeddable":true,"href":"https:\/\/www.europesays.com\/fr\/wp-json\/wp\/v2\/tags?post=271601"}],"curies":[{"name":"wp","href":"https:\/\/api.w.org\/{rel}","templated":true}]}}