{"id":271609,"date":"2025-07-25T00:06:09","date_gmt":"2025-07-25T00:06:09","guid":{"rendered":"https:\/\/www.europesays.com\/fr\/271609\/"},"modified":"2025-07-25T00:06:09","modified_gmt":"2025-07-25T00:06:09","slug":"diane-leyre-face-a-lhorreur-dans-son-avion-je-vais-vomir","status":"publish","type":"post","link":"https:\/\/www.europesays.com\/fr\/271609\/","title":{"rendered":"Diane Leyre face \u00e0 \u00ab\u00a0l\u2019horreur\u00a0\u00bb dans son avion : \u00ab\u00a0je vais vomir\u00a0\u00bb"},"content":{"rendered":"<p>      R\u00e9sum\u00e9<\/p>\n<p>Lors d\u2019un vol, Diane Leyre a \u00e9t\u00e9 d\u00e9go\u00fbt\u00e9e par le comportement d\u2019un passager trop \u00e0 l\u2019aise, partageant son malaise sur TikTok avec ironie et humour.<\/p>\n<p>        Sommaire<\/p>\n<p>Si <a href=\"https:\/\/vsd.fr\/tag\/diane-leyre\/\" target=\"_blank\" rel=\"noopener\">Diane Leyre<\/a> est arriv\u00e9e \u00e0 bon port, son dernier voyage en avion lui a visiblement sembl\u00e9 tr\u00e8s long. Non pas parce que l\u2019appareil a fait face \u00e0 des turbulences, une panne moteur, ou un retard, mais parce qu\u2019<strong>un passager situ\u00e9 juste derri\u00e8re elle<\/strong> se sentait un peu trop \u00e0 l\u2019aise.<\/p>\n<p>Au point de provoquer <strong>des hauts-le-coeur<\/strong> \u00e0 l\u2019ancienne Miss France \u00e0 en croire la l\u00e9gende de sa publication TikTok ce mercredi 23 juillet 2025. En effet, l\u2019ex-reine de beaut\u00e9 a partag\u00e9 une vid\u00e9o sur son r\u00e9seau social dans laquelle nous pouvons la retrouver \u00e0 bord d\u2019un appareil avec un passager situ\u00e9 derri\u00e8re elle, la jambe tendue vers son si\u00e8ge pour <strong>laisser appara\u00eetre son pied.<\/strong><\/p>\n<p>Diane Leyre d\u00e9go\u00fbt\u00e9e de son dernier voyage en avion<\/p>\n<p>Qu\u2019elle soit f\u00e9tichiste ou non, Diane Leyre <strong>n\u2019a visiblement pas appr\u00e9ci\u00e9 la vue<\/strong> que lui proposait son voisin situ\u00e9 \u00e0 l\u2019arri\u00e8re. L\u2019influenceuse, pour d\u00e9noncer la situation, a mis sa cam\u00e9ra en mode selfie pour filmer ce qui se passait juste derri\u00e8re elle.\u00a0<\/p>\n<p>\u00ab\u00a0Juste \u00e0 quel moment les gens sont aussi \u00e0 l\u2019aise ?\u00a0\u00bb, a-t-elle ironiquement demand\u00e9 alors que nous voyons le passager sur son t\u00e9l\u00e9phone, le pied pos\u00e9 sur l\u2019accoudoir de Miss France 2022. <strong>\u00ab\u00a0Je vais vomir\u00a0\u00bb,<\/strong> a-t-elle \u00e9galement comment\u00e9 pour faire part de son d\u00e9go\u00fbt.\u00a0<\/p>\n<p>Du c\u00f4t\u00e9 des commentaires, les abonn\u00e9s de Diane Leyre ont souhait\u00e9 faire preuve d\u2019humour. \u00ab\u00a0C\u2019est pour caler tes stylos de tes mots fl\u00e9ch\u00e9s\u00a0\u00bb, \u00ab\u00a0t&rsquo;as pas du vernis \u00e0 ongles rouge dans ton sac a main ???\u00a0\u00bb, ont ironis\u00e9 deux d\u2019entre eux alors qu\u2019un autre a partag\u00e9 le ressenti de la jeune femme : \u00ab\u00a0quelle horreur&#8230; voil\u00e0 pourquoi jamais je ne monte l\u00e0-dedans ! c&rsquo;est l&rsquo;horreur absolue !\u00a0\u00bb Reste \u00e0 savoir si le passager en question a finalement rang\u00e9 son pied lors du voyage.<\/p>\n<p>L&rsquo;ancienne Miss France joue les enqu\u00eatrices sur M6<\/p>\n<p>En esp\u00e9rant que la personne ayant donn\u00e9 envie de vomir \u00e0 l\u2019ancienne Miss France n\u2019ait pas encore plus faut\u00e9 au cours du voyage. Car Diane Leyre poss\u00e8de les capacit\u00e9s pour le retrouver et lui demander de rendre des comptes.<\/p>\n<p>En effet, depuis la semaine derni\u00e8re, les t\u00e9l\u00e9spectateurs de M6 ont pu d\u00e9couvrir qu\u2019elle poss\u00e9dait des talents d\u2019enqu\u00eatrice hors pair. <a href=\"https:\/\/www.public.fr\/diane-leyre-dans-une-periode-compliquee-son-besoin-urgent-dune-deuxieme-naissance\" target=\"_blank\" rel=\"noopener\">L\u2019ex-reine de beaut\u00e9 participe au nouveau programme<\/a> de la Six, baptis\u00e9 <strong>Murder Party<\/strong> et pr\u00e9sent\u00e9 par Francis Huster.<\/p>\n<p><a href=\"https:\/\/www.public.fr\/rayane-bensetti-et-lex-miss-france-diane-leyre-reunis-pour-le-meilleur-et-pour-le-pire\" target=\"_blank\" rel=\"noopener\">Un programme<\/a> dans lequel Diane Leyre a visiblement pris beaucoup de plaisir. \u00ab\u00a0J\u2019ai ador\u00e9 le concept\u00a0! J\u2019ai trouv\u00e9 \u00e7a trop chouette de pouvoir faire une sorte de Cluedo \u00e0 la t\u00e9l\u00e9 [&#8230;] Quand j\u2019ai su qu\u2019il y avait Francis Huster et Fran\u00e7ois Berl\u00e9and au casting, j\u2019ai tout de suite accept\u00e9\u00a0! J\u2019\u00e9tais\u00a0tellement fi\u00e8re de pouvoir partager l\u2019affiche avec eux\u00a0\u00bb, se r\u00e9jouissait-elle dans les colonnes de Gala au sujet de son exp\u00e9rience.\u00a0<\/p>\n<p>      Mentionn\u00e9s dans cet article<\/p>\n<p>\u00c0 lire aussi<\/p>\n","protected":false},"excerpt":{"rendered":"R\u00e9sum\u00e9 Lors d\u2019un vol, Diane Leyre a \u00e9t\u00e9 d\u00e9go\u00fbt\u00e9e par le comportement d\u2019un passager trop \u00e0 l\u2019aise, partageant&hellip;\n","protected":false},"author":2,"featured_media":271610,"comment_status":"","ping_status":"","sticky":false,"template":"","format":"standard","meta":{"footnotes":""},"categories":[1359],"tags":[37,34820,58,59,1011,27,3034,973],"class_list":{"0":"post-271609","1":"post","2":"type-post","3":"status-publish","4":"format-standard","5":"has-post-thumbnail","7":"category-people","8":"tag-avion","9":"tag-diane-leyre","10":"tag-divertissement","11":"tag-entertainment","12":"tag-fr","13":"tag-france","14":"tag-miss-france","15":"tag-people"},"share_on_mastodon":{"url":"https:\/\/pubeurope.com\/@fr\/114910958868103810","error":""},"_links":{"self":[{"href":"https:\/\/www.europesays.com\/fr\/wp-json\/wp\/v2\/posts\/271609","targetHints":{"allow":["GET"]}}],"collection":[{"href":"https:\/\/www.europesays.com\/fr\/wp-json\/wp\/v2\/posts"}],"about":[{"href":"https:\/\/www.europesays.com\/fr\/wp-json\/wp\/v2\/types\/post"}],"author":[{"embeddable":true,"href":"https:\/\/www.europesays.com\/fr\/wp-json\/wp\/v2\/users\/2"}],"replies":[{"embeddable":true,"href":"https:\/\/www.europesays.com\/fr\/wp-json\/wp\/v2\/comments?post=271609"}],"version-history":[{"count":0,"href":"https:\/\/www.europesays.com\/fr\/wp-json\/wp\/v2\/posts\/271609\/revisions"}],"wp:featuredmedia":[{"embeddable":true,"href":"https:\/\/www.europesays.com\/fr\/wp-json\/wp\/v2\/media\/271610"}],"wp:attachment":[{"href":"https:\/\/www.europesays.com\/fr\/wp-json\/wp\/v2\/media?parent=271609"}],"wp:term":[{"taxonomy":"category","embeddable":true,"href":"https:\/\/www.europesays.com\/fr\/wp-json\/wp\/v2\/categories?post=271609"},{"taxonomy":"post_tag","embeddable":true,"href":"https:\/\/www.europesays.com\/fr\/wp-json\/wp\/v2\/tags?post=271609"}],"curies":[{"name":"wp","href":"https:\/\/api.w.org\/{rel}","templated":true}]}}