{"id":271611,"date":"2025-07-25T00:08:14","date_gmt":"2025-07-25T00:08:14","guid":{"rendered":"https:\/\/www.europesays.com\/fr\/271611\/"},"modified":"2025-07-25T00:08:14","modified_gmt":"2025-07-25T00:08:14","slug":"un-grand-soulagement-apres-la-liquidation-de-coop-breizh-des-milliers-de-livres-et-des-editeurs-sauves-a-quimper","status":"publish","type":"post","link":"https:\/\/www.europesays.com\/fr\/271611\/","title":{"rendered":"\u00ab\u00a0Un grand soulagement\u00a0\u00bb\u00a0: apr\u00e8s la liquidation de Coop Breizh, des milliers de livres et des \u00e9diteurs sauv\u00e9s \u00e0 Quimper"},"content":{"rendered":"<p>Le 17 juin 2025, <a href=\"https:\/\/www.letelegramme.fr\/finistere\/spezet-29540\/a-spezet-clap-de-fin-pour-lediteur-emblematique-coop-breizh-en-liquidation-6838062.php\" target=\"_blank\" rel=\"noopener\">le tribunal de commerce de Brest pronon\u00e7ait la liquidation judiciaire de Coop Breizh<\/a>. Une triste fin pour l\u2019embl\u00e9matique maison d\u2019\u00e9dition et de distribution bretonne. Une question, lourde d\u2019enjeu, restait, depuis, en suspens\u00a0: qu\u2019allaient devenir les quelque 392\u00a0000 ouvrages des \u00e9diteurs autrefois diffus\u00e9s par Coop Breizh, et les 192\u00a0000\u00a0volumes \u00e9dit\u00e9s par l\u2019\u00e9diteur sp\u00e9zetois lui-m\u00eame\u00a0? Allaient-ils \u00eatre rachet\u00e9s par un soldeur, entre un lot de chaussures et un autre de lessives\u00a0?<\/p>\n<p>\u00ab\u00a0Soulagement et sentiment d\u2019espoir\u00a0\u00bb<\/p>\n<p>Apr\u00e8s un mois et demi d\u2019inqui\u00e9tude, une issue heureuse s\u2019est dessin\u00e9e mercredi. Elle est notamment due \u00e0 l\u2019int\u00e9r\u00eat pour la litt\u00e9rature de L\u00e9onor H\u00e9non, la mandataire liquidatrice, et du juge-commissaire du tribunal de Brest. \u00ab\u00a0Il y a, \u00e0 la fois, un grand soulagement et un sentiment d\u2019espoir et de fiert\u00e9 de pouvoir continuer \u00e0 faire des livres de qualit\u00e9 pour le lectorat de Bretagne. C\u2019est porteur de sens et de potentialit\u00e9s pour les cr\u00e9ateurs\u00a0\u00bb, se f\u00e9licitait, mercredi apr\u00e8s-midi, l\u2019\u00e9diteur Jean-Marie Goater.<\/p>\n<p>Celui qui est aussi porte-parole des maisons d\u2019\u00e9dition de Bretagne a longtemps redout\u00e9 le pire et a tenu \u00e0 remercier la mandataire liquidatrice, \u00ab\u00a0qui a compris les enjeux qui allaient au-del\u00e0 d\u2019un simple r\u00e8glement du litige commercial\u00a0\u00bb.<\/p>\n<p>Quinze \u00e9diteurs repris<\/p>\n<p>Le juge-commissaire a donc sign\u00e9 une ordonnance acceptant l\u2019offre de reprise, par <a href=\"https:\/\/www.letelegramme.fr\/finistere\/quimper-29000\/a-quimper-les-editions-du-palemon-sortent-une-collection-destinee-a-ceux-qui-ont-des-problemes-de-vue-3890091.php\" target=\"_blank\" rel=\"noopener\">les \u00e9ditions du Pal\u00e9mon<\/a>, des contrats de diffusion de quinze \u00e9diteurs. La soci\u00e9t\u00e9 quimp\u00e9roise se trouve \u00eatre, depuis la fin de Coop Breizh, la seule \u00e0 poss\u00e9der une branche diffusion &#8211; baptis\u00e9e PLM Diffusion &#8211; en Bretagne. Elle distribuait, jusque-l\u00e0, ses 25 auteurs \u00ab\u00a0maison\u00a0\u00bb et quelques \u00e9diteurs tels que Lajouanie, Terres de Brume ou, depuis peu, <a href=\"https:\/\/www.letelegramme.fr\/finistere\/quimper-29000\/histoire-biographies-polar-des-sorties-aux-editions-embanner-3724712.php\" target=\"_blank\" rel=\"noopener\">Yoran Embanner<\/a>.<\/p>\n<p>Elle s\u2019appr\u00eate donc \u00e0 accueillir les volumes des six maisons d\u2019\u00e9dition en langue bretonne que sont <a href=\"https:\/\/www.letelegramme.fr\/finistere\/morlaix-29600\/ca-nous-a-pris-quatre-ans-skol-vreizh-va-publier-un-dictionnaire-des-monts-darree-6830214.php\" target=\"_blank\" rel=\"noopener\">Skol Vreizh<\/a>, <a href=\"https:\/\/www.letelegramme.fr\/finistere\/quimper-29000\/tintin-titeuf-tchoupi-deja-un-quart-de-siecle-de-livres-en-breton-pour-cette-maison-dedition-quimperoise-6708928.php\" target=\"_blank\" rel=\"noopener\">Banno\u00f9 Heol<\/a>, Al Liamm, An Alarc\u2019h, Al Lanv et Mouladurio\u00f9 Hor Yezh, ainsi que le magazine <a href=\"https:\/\/www.letelegramme.fr\/bretagne\/enfant-metis-en-couverture-du-peuple-breton-les-commentaires-sont-juste-deplorables-6499034.php\" target=\"_blank\" rel=\"noopener\">Le Peuple Breton<\/a> et la toute jeune revue <a href=\"https:\/\/www.letelegramme.fr\/culture-loisirs\/livres\/a-lire\/istor-breizh-lhistoire-bretonne-en-marche-6728465.php\" target=\"_blank\" rel=\"noopener\">Istor Breizh<\/a>. Les \u00e9diteurs Au bord du continent, Goater, Blanc et Noir, <a href=\"https:\/\/www.letelegramme.fr\/morbihan\/lorient-56100\/vive-les-coquillages-et-crustaces-elu-deuxieme-meilleur-livre-au-monde-3666131.php\" target=\"_blank\" rel=\"noopener\">Trop Mad<\/a>, Jujubier et Mon Tro Breizh sont aussi repris, ainsi que le label musical <a href=\"https:\/\/www.letelegramme.fr\/finistere\/concarneau-29900\/paker-prod-la-saison-est-foutue-3703170.php\" target=\"_blank\" rel=\"noopener\">Paker Prod<\/a>, qui produit notamment <a href=\"https:\/\/www.letelegramme.fr\/culture-loisirs\/musique\/otridal-live-comme-si-on-y-etait-6775499.php\" target=\"_blank\" rel=\"noopener\">O\u2019Tridal<\/a> ou <a href=\"https:\/\/www.letelegramme.fr\/cotes-d-armor\/erquy-22430\/avec-startijenn-la-musique-bretonne-continue-de-plaire-a-erquy-6645093.php\" target=\"_blank\" rel=\"noopener\">Startijenn<\/a>.<\/p>\n<p>\u00ab\u00a0Un sacr\u00e9 challenge\u00a0\u00bb<\/p>\n<p>Pal\u00e9mon reprend aussi <a href=\"https:\/\/www.letelegramme.fr\/finistere\/pont-aven-29930\/les-aventuriers-de-la-mer-viennent-de-paraitre-aux-editions-beluga-a-pont-aven-4078728.php\" target=\"_blank\" rel=\"noopener\">les \u00e9ditions Beluga<\/a>, qui \u00e9taient la branche jeunesse de Coop Breizh. Contact\u00e9e, la directrice de Pal\u00e9mon, Delphine Hamon, se dit tr\u00e8s satisfaite. \u00ab\u00a0Nous r\u00e9cup\u00e9rons les \u00e9diteurs et leurs stocks, comme nous le souhaitions.\u00a0\u00bb Elle se pr\u00e9pare \u00e0 \u00ab\u00a0un \u00e9t\u00e9 sportif et passionnant. C\u2019est un sacr\u00e9 challenge\u00a0!\u00a0\u00bb.<\/p>\n<p><img decoding=\"async\" src=\"https:\/\/www.europesays.com\/fr\/wp-content\/uploads\/2025\/07\/6882b2dd33a08ed51201e530.1.jpeg\" width=\"480\" height=\"300\" class=\"web_golden_m\" loading=\"lazy\" alt=\"Delphine Hamon, directrice des \u00e9ditions quimp\u00e9roises du Pal\u00e9mon, avait d\u00e9pos\u00e9 une proposition de reprise des contrats de diffusion de quinze maisons d\u2019\u00e9ditions autrefois distribu\u00e9es par Coop Breizh. Elle a \u00e9t\u00e9 accept\u00e9e, mercredi, par le tribunal de commerce de Brest.\"\/>Delphine Hamon, directrice des \u00e9ditions quimp\u00e9roises du Pal\u00e9mon, avait d\u00e9pos\u00e9 une proposition de reprise des contrats de diffusion de quinze maisons d\u2019\u00e9ditions autrefois distribu\u00e9es par Coop Breizh. Elle a \u00e9t\u00e9 accept\u00e9e, mercredi, par le tribunal de commerce de Brest. (Le T\u00e9l\u00e9gramme\/Thierry Charpentier)<\/p>\n<p>La priorit\u00e9 va, d\u00e9sormais, \u00eatre de rapatrier les stocks de livres dans de nouveaux espaces lou\u00e9s. \u00ab\u00a0Puis il va nous falloir les r\u00e9f\u00e9rencer et les travailler aupr\u00e8s de notre r\u00e9seau de libraires et de points de vente.\u00a0\u00bb Pour ce faire, Pal\u00e9mon vient d\u2019embaucher l\u2019ex-responsable \u00e9ditoriale de Coop Breizh, ainsi qu\u2019un ancien salari\u00e9 sp\u00e9cialis\u00e9 dans la logistique.<\/p>\n<p>Les livres Coop Breizh vendus aux ench\u00e8res<\/p>\n<p>La majeure partie des 392\u00a0000 livres ont donc un nouveau refuge. Une quinzaine de petits \u00e9diteurs restent cependant sur le carreau. Ils devraient n\u00e9anmoins pouvoir, s\u2019ils le veulent, r\u00e9cup\u00e9rer leurs stocks avant une mise aux ench\u00e8res. Certains choisiront peut-\u00eatre ensuite de s\u2019autodiffuser. Seule ombre au tableau\u00a0: les livres \u00e9dit\u00e9s par Coop Breizh, ainsi que ses disques, qui font partie des actifs de l\u2019entreprise, vont \u00eatre vendus aux ench\u00e8res.<\/p>\n","protected":false},"excerpt":{"rendered":"Le 17 juin 2025, le tribunal de commerce de Brest pronon\u00e7ait la liquidation judiciaire de Coop Breizh. Une&hellip;\n","protected":false},"author":2,"featured_media":271612,"comment_status":"","ping_status":"","sticky":false,"template":"","format":"standard","meta":{"footnotes":""},"categories":[1357],"tags":[11,1379,3450,829,251,9383,872,58,59,3321,1011,27,1351,1380,3319,32946,26463],"class_list":{"0":"post-271611","1":"post","2":"type-post","3":"status-publish","4":"format-standard","5":"has-post-thumbnail","7":"category-livres","8":"tag-actualites","9":"tag-books","10":"tag-brest","11":"tag-bretagne","12":"tag-culture","13":"tag-culture-bretonne","14":"tag-culture-et-loisirs","15":"tag-divertissement","16":"tag-entertainment","17":"tag-finistere","18":"tag-fr","19":"tag-france","20":"tag-litterature","21":"tag-livres","22":"tag-quimper","23":"tag-spezet","24":"tag-tribunal-de-commerce"},"share_on_mastodon":{"url":"https:\/\/pubeurope.com\/@fr\/114910967163713811","error":""},"_links":{"self":[{"href":"https:\/\/www.europesays.com\/fr\/wp-json\/wp\/v2\/posts\/271611","targetHints":{"allow":["GET"]}}],"collection":[{"href":"https:\/\/www.europesays.com\/fr\/wp-json\/wp\/v2\/posts"}],"about":[{"href":"https:\/\/www.europesays.com\/fr\/wp-json\/wp\/v2\/types\/post"}],"author":[{"embeddable":true,"href":"https:\/\/www.europesays.com\/fr\/wp-json\/wp\/v2\/users\/2"}],"replies":[{"embeddable":true,"href":"https:\/\/www.europesays.com\/fr\/wp-json\/wp\/v2\/comments?post=271611"}],"version-history":[{"count":0,"href":"https:\/\/www.europesays.com\/fr\/wp-json\/wp\/v2\/posts\/271611\/revisions"}],"wp:featuredmedia":[{"embeddable":true,"href":"https:\/\/www.europesays.com\/fr\/wp-json\/wp\/v2\/media\/271612"}],"wp:attachment":[{"href":"https:\/\/www.europesays.com\/fr\/wp-json\/wp\/v2\/media?parent=271611"}],"wp:term":[{"taxonomy":"category","embeddable":true,"href":"https:\/\/www.europesays.com\/fr\/wp-json\/wp\/v2\/categories?post=271611"},{"taxonomy":"post_tag","embeddable":true,"href":"https:\/\/www.europesays.com\/fr\/wp-json\/wp\/v2\/tags?post=271611"}],"curies":[{"name":"wp","href":"https:\/\/api.w.org\/{rel}","templated":true}]}}