{"id":271621,"date":"2025-07-25T00:13:17","date_gmt":"2025-07-25T00:13:17","guid":{"rendered":"https:\/\/www.europesays.com\/fr\/271621\/"},"modified":"2025-07-25T00:13:17","modified_gmt":"2025-07-25T00:13:17","slug":"apres-une-saison-en-arabie-saoudite-dans-quel-etat-physique-se-trouve-pierre-emerick-aubameyang","status":"publish","type":"post","link":"https:\/\/www.europesays.com\/fr\/271621\/","title":{"rendered":"apr\u00e8s une saison en Arabie saoudite, dans quel \u00e9tat physique se trouve Pierre-Emerick Aubameyang ?"},"content":{"rendered":"<p>Le doute a \u00e9t\u00e9 rapidement lev\u00e9. Quarante-huit heures apr\u00e8s avoir \u00e9t\u00e9 contraints de <a href=\"https:\/\/www.laprovence.com\/article\/om\/65705940807598\/mercato-om-contretemps-dans-l-arrivee-d-aubameyang-a-marseille\" target=\"_blank\" rel=\"noopener\">diff\u00e9rer la venue de Pierre-Emerick Aubameyang<\/a>, <a href=\"https:\/\/www.laprovence.com\/article\/om\/6650591812832\/mercato-om-les-derniers-obstacles-sont-enfin-leves-pour-la-venue-de-pierre-emerick-aubameyang\" target=\"_blank\" rel=\"noopener\">l&rsquo;OM et le clan de l&rsquo;attaquant gabonais (36 ans) ont r\u00e9gl\u00e9 les ultimes d\u00e9tails pr\u00e9alables \u00e0 cette op\u00e9ration<\/a>. Un an seulement apr\u00e8s avoir tourn\u00e9 le dos \u00e0 la Provence, \u00ab\u00a0Auba\u00a0\u00bb s&rsquo;appr\u00eate donc \u00e0 la retrouver, un contrat de deux ans en poche et des \u00e9moluments nettement inf\u00e9rieurs \u00e0 ceux qu&rsquo;il percevait en 2023-24 o\u00f9 ses 30 buts n&rsquo;avaient pas emp\u00each\u00e9 l&rsquo;OM de vivre une saison chaotique.<\/p>\n<p>Le temps qui passe n&rsquo;a pas effac\u00e9 son souvenir et les dirigeants olympiens ont r\u00e9activ\u00e9 cette piste lorsqu&rsquo;ils ont appris que son aventure en Arabie saoudite, \u00e0 Al-Qadsiah, touchait \u00e0 sa fin et qu&rsquo;il allait se retrouver libre comme l&rsquo;air. \u00ab\u00a0Vu la mani\u00e8re de jouer de (Roberto) De Zerbi, c&rsquo;est une tr\u00e8s belle pioche. Celui qui a pens\u00e9 \u00e0 souffler son nom, que ce soit Medhi (Benatia) ou le coach, a eu une tr\u00e8s bonne id\u00e9e\u00a0\u00bb, \u00e9value Sabri Lamouchi.<\/p>\n","protected":false},"excerpt":{"rendered":"Le doute a \u00e9t\u00e9 rapidement lev\u00e9. Quarante-huit heures apr\u00e8s avoir \u00e9t\u00e9 contraints de diff\u00e9rer la venue de Pierre-Emerick&hellip;\n","protected":false},"author":2,"featured_media":271622,"comment_status":"","ping_status":"","sticky":false,"template":"","format":"standard","meta":{"footnotes":""},"categories":[9],"tags":[17,150,41003,1011,27,1434,149,3242,39857,60,96],"class_list":{"0":"post-271621","1":"post","2":"type-post","3":"status-publish","4":"format-standard","5":"has-post-thumbnail","7":"category-sports","8":"tag-17","9":"tag-apres","10":"tag-arabie","11":"tag-fr","12":"tag-france","13":"tag-mercato","14":"tag-om","15":"tag-saison","16":"tag-saoudite","17":"tag-sports","18":"tag-une"},"share_on_mastodon":{"url":"https:\/\/pubeurope.com\/@fr\/114910986414333609","error":""},"_links":{"self":[{"href":"https:\/\/www.europesays.com\/fr\/wp-json\/wp\/v2\/posts\/271621","targetHints":{"allow":["GET"]}}],"collection":[{"href":"https:\/\/www.europesays.com\/fr\/wp-json\/wp\/v2\/posts"}],"about":[{"href":"https:\/\/www.europesays.com\/fr\/wp-json\/wp\/v2\/types\/post"}],"author":[{"embeddable":true,"href":"https:\/\/www.europesays.com\/fr\/wp-json\/wp\/v2\/users\/2"}],"replies":[{"embeddable":true,"href":"https:\/\/www.europesays.com\/fr\/wp-json\/wp\/v2\/comments?post=271621"}],"version-history":[{"count":0,"href":"https:\/\/www.europesays.com\/fr\/wp-json\/wp\/v2\/posts\/271621\/revisions"}],"wp:featuredmedia":[{"embeddable":true,"href":"https:\/\/www.europesays.com\/fr\/wp-json\/wp\/v2\/media\/271622"}],"wp:attachment":[{"href":"https:\/\/www.europesays.com\/fr\/wp-json\/wp\/v2\/media?parent=271621"}],"wp:term":[{"taxonomy":"category","embeddable":true,"href":"https:\/\/www.europesays.com\/fr\/wp-json\/wp\/v2\/categories?post=271621"},{"taxonomy":"post_tag","embeddable":true,"href":"https:\/\/www.europesays.com\/fr\/wp-json\/wp\/v2\/tags?post=271621"}],"curies":[{"name":"wp","href":"https:\/\/api.w.org\/{rel}","templated":true}]}}