{"id":271627,"date":"2025-07-25T00:16:11","date_gmt":"2025-07-25T00:16:11","guid":{"rendered":"https:\/\/www.europesays.com\/fr\/271627\/"},"modified":"2025-07-25T00:16:11","modified_gmt":"2025-07-25T00:16:11","slug":"pour-bernard-arnault-un-accord-amiable-entre-lue-et-les-etats-unis-est-indispensable","status":"publish","type":"post","link":"https:\/\/www.europesays.com\/fr\/271627\/","title":{"rendered":"Pour Bernard Arnault, un accord amiable entre l\u2019UE et les Etats-Unis est \u00ab\u00a0indispensable\u00a0\u00bb"},"content":{"rendered":"<p>Le patron de <a href=\"https:\/\/www.20minutes.fr\/economie\/lvmh\/\" target=\"_blank\" class=\"color-ultramarine c-link\" rel=\"noopener\">LVMH<\/a> tire la sonnette d\u2019alarme. Dans un entretien au Figaro, <a href=\"https:\/\/www.20minutes.fr\/dossier\/bernard_arnault\" target=\"_blank\" class=\"color-ultramarine c-link\" rel=\"noopener\">Bernard Arnault<\/a> estime \u00ab\u00a0indispensable\u00a0\u00bb que l\u2019<a href=\"https:\/\/www.20minutes.fr\/dossier\/ue\" target=\"_blank\" class=\"color-ultramarine c-link\" rel=\"noopener\">Union europ\u00e9enne<\/a> conclue rapidement un accord commercial avec les <a href=\"https:\/\/www.20minutes.fr\/monde\/etats-unis\/\" target=\"_blank\" class=\"color-ultramarine c-link\" rel=\"noopener\">Etats-Unis<\/a>, sous peine de graves cons\u00e9quences pour l\u2019industrie europ\u00e9enne. \u00ab\u00a0Nous ne pouvons pas nous permettre de nous brouiller avec les Etats-Unis\u00a0\u00bb, pr\u00e9vient-il, en appelant Bruxelles \u00e0 privil\u00e9gier une issue \u00ab\u00a0pragmatique, efficace et amicale\u00a0\u00bb.<\/p>\n<p>Alors que les tensions commerciales des deux c\u00f4t\u00e9s de l\u2019Atlantique inqui\u00e8tent de plus en plus les milieux \u00e9conomiques, le PDG du g\u00e9ant mondial du <a href=\"https:\/\/www.20minutes.fr\/dossier\/luxe\" target=\"_blank\" class=\"color-ultramarine c-link\" rel=\"noopener\">luxe<\/a> appelle \u00e0 \u00e9viter tout bras de fer. \u00ab\u00a0M\u00eame si cela peut para\u00eetre facialement d\u00e9s\u00e9quilibr\u00e9, ce sera pr\u00e9f\u00e9rable au bras de fer\u00a0\u00bb, mart\u00e8le-t-il, jugeant qu\u2019un conflit commercial nuirait en priorit\u00e9 \u00ab\u00a0aux industriels europ\u00e9ens, et en particulier aux <a href=\"https:\/\/www.20minutes.fr\/dossier\/entrepreneuriat\" target=\"_blank\" class=\"color-ultramarine c-link\" rel=\"noopener\">entrepreneurs<\/a> fran\u00e7ais\u00a0\u00bb.<\/p>\n<\/p>\n<p>Un diplomate de l\u2019ombre<\/p>\n<p>Ses propos interviennent au moment o\u00f9 la <a href=\"https:\/\/www.20minutes.fr\/dossier\/commission_europeenne\" target=\"_blank\" class=\"color-ultramarine c-link\" rel=\"noopener\">Commission europ\u00e9enne<\/a> affirme qu\u2019un compromis avec Washington est \u00ab\u00a0\u00e0 port\u00e9e de main\u00a0\u00bb. Bernard Arnault se montre optimiste, \u00e9voquant la volont\u00e9 commune des dirigeants europ\u00e9ens d\u2019avancer. Il salue la lucidit\u00e9 d\u2019<a href=\"https:\/\/www.20minutes.fr\/politique\/emmanuel-macron\/\" target=\"_blank\" class=\"color-ultramarine c-link\" rel=\"noopener\">Emmanuel Macron<\/a>, mais aussi celle du leader allemand <a href=\"https:\/\/www.20minutes.fr\/politique\/friedrich-merz\/\" target=\"_blank\" class=\"color-ultramarine c-link\" rel=\"noopener\">Friedrich Merz<\/a> et de l\u2019italienne Giorgia Meloni, qu\u2019il juge \u00ab\u00a0tr\u00e8s conscients\u00a0\u00bb des enjeux.<\/p>\n<p><a href=\"https:\/\/www.20minutes.fr\/dossier\/douane\" target=\"_blank\" class=\"c-link c-btn c-btn--primary\" rel=\"noopener\">Notre dossier sur les droits de douane am\u00e9ricains<\/a><\/p>\n<p>L\u2019homme d\u2019affaires, dont les relations avec <a href=\"https:\/\/www.20minutes.fr\/dossier\/donald_trump\" target=\"_blank\" class=\"color-ultramarine c-link\" rel=\"noopener\">Donald Trump<\/a> ont \u00e9t\u00e9 largement comment\u00e9es, joue d\u00e9sormais un r\u00f4le d\u2019influence discret mais r\u00e9el. Au-del\u00e0 des tensions transatlantiques, Bernard Arnault se f\u00e9licite \u00e9galement d\u2019une avanc\u00e9e sur le front chinois. Le secteur du cognac, dont les principaux march\u00e9s sont la Chine et les Etats-Unis, a \u00e9vit\u00e9 une hausse redout\u00e9e des droits de douane. \u00ab\u00a0C\u2019est tr\u00e8s important, car les Etats-Unis et la Chine repr\u00e9sentent 80\u00a0% des d\u00e9bouch\u00e9s pour le cognac\u00a0\u00bb, explique-t-il.<\/p>\n","protected":false},"excerpt":{"rendered":"Le patron de LVMH tire la sonnette d\u2019alarme. Dans un entretien au Figaro, Bernard Arnault estime \u00ab\u00a0indispensable\u00a0\u00bb que&hellip;\n","protected":false},"author":2,"featured_media":271628,"comment_status":"","ping_status":"","sticky":false,"template":"","format":"standard","meta":{"footnotes":""},"categories":[6],"tags":[47,3820,35,309,2196,75,33742,33,34,1073,73,1011,27,7484,555],"class_list":{"0":"post-271627","1":"post","2":"type-post","3":"status-publish","4":"format-standard","5":"has-post-thumbnail","7":"category-economie","8":"tag-actualite","9":"tag-bernard-arnault","10":"tag-business","11":"tag-chine","12":"tag-commission-europeenne","13":"tag-donald-trump","14":"tag-droits-de-douane-americains","15":"tag-economie","16":"tag-economy","17":"tag-emmanuel-macron","18":"tag-etats-unis","19":"tag-fr","20":"tag-france","21":"tag-lvmh","22":"tag-union-europeenne-ue"},"share_on_mastodon":{"url":"https:\/\/pubeurope.com\/@fr\/114910998203020184","error":""},"_links":{"self":[{"href":"https:\/\/www.europesays.com\/fr\/wp-json\/wp\/v2\/posts\/271627","targetHints":{"allow":["GET"]}}],"collection":[{"href":"https:\/\/www.europesays.com\/fr\/wp-json\/wp\/v2\/posts"}],"about":[{"href":"https:\/\/www.europesays.com\/fr\/wp-json\/wp\/v2\/types\/post"}],"author":[{"embeddable":true,"href":"https:\/\/www.europesays.com\/fr\/wp-json\/wp\/v2\/users\/2"}],"replies":[{"embeddable":true,"href":"https:\/\/www.europesays.com\/fr\/wp-json\/wp\/v2\/comments?post=271627"}],"version-history":[{"count":0,"href":"https:\/\/www.europesays.com\/fr\/wp-json\/wp\/v2\/posts\/271627\/revisions"}],"wp:featuredmedia":[{"embeddable":true,"href":"https:\/\/www.europesays.com\/fr\/wp-json\/wp\/v2\/media\/271628"}],"wp:attachment":[{"href":"https:\/\/www.europesays.com\/fr\/wp-json\/wp\/v2\/media?parent=271627"}],"wp:term":[{"taxonomy":"category","embeddable":true,"href":"https:\/\/www.europesays.com\/fr\/wp-json\/wp\/v2\/categories?post=271627"},{"taxonomy":"post_tag","embeddable":true,"href":"https:\/\/www.europesays.com\/fr\/wp-json\/wp\/v2\/tags?post=271627"}],"curies":[{"name":"wp","href":"https:\/\/api.w.org\/{rel}","templated":true}]}}