{"id":271630,"date":"2025-07-25T00:18:16","date_gmt":"2025-07-25T00:18:16","guid":{"rendered":"https:\/\/www.europesays.com\/fr\/271630\/"},"modified":"2025-07-25T00:18:16","modified_gmt":"2025-07-25T00:18:16","slug":"photos-temoignages-voici-leurs-preuves","status":"publish","type":"post","link":"https:\/\/www.europesays.com\/fr\/271630\/","title":{"rendered":"photos, t\u00e9moignages\u2026 voici leurs preuves"},"content":{"rendered":"<p>            Par<br \/>\n        <strong><br \/>\n            <a href=\"https:\/\/actu.fr\/auteur\/martin-leduc\" title=\"Consulter tous les articles de Martin Leduc\" rel=\"nofollow noopener\" target=\"_blank\">Martin Leduc<\/a><br \/>\n        <\/strong><\/p>\n<p>        Publi\u00e9 le<\/p>\n<p>            24 juil. 2025 \u00e0 21h18        <\/p>\n<p>Cela fait de nombreux mois que Brigitte Macron est attaqu\u00e9e de toutes parts pour un pr\u00e9tendu changement de sexe. D\u2019apr\u00e8s plusieurs personnes connues pour relayer des th\u00e9ories complotistes, la premi\u00e8re dame serait n\u00e9e homme.\u00a0<\/p>\n<p class=\" wall-content\">Des all\u00e9gations que le couple pr\u00e9sidentiel rejette totalement et qu\u2019il affirme pouvoir d\u00e9montrer. Emmanuel et Brigitte Macron viennent de porter plainte contre <a href=\"https:\/\/actu.fr\/monde\/elle-veut-prouver-que-brigitte-macron-est-un-homme-qui-est-candace-owens-la-complotiste-proche-de-trump_62175024.html\" rel=\"nofollow noopener\" target=\"_blank\">Candace Owens, une podcasteuse am\u00e9ricaine \u00e0 l\u2019origine du m\u00e9dia Becoming Brigitte<\/a>, une s\u00e9rie de huit \u00e9pisodes cens\u00e9e prouver le changement de sexe.\u00a0<\/p>\n<p class=\" wall-content\">Dans <a href=\"https:\/\/clarelocke.com\/wp-content\/uploads\/2025\/07\/Complaint89.pdf\" rel=\"nofollow noopener\" target=\"_blank\">une plainte de 220 pages<\/a>, (en acc\u00e8s libre) le couple Macron \u00e9gr\u00e8ne un a un ses arguments et assure que Candace Owens est de mauvaise foi, car il lui avait fourni toutes les preuves en amont, et r\u00e9clame un montant \u00ab\u00a0exemplaire\u00a0\u00bb de dommages et int\u00e9r\u00eats \u00e0 d\u00e9terminer lors d\u2019un proc\u00e8s.\u00a0<\/p>\n<p>Photos d\u2019\u00e9poque et acte de naissance<\/p>\n<p class=\" wall-content\">\u00c0 la 10e page, puis aux pages 32 \u00e0 34, le couple fournit des photos d\u2019\u00e9poque \u00e0 la Cour sup\u00e9rieure du Delaware, devant laquelle la plainte a \u00e9t\u00e9 d\u00e9pos\u00e9e, et l\u2019\u00c9tat o\u00f9 est bas\u00e9 le m\u00e9dia de Candace Owens. On peut ainsi y voir le \u00ab\u00a0carnet mondain\u00a0\u00bb, le faire-part de naissance dans la presse locale, annon\u00e7ant la naissance de Brigitte Trogneux.\u00a0<\/p>\n<p class=\" wall-content\">Une photo de la jeune Brigitte Macron ainsi qu\u2019un clich\u00e9 de son premier mariage avec Andr\u00e9-Louis Auzi\u00e8re (1974) sont \u00e9galement visibles.\u00a0<\/p>\n<p>    <img   decoding=\"async\" loading=\"lazy\" src=\"https:\/\/www.europesays.com\/fr\/wp-content\/uploads\/2025\/07\/brigitte-macron-plainte-delaware-960x640.png\" alt=\".\" width=\"960\" height=\"640\"\/><br \/>\n    Une jeune Brigitte Macron. (\u00a9Capture d\u2019\u00e9cran de la plainte d\u00e9pos\u00e9e devant la Cour sup\u00e9rieure du Delaware, aux \u00c9tats-Unis)<\/p>\n<p class=\" wall-content\">\u00c0 la page 33, davantage de photographies de la jeune Brigitte sont aussi mises en avant.\u00a0<\/p>\n<p>Brigitte Macron serait Jean-Michel Trogneux\u2026 Sauf qu\u2019il existe bel et bien<\/p>\n<p class=\" wall-content\">Le fondement de la \u00ab\u00a0r\u00e9flexion\u00a0\u00bb de Candace Owens tient dans le fait que selon elle, Brigitte Macron serait Jean-Michel Trogneux, son fr\u00e8re. D\u2019apr\u00e8s elle, l\u2019int\u00e9ress\u00e9 n\u2019aurait jamais exist\u00e9, et serait juste un pseudonyme pour couvrir la pr\u00e9tendue ancienne identit\u00e9 de la Premi\u00e8re dame.\u00a0<\/p>\n<p class=\" wall-content\">Sauf que Jean-Michel Trogneux existe r\u00e9ellement, et justement, des photos de lui aux investitures d\u2019Emmanuel Macron en 2017 et en 2022 sont fournies page 37. \u00ab\u00a0Non seulement Jean-Michel \u00e9tait pr\u00e9sent, mais aussi dans la m\u00eame image que madame Macron. Preuve \u00e9vidente qui d\u00e9ment l\u2019all\u00e9gation d\u2019Owens (SIC)\u00a0\u00bb, argumente l\u2019avocat du couple pr\u00e9sidentiel dans le document.\u00a0<\/p>\n<p class=\" wall-content\">D\u2019ailleurs, des images de Brigitte Macron avec son fr\u00e8re sont visibles pour l\u2019investiture de 2017 et de 2022.\u00a0<\/p>\n<p>    <img   decoding=\"async\" loading=\"lazy\" src=\"https:\/\/www.europesays.com\/fr\/wp-content\/uploads\/2025\/07\/brigitte-macron-plainte-delaware-3-960x640.png\" alt=\".\" width=\"960\" height=\"640\"\/><br \/>\n    Le fr\u00e8re de Brigitte Macron, Jean-Michel Trogneux, pendant les investitures de 2017 et 2022. (\u00a9Video posted by BFMTV (@BFMTV), YouTube, Live Passation de pouvoir Macron\/Hollande \u2013 Edition Sp\u00e9ciale BFMTV (May 14, 2017), https:\/\/www.youtube.com\/watch?v=9tJPSCnIO_U. 25 \u00c9lys\u00e9e, C\u00e9r\u00e9monie d\u2019investiture du Pr\u00e9sident de la R\u00e9publique., (YouTube, May 7, 2022) https:\/\/www.youtube.com\/watch?v=uuaYB8tIaJk. \/ Capture d\u2019\u00e9cran de la plainte d\u00e9pos\u00e9e devant la Cour sup\u00e9rieure du Delaware, aux \u00c9tats-Unis)Le premier mariage\u00a0<\/p>\n<p class=\" wall-content\">Candace Owens a aussi attaqu\u00e9 Brigitte Macron \u00e0 travers une photo de son premier mariage. Selon elle, le clich\u00e9 ne montre pas Brigitte et son mari Andr\u00e9-Louis Auzi\u00e8re, mais Jean-Louis Auzi\u00e8re (un oncle par alliance) avec sa premi\u00e8re \u00e9pouse, Susan Spray.<\/p>\n<p class=\" wall-content\">La podcasteuse affirme d\u2019abord qu\u2019Andr\u00e9-Louis Auzi\u00e8re n\u2019existe pas. Pourtant, il a eu trois enfants avec Brigitte Macron \u2013 Laurence, S\u00e9bastien et Tiphaine \u2013 qui portent tous son nom.<\/p>\n<p class=\" wall-content\">De plus, Jean-Louis Auzi\u00e8re lui-m\u00eame a coup\u00e9 court \u00e0 cette th\u00e9orie. Dans <a href=\"https:\/\/actu.fr\/normandie\/lisieux_14366\/affaire-trogneux-en-normandie-un-couple-victime-collaterale-des-rumeurs-autour-de-brigitte-macron_50917623.html\" rel=\"nofollow noopener\" target=\"_blank\">un entretien \u00e0 notre r\u00e9daction locale Le Pays d\u2019Auge<\/a>, cit\u00e9 dans la plainte, il explique : \u00ab Quand Andr\u00e9-Louis s\u2019est mari\u00e9, j\u2019avais huit ans de plus et je travaillais en Allemagne. Il y a peut-\u00eatre un petit air de famille, mais de l\u00e0 \u00e0 dire que nous sommes la m\u00eame personne\u2026 \u00bb<\/p>\n<p>    <img   decoding=\"async\" loading=\"lazy\" src=\"https:\/\/www.europesays.com\/fr\/wp-content\/uploads\/2025\/07\/brigitte-macron-plainte-delaware-2-960x640.png\" alt=\".\" width=\"960\" height=\"640\"\/><br \/>\n    La photo de mariage attaqu\u00e9e par Candace Owens. (\u00a9Capture d\u2019\u00e9cran de la plainte d\u00e9pos\u00e9e devant la Cour sup\u00e9rieure du Delaware, aux \u00c9tats-Unis)<\/p>\n<p class=\" wall-content\">Il a t\u00e9moign\u00e9 en justice pour le confirmer, et cette d\u00e9cision a contribu\u00e9 <a href=\"https:\/\/actu.fr\/societe\/rumeurs-sur-brigitte-macron-transgenre-deux-femmes-condamnees-pour-diffamation_61597609.html\" rel=\"nofollow noopener\" target=\"_blank\">\u00e0 la condamnation en diffamation de Natacha Rey et Amandine Roy<\/a>, les deux femmes \u00e0 l\u2019origine de cette th\u00e9orie, reprise ensuite par Candace Owens.<\/p>\n<p class=\" wall-content\">Une fois contredite, Owens change de version : elle affirme d\u00e9sormais que l\u2019homme sur la photo est bien Andr\u00e9-Louis Auzi\u00e8re\u2026 mais que la femme \u00e0 ses c\u00f4t\u00e9s n\u2019est pas Brigitte Macron, et serait une autre \u201cBrigitte Trogneux\u201d. Une nouvelle version que la plainte qualifie de mensonge d\u00e9lib\u00e9r\u00e9.<\/p>\n<p class=\" wall-content\">Suivez toute l\u2019actualit\u00e9 de vos villes et m\u00e9dias favoris en vous inscrivant \u00e0 <a href=\"https:\/\/moncompte.actu.fr\" title=\"D\u00e9couvez Mon Actu\" rel=\"nofollow noopener\" data-trk=\"{&quot;cta&quot;:{&quot;action&quot;:&quot;https:\\\/\\\/moncompte.actu.fr&quot;,&quot;category&quot;:&quot;mon compte&quot;,&quot;from&quot;:&quot;article footer&quot;,&quot;name&quot;:&quot;Mon actu&quot;,&quot;type&quot;:&quot;cta&quot;}}\" target=\"_blank\">Mon Actu<\/a>.<\/p>\n","protected":false},"excerpt":{"rendered":"Par Martin Leduc Publi\u00e9 le 24 juil. 2025 \u00e0 21h18 Cela fait de nombreux mois que Brigitte Macron&hellip;\n","protected":false},"author":2,"featured_media":271631,"comment_status":"","ping_status":"","sticky":false,"template":"","format":"standard","meta":{"footnotes":""},"categories":[4],"tags":[11,1073,1011,27,303,12,25,104],"class_list":{"0":"post-271630","1":"post","2":"type-post","3":"status-publish","4":"format-standard","5":"has-post-thumbnail","7":"category-france","8":"tag-actualites","9":"tag-emmanuel-macron","10":"tag-fr","11":"tag-france","12":"tag-justice","13":"tag-news","14":"tag-republique-francaise","15":"tag-societe"},"share_on_mastodon":{"url":"https:\/\/pubeurope.com\/@fr\/114911006144718451","error":""},"_links":{"self":[{"href":"https:\/\/www.europesays.com\/fr\/wp-json\/wp\/v2\/posts\/271630","targetHints":{"allow":["GET"]}}],"collection":[{"href":"https:\/\/www.europesays.com\/fr\/wp-json\/wp\/v2\/posts"}],"about":[{"href":"https:\/\/www.europesays.com\/fr\/wp-json\/wp\/v2\/types\/post"}],"author":[{"embeddable":true,"href":"https:\/\/www.europesays.com\/fr\/wp-json\/wp\/v2\/users\/2"}],"replies":[{"embeddable":true,"href":"https:\/\/www.europesays.com\/fr\/wp-json\/wp\/v2\/comments?post=271630"}],"version-history":[{"count":0,"href":"https:\/\/www.europesays.com\/fr\/wp-json\/wp\/v2\/posts\/271630\/revisions"}],"wp:featuredmedia":[{"embeddable":true,"href":"https:\/\/www.europesays.com\/fr\/wp-json\/wp\/v2\/media\/271631"}],"wp:attachment":[{"href":"https:\/\/www.europesays.com\/fr\/wp-json\/wp\/v2\/media?parent=271630"}],"wp:term":[{"taxonomy":"category","embeddable":true,"href":"https:\/\/www.europesays.com\/fr\/wp-json\/wp\/v2\/categories?post=271630"},{"taxonomy":"post_tag","embeddable":true,"href":"https:\/\/www.europesays.com\/fr\/wp-json\/wp\/v2\/tags?post=271630"}],"curies":[{"name":"wp","href":"https:\/\/api.w.org\/{rel}","templated":true}]}}