{"id":271652,"date":"2025-07-25T00:37:14","date_gmt":"2025-07-25T00:37:14","guid":{"rendered":"https:\/\/www.europesays.com\/fr\/271652\/"},"modified":"2025-07-25T00:37:14","modified_gmt":"2025-07-25T00:37:14","slug":"a-cagnes-sur-mer-les-brumisateurs-de-la-place-de-gaulle-vont-reprendre-du-service-a-partir-de-samedi","status":"publish","type":"post","link":"https:\/\/www.europesays.com\/fr\/271652\/","title":{"rendered":"\u00c0 Cagnes-sur-Mer, les brumisateurs de la place De-Gaulle vont reprendre du service \u00e0 partir de samedi"},"content":{"rendered":"<p>La place Charles-de-Gaulle \u00e0 Cagnes-sur-Mer va enfin b\u00e9n\u00e9ficier de ses brumisateurs. Le syst\u00e8me sera op\u00e9rationnel \u00e0 partir de ce samedi 26 juillet. Les jets seront alors activ\u00e9s chaque fois que la temp\u00e9rature grimpera, de 14 \u00e0 18 heures.<\/p>\n<p>Ce dispositif de rafra\u00eechissement destin\u00e9 \u00e0 lutter contre les \u00eelots de chaleur avait \u00e9t\u00e9 install\u00e9 dans le cadre du dernier r\u00e9am\u00e9nagement de la place, entre 2019 et 2020. Mais il n\u2019avait fonctionn\u00e9 que momentan\u00e9ment, en 2021. D\u2019abord en raison du Covid, puis de la s\u00e9cheresse prolong\u00e9e jusqu\u2019en 2024.<\/p>\n<p>Au printemps, le comit\u00e9 de gestion de la ressource en eau s\u2019\u00e9tait assur\u00e9 d\u2019une am\u00e9lioration suffisante des r\u00e9serves pour valider la remise en service du syst\u00e8me. Et compte tenu de sa consommation \u00e9lev\u00e9e, le dispositif a \u00e9t\u00e9 repens\u00e9. La brumisation se fait d\u00e9sormais au moyen de m\u00e2ts et plus depuis des jets au sol. Les pompes et r\u00e9glages ont \u00e9t\u00e9 r\u00e9vis\u00e9s afin de limiter la consommation et \u00e9viter la stagnation par terre.<\/p>\n<p>Enfin, tous les tests sanitaires obligatoires, notamment ceux li\u00e9s \u00e0 la l\u00e9gionellose (infection pulmonaire caus\u00e9e par une bact\u00e9rie pr\u00e9sente dans l\u2019eau), sont conformes.<\/p>\n","protected":false},"excerpt":{"rendered":"La place Charles-de-Gaulle \u00e0 Cagnes-sur-Mer va enfin b\u00e9n\u00e9ficier de ses brumisateurs. Le syst\u00e8me sera op\u00e9rationnel \u00e0 partir de&hellip;\n","protected":false},"author":2,"featured_media":271653,"comment_status":"","ping_status":"","sticky":false,"template":"","format":"standard","meta":{"footnotes":""},"categories":[2819],"tags":[1111,11,1777,674,1011,27,12,2401,882,25,3366],"class_list":{"0":"post-271652","1":"post","2":"type-post","3":"status-publish","4":"format-standard","5":"has-post-thumbnail","7":"category-nice","8":"tag-actu","9":"tag-actualites","10":"tag-eu","11":"tag-europe","12":"tag-fr","13":"tag-france","14":"tag-news","15":"tag-nice","16":"tag-provence-alpes-cote-dazur","17":"tag-republique-francaise","18":"tag-vie-locale"},"share_on_mastodon":{"url":"https:\/\/pubeurope.com\/@fr\/114911081045941161","error":""},"_links":{"self":[{"href":"https:\/\/www.europesays.com\/fr\/wp-json\/wp\/v2\/posts\/271652","targetHints":{"allow":["GET"]}}],"collection":[{"href":"https:\/\/www.europesays.com\/fr\/wp-json\/wp\/v2\/posts"}],"about":[{"href":"https:\/\/www.europesays.com\/fr\/wp-json\/wp\/v2\/types\/post"}],"author":[{"embeddable":true,"href":"https:\/\/www.europesays.com\/fr\/wp-json\/wp\/v2\/users\/2"}],"replies":[{"embeddable":true,"href":"https:\/\/www.europesays.com\/fr\/wp-json\/wp\/v2\/comments?post=271652"}],"version-history":[{"count":0,"href":"https:\/\/www.europesays.com\/fr\/wp-json\/wp\/v2\/posts\/271652\/revisions"}],"wp:featuredmedia":[{"embeddable":true,"href":"https:\/\/www.europesays.com\/fr\/wp-json\/wp\/v2\/media\/271653"}],"wp:attachment":[{"href":"https:\/\/www.europesays.com\/fr\/wp-json\/wp\/v2\/media?parent=271652"}],"wp:term":[{"taxonomy":"category","embeddable":true,"href":"https:\/\/www.europesays.com\/fr\/wp-json\/wp\/v2\/categories?post=271652"},{"taxonomy":"post_tag","embeddable":true,"href":"https:\/\/www.europesays.com\/fr\/wp-json\/wp\/v2\/tags?post=271652"}],"curies":[{"name":"wp","href":"https:\/\/api.w.org\/{rel}","templated":true}]}}