{"id":271655,"date":"2025-07-25T00:40:40","date_gmt":"2025-07-25T00:40:40","guid":{"rendered":"https:\/\/www.europesays.com\/fr\/271655\/"},"modified":"2025-07-25T00:40:40","modified_gmt":"2025-07-25T00:40:40","slug":"fc-nantes-mercato-les-deboires-de-lafont-se-poursuivent-au-panathinaikos","status":"publish","type":"post","link":"https:\/\/www.europesays.com\/fr\/271655\/","title":{"rendered":"FC Nantes\u00a0Mercato : les d\u00e9boires de Lafont se poursuivent au Panathina\u00efkos\u00a0"},"content":{"rendered":"<p><strong>Fra\u00eechement arriv\u00e9 au Panathina\u00efkos en provenance du <a href=\"https:\/\/www.butfootballclub.fr\/fc-nantes-mercato-karembeu-salue-un-gros-coup-des-canaris\/\" rel=\"nofollow noopener\" target=\"_blank\">FC Nantes<\/a>, Alban Lafont (26 ans) a connu une double d\u00e9convenue dans le club grec.\u00a0<\/strong><\/p>\n<p>Alban Lafont ne vit pas ses meilleurs moments au Panathina\u00efkos. Lors du match aller du tour pr\u00e9liminaire de la Ligue des Champions mardi contre les Rangers, c\u2019est Bart\u0142omiej Dr\u0105gowski qui a \u00e9t\u00e9 titularis\u00e9 dans les buts, rel\u00e9guant le portier fran\u00e7ais sur le banc. <a href=\"https:\/\/www.leballonrond.fr\/match\/2025-07-22-rangers-panathinaikos\/11048269\" rel=\"nofollow noopener\" target=\"_blank\">Malgr\u00e9 la d\u00e9faite 2-0 de son \u00e9quipe<\/a>, Lafont n\u2019a pas eu l\u2019occasion de rentrer en jeu et reste toujours en attente d\u2019une titularisation.<\/p>\n<p>Pendant ce temps, Pedro Chirivella, \u00e9galement pass\u00e9 par le <a href=\"https:\/\/www.butfootballclub.fr\/fc-nantes-castro-a-revolutionne-le-mercato-des-canaris\/\" rel=\"nofollow noopener\" target=\"_blank\">FC Nantes<\/a>, a \u00e9t\u00e9 align\u00e9 d\u2019entr\u00e9e au milieu de terrain, t\u00e9moignant de la confiance du staff technique. La situation de Lafont pose donc question : son pr\u00eat en Gr\u00e8ce se transforme-t-il en v\u00e9ritable opportunit\u00e9 ou en frein \u00e0 sa progression ?<\/p>\n<p>Le gardien fran\u00e7ais, qui avait quitt\u00e9 le FC Nantes pour relancer sa carri\u00e8re, devra d\u00e9sormais redoubler d\u2019efforts pour convaincre son entra\u00eeneur et retrouver une place de titulaire. Un d\u00e9fi de taille alors que la comp\u00e9tition s\u2019annonce rude dans les rangs du Panathina\u00efkos, qui ambitionne de se qualifier en phase de groupes de la Ligue des Champions avec un premier d\u00e9bours.<\/p>\n","protected":false},"excerpt":{"rendered":"Fra\u00eechement arriv\u00e9 au Panathina\u00efkos en provenance du FC Nantes, Alban Lafont (26 ans) a connu une double d\u00e9convenue&hellip;\n","protected":false},"author":2,"featured_media":271656,"comment_status":"","ping_status":"","sticky":false,"template":"","format":"standard","meta":{"footnotes":""},"categories":[2818],"tags":[1111,11,448,1777,674,63,1011,27,66,3388,766,12,2636,25,10662],"class_list":{"0":"post-271655","1":"post","2":"type-post","3":"status-publish","4":"format-standard","5":"has-post-thumbnail","7":"category-nantes","8":"tag-actu","9":"tag-actualites","10":"tag-champions-league","11":"tag-eu","12":"tag-europe","13":"tag-football","14":"tag-fr","15":"tag-france","16":"tag-ligue-1","17":"tag-matchs","18":"tag-nantes","19":"tag-news","20":"tag-pays-de-la-loire","21":"tag-republique-francaise","22":"tag-transferts"},"share_on_mastodon":{"url":"https:\/\/pubeurope.com\/@fr\/114911092602546714","error":""},"_links":{"self":[{"href":"https:\/\/www.europesays.com\/fr\/wp-json\/wp\/v2\/posts\/271655","targetHints":{"allow":["GET"]}}],"collection":[{"href":"https:\/\/www.europesays.com\/fr\/wp-json\/wp\/v2\/posts"}],"about":[{"href":"https:\/\/www.europesays.com\/fr\/wp-json\/wp\/v2\/types\/post"}],"author":[{"embeddable":true,"href":"https:\/\/www.europesays.com\/fr\/wp-json\/wp\/v2\/users\/2"}],"replies":[{"embeddable":true,"href":"https:\/\/www.europesays.com\/fr\/wp-json\/wp\/v2\/comments?post=271655"}],"version-history":[{"count":0,"href":"https:\/\/www.europesays.com\/fr\/wp-json\/wp\/v2\/posts\/271655\/revisions"}],"wp:featuredmedia":[{"embeddable":true,"href":"https:\/\/www.europesays.com\/fr\/wp-json\/wp\/v2\/media\/271656"}],"wp:attachment":[{"href":"https:\/\/www.europesays.com\/fr\/wp-json\/wp\/v2\/media?parent=271655"}],"wp:term":[{"taxonomy":"category","embeddable":true,"href":"https:\/\/www.europesays.com\/fr\/wp-json\/wp\/v2\/categories?post=271655"},{"taxonomy":"post_tag","embeddable":true,"href":"https:\/\/www.europesays.com\/fr\/wp-json\/wp\/v2\/tags?post=271655"}],"curies":[{"name":"wp","href":"https:\/\/api.w.org\/{rel}","templated":true}]}}