{"id":271658,"date":"2025-07-25T00:42:21","date_gmt":"2025-07-25T00:42:21","guid":{"rendered":"https:\/\/www.europesays.com\/fr\/271658\/"},"modified":"2025-07-25T00:42:21","modified_gmt":"2025-07-25T00:42:21","slug":"girondins-des-supporters-alertent-sur-le-developpement-de-la-section-feminine-a-bordeaux","status":"publish","type":"post","link":"https:\/\/www.europesays.com\/fr\/271658\/","title":{"rendered":"Girondins : des supporters alertent sur le d\u00e9veloppement de la section f\u00e9minine \u00e0 Bordeaux"},"content":{"rendered":"<p><img decoding=\"async\" src=\"https:\/\/www.europesays.com\/fr\/wp-content\/uploads\/2025\/04\/671_7e48caf63899d74ff5fefad5b2ddc246.jpg\" alt=\"Girondins : des supporters alertent sur le d\u00e9veloppement de la section f\u00e9minine \u00e0 Bordeaux\" class=\"img-responsive mt-3\"\/><\/p>\n<p class=\"text-center mb-3\" style=\"font-size: 14px\">\u00a9 Iconsport<\/p>\n<p>      <strong>D\u00e9part de l&rsquo;entra\u00eeneur, incertitude sur l&rsquo;engagement des exp\u00e9riment\u00e9es, pertes des meilleures joueuses<\/strong><\/p>\n<p style=\"text-align: justify;\">Emmen\u00e9 par l&rsquo;entra\u00eeneur Romain Vitry, et les exp\u00e9rimente Andr\u00e9a Lardez, Sophie Istillart et Amandine Herbert avec les joueuses du feu centre de formation, la section f\u00e9minine des Girondins de Bordeaux a d\u00e9croch\u00e9 sur la saison 2024-2025 sa mont\u00e9e en Division 3 et une Coupe de Nouvelle-Aquitaine.<\/p>\n<p style=\"text-align: justify;\">Aujourd&rsquo;hui, l&rsquo;entra\u00eeneur Romain Vitry n&rsquo;a pas \u00e9t\u00e9 prolong\u00e9, car la proposition du club n&rsquo;a pas r\u00e9pondu a ses attentes, les 3 anciennes (Herbert, Lardez, Istillart) ne sont pas certaines de continuer l&rsquo;aventure \u00e0 Bordeaux, et les joueuses les plus prometteuses ont rejoint les clubs professionnels (Koko, Grondin, Baylet, Koutassila sont parties \u00e0 Montpellier, PSG, et Paris FC).<\/p>\n<p><strong>Le d\u00e9veloppement de la section f\u00e9minine : un pilier du plan de continuation du club<\/strong><\/p>\n<p style=\"text-align: justify;\">Autant de signaux qui poussent des supporters bordelais \u00e0 \u00e9crire une lettre ouverte pour alerter de la situation. Selon eux, le manque de vision et de volont\u00e9 affich\u00e9e de d\u00e9velopper cette section en impliquant des joueuses historiques est point\u00e9 du doigt dans le document (voir ci-dessous).<\/p>\n<p style=\"text-align: justify;\">Ces supporters bordelais demandent \u00ab\u00a0plus de transparence et des engagements concrets pour garantir la stabilit\u00e9 et le d\u00e9veloppement de la section f\u00e9minine\u00a0\u00bb. <\/p>\n<p>Enfin, Ils rappellent que d\u00e9velopper la section f\u00e9minine et sa formation est l&rsquo;un des 4 piliers du plan de continuation adopt\u00e9 par le tribunal de commerce de Bordeaux le 24 juin 2025.<\/p>\n<p style=\"text-align: justify;\">Voici la lettre ouverte :<\/p>\n<p><img decoding=\"async\" src=\"https:\/\/www.europesays.com\/fr\/wp-content\/uploads\/2025\/07\/Capture d\u2019e\u0301cran 2025-07-24 a\u0300 11.37.02.png\" alt=\"Capture d\u2019e\u0301cran 2025-07-24 a\u0300 11.37.02.png (1.59 MB)\" style=\"width:800px;max-width:100%;\"\/><\/p>\n<p style=\"text-align: justify;\">L&rsquo;association Girondins de Bordeaux pr\u00e9sid\u00e9e par Jean-Louis Triaud qui administre cette \u00e9quipe, a nomm\u00e9 Hugo Suarez, adjoint de Romain Vitry, au poste d&rsquo;entra\u00eeneur pour essayer de se maintenir de la continuit\u00e9. Il en faudra un peu plus pour rassurer les supporters.<\/p>\n<p>N.P<\/p>\n<p>\u00a0<\/p>\n<p style=\"text-align: justify;\">\u00c0 lire aussi &gt;&gt; <strong><a href=\"https:\/\/www.webgirondins.com\/actualite-girondins-n2-outsiders-favoris-promus-decouvrez-les-forces-du-groupe-a-face-aux-girondins-129821\" target=\"_blank\" rel=\"noopener\">D\u00e9couvrez ici notre s\u00e9rie de podcasts courts sur les effectifs des clubs de National 2 du groupe A.<\/a><\/strong><\/p>\n<p>\u00c9coutez notre podcast court mercato :<\/p>\n<p>\u00a0<\/p>\n<p>\u00a0<\/p>\n","protected":false},"excerpt":{"rendered":"\u00a9 Iconsport D\u00e9part de l&rsquo;entra\u00eeneur, incertitude sur l&rsquo;engagement des exp\u00e9riment\u00e9es, pertes des meilleures joueuses Emmen\u00e9 par l&rsquo;entra\u00eeneur Romain&hellip;\n","protected":false},"author":2,"featured_media":22530,"comment_status":"","ping_status":"","sticky":false,"template":"","format":"standard","meta":{"footnotes":""},"categories":[2817],"tags":[1111,11,41124,3683,3177,1997,5244,25373,615,8882,1777,674,14925,4283,1011,27,1987,17297,12,2043,2219,25,3242,34263,10221,1264,5256],"class_list":{"0":"post-271658","1":"post","2":"type-post","3":"status-publish","4":"format-standard","5":"has-post-thumbnail","7":"category-bordeaux","8":"tag-actu","9":"tag-actualites","10":"tag-alertent","11":"tag-alors","12":"tag-aquitaine","13":"tag-bordeaux","14":"tag-club","15":"tag-connaitre","16":"tag-coupe","17":"tag-developpement","18":"tag-eu","19":"tag-europe","20":"tag-exceptionnelle","21":"tag-feminine","22":"tag-fr","23":"tag-france","24":"tag-girondins","25":"tag-montee","26":"tag-news","27":"tag-nouvelle","28":"tag-nouvelle-aquitaine","29":"tag-republique-francaise","30":"tag-saison","31":"tag-section","32":"tag-supporters","33":"tag-victoire","34":"tag-vient"},"share_on_mastodon":{"url":"https:\/\/pubeurope.com\/@fr\/114911100536014610","error":""},"_links":{"self":[{"href":"https:\/\/www.europesays.com\/fr\/wp-json\/wp\/v2\/posts\/271658","targetHints":{"allow":["GET"]}}],"collection":[{"href":"https:\/\/www.europesays.com\/fr\/wp-json\/wp\/v2\/posts"}],"about":[{"href":"https:\/\/www.europesays.com\/fr\/wp-json\/wp\/v2\/types\/post"}],"author":[{"embeddable":true,"href":"https:\/\/www.europesays.com\/fr\/wp-json\/wp\/v2\/users\/2"}],"replies":[{"embeddable":true,"href":"https:\/\/www.europesays.com\/fr\/wp-json\/wp\/v2\/comments?post=271658"}],"version-history":[{"count":0,"href":"https:\/\/www.europesays.com\/fr\/wp-json\/wp\/v2\/posts\/271658\/revisions"}],"wp:featuredmedia":[{"embeddable":true,"href":"https:\/\/www.europesays.com\/fr\/wp-json\/wp\/v2\/media\/22530"}],"wp:attachment":[{"href":"https:\/\/www.europesays.com\/fr\/wp-json\/wp\/v2\/media?parent=271658"}],"wp:term":[{"taxonomy":"category","embeddable":true,"href":"https:\/\/www.europesays.com\/fr\/wp-json\/wp\/v2\/categories?post=271658"},{"taxonomy":"post_tag","embeddable":true,"href":"https:\/\/www.europesays.com\/fr\/wp-json\/wp\/v2\/tags?post=271658"}],"curies":[{"name":"wp","href":"https:\/\/api.w.org\/{rel}","templated":true}]}}