{"id":271682,"date":"2025-07-25T00:57:13","date_gmt":"2025-07-25T00:57:13","guid":{"rendered":"https:\/\/www.europesays.com\/fr\/271682\/"},"modified":"2025-07-25T00:57:13","modified_gmt":"2025-07-25T00:57:13","slug":"cooperation-russie-bielorussie-kosmosnews","status":"publish","type":"post","link":"https:\/\/www.europesays.com\/fr\/271682\/","title":{"rendered":"Coop\u00e9ration Russie-Bi\u00e9lorussie &#8211; kosmosnews"},"content":{"rendered":"<p>\t<a href=\"https:\/\/www.europesays.com\/fr\/wp-content\/uploads\/2025\/07\/Bielorussie-Russie_01.jpg\"><img loading=\"lazy\" decoding=\"async\" class=\"aligncenter size-full wp-image-48390\" src=\"https:\/\/www.europesays.com\/fr\/wp-content\/uploads\/2025\/07\/Bielorussie-Russie_01.jpg\" alt=\"\" width=\"2000\" height=\"1296\"  \/><\/a><br \/>\nDes repr\u00e9sentants de la Bi\u00e9lorussie et de la Russie ont discut\u00e9 de la cr\u00e9ation d&rsquo;un satelliyte conjoint pour la t\u00e9l\u00e9d\u00e9tection de la Terre \u00e0 ultra-haute r\u00e9solution. <\/p>\n<p>Cette information a \u00e9t\u00e9 rapport\u00e9e par le service de presse de l&rsquo;Acad\u00e9mie nationale des sciences de Bi\u00e9lorussie (NAS), selon TASS.<\/p>\n<p>Selon ce service, la d\u00e9l\u00e9gation de la NSA, conduite par le pr\u00e9sident du pr\u00e9sidium de l&rsquo;Acad\u00e9mie, <strong>Vladimir Karanik<\/strong>, s&rsquo;est rendue \u00e0 Moscou, o\u00f9 elle a rencontr\u00e9 le directeur g\u00e9n\u00e9ral de Roscosmos, <strong>Dmitry Bakanov<\/strong>.<\/p>\n<p style=\"padding-left: 40px;\">\u00ab\u00a0Les parties ont discut\u00e9 des questions suivantes\u00a0: la cr\u00e9ation d&rsquo;un vaisseau spatial russo-bi\u00e9lorusse pour la t\u00e9l\u00e9d\u00e9tection de la Terre \u00e0 ultra-haute r\u00e9solution de 0,35\u00a0m et d&rsquo;un syst\u00e8me spatial bas\u00e9 sur celui-ci, la coop\u00e9ration scientifique et technique entre la Bi\u00e9lorussie et la Russie dans le domaine de la recherche spatiale et des technologies de l&rsquo;information et de l&rsquo;espace, la mise en \u0153uvre de programmes et de projets de l&rsquo;\u00c9tat de l&rsquo;Union, et d&rsquo;autres\u00a0\u00bb, indique le communiqu\u00e9.<\/p>\n<p>Source et cr\u00e9dit graphique: <a href=\"https:\/\/t.me\/zheleznyakov_spaceera\/6518\" rel=\"nofollow\">Chronique de l&rsquo;\u00e8re spatiale<\/a><\/p>\n","protected":false},"excerpt":{"rendered":"Des repr\u00e9sentants de la Bi\u00e9lorussie et de la Russie ont discut\u00e9 de la cr\u00e9ation d&rsquo;un satelliyte conjoint pour&hellip;\n","protected":false},"author":2,"featured_media":271683,"comment_status":"","ping_status":"","sticky":false,"template":"","format":"standard","meta":{"footnotes":""},"categories":[1591],"tags":[11,1887,12,1885,1886,132],"class_list":{"0":"post-271682","1":"post","2":"type-post","3":"status-publish","4":"format-standard","5":"has-post-thumbnail","7":"category-russie","8":"tag-actualites","9":"tag-federation-de-russie","10":"tag-news","11":"tag-russia","12":"tag-russian-federation","13":"tag-russie"},"share_on_mastodon":{"url":"https:\/\/pubeurope.com\/@fr\/114911159564501558","error":""},"_links":{"self":[{"href":"https:\/\/www.europesays.com\/fr\/wp-json\/wp\/v2\/posts\/271682","targetHints":{"allow":["GET"]}}],"collection":[{"href":"https:\/\/www.europesays.com\/fr\/wp-json\/wp\/v2\/posts"}],"about":[{"href":"https:\/\/www.europesays.com\/fr\/wp-json\/wp\/v2\/types\/post"}],"author":[{"embeddable":true,"href":"https:\/\/www.europesays.com\/fr\/wp-json\/wp\/v2\/users\/2"}],"replies":[{"embeddable":true,"href":"https:\/\/www.europesays.com\/fr\/wp-json\/wp\/v2\/comments?post=271682"}],"version-history":[{"count":0,"href":"https:\/\/www.europesays.com\/fr\/wp-json\/wp\/v2\/posts\/271682\/revisions"}],"wp:featuredmedia":[{"embeddable":true,"href":"https:\/\/www.europesays.com\/fr\/wp-json\/wp\/v2\/media\/271683"}],"wp:attachment":[{"href":"https:\/\/www.europesays.com\/fr\/wp-json\/wp\/v2\/media?parent=271682"}],"wp:term":[{"taxonomy":"category","embeddable":true,"href":"https:\/\/www.europesays.com\/fr\/wp-json\/wp\/v2\/categories?post=271682"},{"taxonomy":"post_tag","embeddable":true,"href":"https:\/\/www.europesays.com\/fr\/wp-json\/wp\/v2\/tags?post=271682"}],"curies":[{"name":"wp","href":"https:\/\/api.w.org\/{rel}","templated":true}]}}