{"id":271686,"date":"2025-07-25T00:59:11","date_gmt":"2025-07-25T00:59:11","guid":{"rendered":"https:\/\/www.europesays.com\/fr\/271686\/"},"modified":"2025-07-25T00:59:11","modified_gmt":"2025-07-25T00:59:11","slug":"donald-trump-dit-que-le-japon-paiera-des-milliards-de-dollars-pour-des-equipements-militaires-americains","status":"publish","type":"post","link":"https:\/\/www.europesays.com\/fr\/271686\/","title":{"rendered":"Donald Trump dit que le Japon paiera des milliards de dollars pour des \u00e9quipements militaires am\u00e9ricains"},"content":{"rendered":"<p class=\"csp-catelogo\">\n\t\t\t\t\tActualit\u00e9s\n\t\t\t\t<\/p>\n<p>\t\t\t\t\t\t\t\t\t\t\t\t\t<a class=\"c-cate c-cate0\" href=\"https:\/\/www.nippon.com\/fr\/articlelist.html?f=ncf-category&amp;s=%C3%89conomie\" rel=\"nofollow noopener\" target=\"_blank\">\u00c9conomie<\/a><br \/>\n\t\t\t\t\t\t\t\t\t\t\t\t\t\t\t\t\t\t\t\t\t\t\t\t\t<a class=\"c-cate c-cate2\" href=\"https:\/\/www.nippon.com\/fr\/articlelist.html?f=ncf-category&amp;s=International\" rel=\"nofollow noopener\" target=\"_blank\">International<\/a><\/p>\n<p>\t\t\t\t25\/07\/2025<\/p>\n<p>Le pr\u00e9sident Donald Trump a dit mercredi que le Japon avait accept\u00e9 d\u2019acheter des fournitures militaires et d\u2019autres \u00e9quipements pour plusieurs milliards de dollars.<\/p>\n<p>Les commentaires du dirigeant am\u00e9ricain interviennent un jour apr\u00e8s que le ministre japonais de la Revitalisation \u00e9conomique, Akazawa Ry\u00f4sei, en charge des n\u00e9gociations tarifaires, avait d\u00e9clar\u00e9 \u00e0 Washington que le nouvel accord commercial entre les deux pays \u00ab n\u2019incluait rien qui soit li\u00e9 aux d\u00e9penses de d\u00e9fense \u00bb.<\/p>\n<p>Un membre du groupe accompagnant Akazawa avait dit que \u00ab la s\u00e9curit\u00e9 ne faisait pas partie des discussions \u00bb avec les \u00c9tats-Unis.<\/p>\n<p>Mais Donald Trump a n\u00e9anmoins d\u00e9clar\u00e9 sur son r\u00e9seau social Truth Social qu&rsquo;\u00ab ils [&#8230;] se sont mis d\u2019accord pour acheter des MILLIARDS DE DOLLARS DE FOURNITURES MILITAIRES ET D\u2019AUTRES \u00c9QUIPEMENTS \u00bb.<\/p>\n<p>Le pr\u00e9sident avait initialement l\u2019intention de discuter avec le Japon des d\u00e9penses de d\u00e9fense et du soutien financier aux forces am\u00e9ricaines sur le sol japonais. Il s\u2019est toutefois ravis\u00e9 par la suite et a laiss\u00e9 entendre que ces questions seraient trait\u00e9es dans le cadre de discussions distinctes.<\/p>\n<p class=\"photo_box_c_v2\"><a href=\"https:\/\/www.europesays.com\/fr\/wp-content\/uploads\/2025\/07\/2843122.jpg\" class=\"fancybox\" rel=\"gallery\" data-libid=\"2843122\"><img decoding=\"async\" src=\"https:\/\/www.europesays.com\/fr\/wp-content\/uploads\/2025\/07\/2843122.jpg\" data-libid=\"2843122\" alt=\"Akazawa Ry\u00f4sei\"\/><\/a><br \/>Akazawa Ry\u00f4sei<\/p>\n<p>[Copyright The Jiji Press, Ltd.]<\/p>\n<p class=\"c-keywords\">\n\t\t\t\t\t\t\t\t\t\t\t\t <a href=\"\">\u00c9tats-Unis<\/a><br \/>\n\t\t\t\t\t \t\t\t\t\t\t\t <a href=\"\">international<\/a><br \/>\n\t\t\t\t\t \t\t\t\t\t\t\t <a href=\"\">d\u00e9fense<\/a><br \/>\n\t\t\t\t\t \t\t\t\t\t\t\t <a href=\"\">Actu<\/a><br \/>\n\t\t\t\t\t \t\t\t\t\t\t\t <a href=\"\">Donald Trump<\/a>\n\t\t\t\t\t \t\t\t\t\t\t<\/p>\n","protected":false},"excerpt":{"rendered":"Actualit\u00e9s \u00c9conomie International 25\/07\/2025 Le pr\u00e9sident Donald Trump a dit mercredi que le Japon avait accept\u00e9 d\u2019acheter des&hellip;\n","protected":false},"author":2,"featured_media":271687,"comment_status":"","ping_status":"","sticky":false,"template":"","format":"standard","meta":{"footnotes":""},"categories":[1589],"tags":[1111,11,554,75,73,1866,14,12,1864,1865,1863,308],"class_list":{"0":"post-271686","1":"post","2":"type-post","3":"status-publish","4":"format-standard","5":"has-post-thumbnail","7":"category-etats-unis","8":"tag-actu","9":"tag-actualites","10":"tag-defense","11":"tag-donald-trump","12":"tag-etats-unis","13":"tag-etats-unis-damerique","14":"tag-international","15":"tag-news","16":"tag-united-states","17":"tag-united-states-of-america","18":"tag-us","19":"tag-usa"},"share_on_mastodon":{"url":"https:\/\/pubeurope.com\/@fr\/114911168057510264","error":""},"_links":{"self":[{"href":"https:\/\/www.europesays.com\/fr\/wp-json\/wp\/v2\/posts\/271686","targetHints":{"allow":["GET"]}}],"collection":[{"href":"https:\/\/www.europesays.com\/fr\/wp-json\/wp\/v2\/posts"}],"about":[{"href":"https:\/\/www.europesays.com\/fr\/wp-json\/wp\/v2\/types\/post"}],"author":[{"embeddable":true,"href":"https:\/\/www.europesays.com\/fr\/wp-json\/wp\/v2\/users\/2"}],"replies":[{"embeddable":true,"href":"https:\/\/www.europesays.com\/fr\/wp-json\/wp\/v2\/comments?post=271686"}],"version-history":[{"count":0,"href":"https:\/\/www.europesays.com\/fr\/wp-json\/wp\/v2\/posts\/271686\/revisions"}],"wp:featuredmedia":[{"embeddable":true,"href":"https:\/\/www.europesays.com\/fr\/wp-json\/wp\/v2\/media\/271687"}],"wp:attachment":[{"href":"https:\/\/www.europesays.com\/fr\/wp-json\/wp\/v2\/media?parent=271686"}],"wp:term":[{"taxonomy":"category","embeddable":true,"href":"https:\/\/www.europesays.com\/fr\/wp-json\/wp\/v2\/categories?post=271686"},{"taxonomy":"post_tag","embeddable":true,"href":"https:\/\/www.europesays.com\/fr\/wp-json\/wp\/v2\/tags?post=271686"}],"curies":[{"name":"wp","href":"https:\/\/api.w.org\/{rel}","templated":true}]}}