{"id":271690,"date":"2025-07-25T01:01:26","date_gmt":"2025-07-25T01:01:26","guid":{"rendered":"https:\/\/www.europesays.com\/fr\/271690\/"},"modified":"2025-07-25T01:01:26","modified_gmt":"2025-07-25T01:01:26","slug":"guerre-en-ukraine-des-soldats-allemands-sont-prets-a-tuer-des-russes-le-ministre-allemand-de-la-defense-necarte-pas-une-confrontation-directe-avec-moscou","status":"publish","type":"post","link":"https:\/\/www.europesays.com\/fr\/271690\/","title":{"rendered":"Guerre en Ukraine\u00a0: \u00ab\u00a0Des soldats allemands sont pr\u00eats \u00e0 tuer des Russes\u00a0\u00bb, le ministre allemand de la D\u00e9fense n\u2019\u00e9carte pas une confrontation directe avec Moscou"},"content":{"rendered":"<p>\n                                                                Le chancelier allemand Friedrich Merz avait pr\u00e9c\u00e9demment rendu public son ambition de faire de l\u2019Allemagne \u00ab\u00a0l\u2019arm\u00e9e conventionnelle la plus puissante d\u2019Europe\u00a0\u00bb.\n                            <\/p>\n<p>Apr\u00e8s Donald Trump, c\u2019est au tour de l\u2019Allemagne de durcir le ton contre Moscou.\u00a0Le ministre allemand de la D\u00e9fense, Boris Pistorius, a affirm\u00e9 ce lundi 14\u00a0juillet qu\u2019en cas d\u2019attaque sur un pays membres de l\u2019Otan, <strong>les troupes de la Budeswehr \u00e9taient \u00ab\u00a0pr\u00eates \u00e0 tuer les soldats russes\u00a0\u00bb.<\/strong><\/p>\n<p>Ce mardi 15\u00a0juillet, Moscou fait face \u00e0 de multiples menaces. T\u00f4t, ce matin,<a href=\"https:\/\/www.lindependant.fr\/2025\/07\/15\/guerre-en-ukraine-decu-de-vladimir-poutine-donald-trump-lui-lance-un-ultimatum-de-50-jours-pour-mettre-fin-a-la-guerre-et-le-menace-de-droits-de-12825919.php\" target=\"_self\" rel=\"nofollow noopener\"> Donald Trump a impos\u00e9 \u00e0 la Russie un ultimatum de 50 jours <\/a>pour mettre fin \u00e0 la guerre qui l\u2019oppose \u00e0 l\u2019Ukraine, en plus de menacer le Kremlin de droit de douane de 100 \u00e0 500\u00a0%.<\/p>\n<p>Juste avant les annonces de Washington, le ministre allemand de la D\u00e9fense Boris Pistorius s\u2019\u00e9tait entretenu le 14\u00a0juillet dernier avec le <a href=\"https:\/\/www.ft.com\/content\/a9c8d754-bea4-4f5a-887c-b2898b5d0dd3\" target=\"_self\" rel=\"nofollow noopener\">Financial Times<\/a>. Dans les colonnes du journal britannique,<strong> il a d\u00e9clar\u00e9 que ses troupes \u00e9taient \u00ab\u00a0pr\u00eates\u00a0\u00bb \u00e0 tuer des soldats russes<\/strong> en cas d\u2019attaque sur un pays membre de l\u2019Otan.<\/p>\n<p>\u00ab\u00a0Ils savent parfaitement en quoi consiste leur mission\u00a0\u00bb<\/p>\n<p>\u00ab\u00a0Si la dissuasion ne fonctionne pas et que la Russie attaque, cela se produira-t-il\u00a0? Oui\u00a0\u00bb, a-t-il assur\u00e9. \u00ab\u00a0Je\u00a0vous recommande simplement d\u2019aller \u00e0 Vilnius et de parler aux repr\u00e9sentants de la brigade allemande sur place. Ils savent parfaitement en quoi consiste leur mission\u00a0\u00bb, a-t-il poursuivi.<\/p>\n<p>\u00ab\u00a0L\u2019arm\u00e9e conventionnelle la plus puissante d\u2019Europe\u00a0\u00bb<\/p>\n<p>Cette annonce intervient alors que quelques semaines auparavant, le chancelier allemand Friedrich Merz avait confi\u00e9 son ambition de faire des troupes allemandes, <strong>\u00ab\u00a0l\u2019arm\u00e9e conventionnelle la plus puissante d\u2019Europe\u00a0\u00bb<\/strong>. Pour parvenir \u00e0 cet objectif, le gouvernement pr\u00e9voit de porter l\u2019effort de d\u00e9fense \u00e0<strong> 162\u00a0milliards d\u2019euros par an <\/strong>\u00e0 l\u2019horizon 2029 soit<strong> une augmentation de 70\u00a0% <\/strong>par rapport \u00e0 cette ann\u00e9e, souligne le Financial Times.<\/p>\n<p>Cette hausse significative permettrait \u00e0 l\u2019Allemagne <strong>de pallier les retards relev\u00e9s dans certains programmes<\/strong>.\u00a0Boris Pistorius a par ailleurs indiqu\u00e9 que le minist\u00e8re \u00e9tait en train d\u2019\u00e9tudier<strong> des plans d\u2019acquisition dans le domaine des chars, des sous-marins, des drones et des avions de combat.<\/strong><\/p>\n<p>Un plan sur trois ans<\/p>\n<p>Ce plan de r\u00e9armement devrait s\u2019effectuer sur trois ans pour se doter des mat\u00e9riels n\u00e9cessaires afin de faire face \u00e0 la menace russe, d\u00e9clarait, la pr\u00e9sidente de l\u2019Office f\u00e9d\u00e9ral des achats militaires allemands, Annette Lehnigk-Emden, au\u00a0<a href=\"https:\/\/www.tagesspiegel.de\/politik\/sie-gibt-die-bundeswehr-milliarden-aus-wir-beschaffen-das-13807438.html\" target=\"_self\" rel=\"nofollow noopener\">Tagesspiegel<\/a>. L\u2019Allemagne doit se r\u00e9ajuster sur des proc\u00e9dures d\u2019achat all\u00e9g\u00e9es et mettre la priorit\u00e9 sur des contrats \u00e0 longs termes assortis \u00ab\u00a0d\u2019obligations d\u2019achat annuelles r\u00e9guli\u00e8res\u00a0\u00bb, avec parfois des paiements anticip\u00e9s, d\u00e9taille le Financial Times. Et ceci pour permettre aux industries d\u2019investir sur le long terme dans les capacit\u00e9s de production\u2026<\/p>\n<p><strong>\u00ab\u00a0Nous devons \u00eatre plus rapides. Nous devons \u00eatre plus efficaces<\/strong>. Nous devons nous d\u00e9barrasser des r\u00e8gles en mati\u00e8re d\u2019approvisionnement et de planification\u00a0\u00bb, a encore martel\u00e9 Boris Pistorius aupr\u00e8s de nos confr\u00e8res britanniques.<\/p>\n<p>La France veut investir dans ses rangs<\/p>\n<p>Dimanche 13\u00a0juillet,<a href=\"https:\/\/www.lindependant.fr\/2025\/07\/15\/impots-supplementaires-chomage-durci-niches-fiscales-et-aides-publiques-attaquees-ou-francois-bayrou-a-t-il-trouve-les-40-milliards-deconomies-pour-le-12825908.php\" target=\"_self\" rel=\"nofollow noopener\"> Emmanuel Macron a lui aussi demand\u00e9 un effort consid\u00e9rable pour les Arm\u00e9es <\/a>\u00e0 hauteur de <strong>3,5\u00a0milliards d\u2019euros en 2026.<\/strong> Quant au\u00a0budget allou\u00e9 \u00e0 la D\u00e9fense, il sera doubl\u00e9 en 2027 passant de 32\u00a0milliards \u00e0 64\u00a0milliards d\u2019euros.<\/p>\n","protected":false},"excerpt":{"rendered":"Le chancelier allemand Friedrich Merz avait pr\u00e9c\u00e9demment rendu public son ambition de faire de l\u2019Allemagne \u00ab\u00a0l\u2019arm\u00e9e conventionnelle la&hellip;\n","protected":false},"author":2,"featured_media":271691,"comment_status":"","ping_status":"","sticky":false,"template":"","format":"standard","meta":{"footnotes":""},"categories":[1587],"tags":[11,672,1804,1805,1803,1777,674,1801,12,1802],"class_list":{"0":"post-271690","1":"post","2":"type-post","3":"status-publish","4":"format-standard","5":"has-post-thumbnail","7":"category-allemagne","8":"tag-actualites","9":"tag-allemagne","10":"tag-bundesrepublik-deutschland","11":"tag-de","12":"tag-deutschland","13":"tag-eu","14":"tag-europe","15":"tag-germany","16":"tag-news","17":"tag-republique-federale-dallemagne"},"share_on_mastodon":{"url":"https:\/\/pubeurope.com\/@fr\/114911175191576553","error":""},"_links":{"self":[{"href":"https:\/\/www.europesays.com\/fr\/wp-json\/wp\/v2\/posts\/271690","targetHints":{"allow":["GET"]}}],"collection":[{"href":"https:\/\/www.europesays.com\/fr\/wp-json\/wp\/v2\/posts"}],"about":[{"href":"https:\/\/www.europesays.com\/fr\/wp-json\/wp\/v2\/types\/post"}],"author":[{"embeddable":true,"href":"https:\/\/www.europesays.com\/fr\/wp-json\/wp\/v2\/users\/2"}],"replies":[{"embeddable":true,"href":"https:\/\/www.europesays.com\/fr\/wp-json\/wp\/v2\/comments?post=271690"}],"version-history":[{"count":0,"href":"https:\/\/www.europesays.com\/fr\/wp-json\/wp\/v2\/posts\/271690\/revisions"}],"wp:featuredmedia":[{"embeddable":true,"href":"https:\/\/www.europesays.com\/fr\/wp-json\/wp\/v2\/media\/271691"}],"wp:attachment":[{"href":"https:\/\/www.europesays.com\/fr\/wp-json\/wp\/v2\/media?parent=271690"}],"wp:term":[{"taxonomy":"category","embeddable":true,"href":"https:\/\/www.europesays.com\/fr\/wp-json\/wp\/v2\/categories?post=271690"},{"taxonomy":"post_tag","embeddable":true,"href":"https:\/\/www.europesays.com\/fr\/wp-json\/wp\/v2\/tags?post=271690"}],"curies":[{"name":"wp","href":"https:\/\/api.w.org\/{rel}","templated":true}]}}