{"id":271701,"date":"2025-07-25T01:07:12","date_gmt":"2025-07-25T01:07:12","guid":{"rendered":"https:\/\/www.europesays.com\/fr\/271701\/"},"modified":"2025-07-25T01:07:12","modified_gmt":"2025-07-25T01:07:12","slug":"un-pitch-putt-remplace-lancien-parcours-de-golf-lourdes-actu","status":"publish","type":"post","link":"https:\/\/www.europesays.com\/fr\/271701\/","title":{"rendered":"un pitch &#038; putt remplace l\u2019ancien parcours de Golf \u2013 LOURDES-ACTU"},"content":{"rendered":"<p>Jeudi 10 juillet \u00e0 16h, \u00e0 la salle de presse de la Villa Gazagne, le Maire Thierry LAVIT, accompagn\u00e9 du Maire-adjoint aux sports Mohamed DILMI, du Conseiller municipal d\u00e9l\u00e9gu\u00e9 Julien LEMAITRE et du Pr\u00e9sident de l\u2019association Lourdes Golf Club Aur\u00e9lien SAINT MARTIN, avaient convi\u00e9 la Presse pour pr\u00e9senter l\u2019ouverture d\u2019un pitch &amp; putt sur le site de l\u2019ancien Golf \u00e0 18 trous.<\/p>\n<p>Le\u00a0pitch and putt\u00a0est un parcours de golf\u00a0aux dimensions r\u00e9duites. La pratique du pitch and putt met l\u2019accent sur le jeu court, \u00e0 savoir les approches et le putting. <\/p>\n<p>Ce projet s\u2019est fait en collaboration entre la Ville et l\u2019association.<\/p>\n<p>Le parcours situ\u00e9 devant le restaurant, \u00e0 proximit\u00e9 du practice, comprend 6 trous, avec des distances allant de 44 \u00e0 90 m\u00e8tres, r\u00e9partis sur les zones des anciens trous n\u00b010, 17, 18, ainsi que le putting green. \u00ab\u00a0Cette diversit\u00e9 permet une initiation ludique pour les d\u00e9butants, tout en offrant un travail technique de pr\u00e9cision pour les joueurs confirm\u00e9s.\u00a0\u00bb<\/p>\n<p>Pour le faire conna\u00eetre, il est propos\u00e9e 2 Journ\u00e9es portes-ouvertes le 26 juillet et le 2 ao\u00fbt de 8h \u00e0 14h.<\/p>\n<p>Annie MURATORE<\/p>\n<p><a href=\"https:\/\/i0.wp.com\/lourdesactu.fr\/wp-content\/uploads\/2025\/07\/IMG-20250712-WA0018.jpg?ssl=1\" data-slb-active=\"1\" data-slb-asset=\"537400876\" data-slb-group=\"105540\" rel=\"nofollow noopener\" target=\"_blank\"><img loading=\"lazy\" data-recalc-dims=\"1\" decoding=\"async\" width=\"768\" height=\"1024\" data-attachment-id=\"105545\" data-permalink=\"https:\/\/lourdesactu.fr\/2025\/07\/23\/lourdes-un-pitch-putt-remplace-lancien-parcours-de-golf\/img-20250712-wa0018\/\" data-orig-file=\"https:\/\/i0.wp.com\/lourdesactu.fr\/wp-content\/uploads\/2025\/07\/IMG-20250712-WA0018.jpg?fit=1530%2C2040&amp;ssl=1\" data-orig-size=\"1530,2040\" data-comments-opened=\"0\" data-image-meta=\"{&quot;aperture&quot;:&quot;0&quot;,&quot;credit&quot;:&quot;&quot;,&quot;camera&quot;:&quot;&quot;,&quot;caption&quot;:&quot;&quot;,&quot;created_timestamp&quot;:&quot;0&quot;,&quot;copyright&quot;:&quot;&quot;,&quot;focal_length&quot;:&quot;0&quot;,&quot;iso&quot;:&quot;0&quot;,&quot;shutter_speed&quot;:&quot;0&quot;,&quot;title&quot;:&quot;&quot;,&quot;orientation&quot;:&quot;0&quot;}\" data-image-title=\"IMG-20250712-WA0018\" data-image-description=\"\" data-image-caption=\"\" data-medium-file=\"https:\/\/i0.wp.com\/lourdesactu.fr\/wp-content\/uploads\/2025\/07\/IMG-20250712-WA0018.jpg?fit=225%2C300&amp;ssl=1\" data-large-file=\"https:\/\/i0.wp.com\/lourdesactu.fr\/wp-content\/uploads\/2025\/07\/IMG-20250712-WA0018.jpg?fit=768%2C1024&amp;ssl=1\" src=\"https:\/\/www.europesays.com\/fr\/wp-content\/uploads\/2025\/07\/IMG-20250712-WA0018.jpg\" alt=\"\" class=\"wp-image-105545\"  \/><\/a><\/p>\n<p><a href=\"https:\/\/i0.wp.com\/lourdesactu.fr\/wp-content\/uploads\/2025\/07\/IMG-20250712-WA0019.jpg?ssl=1\" data-slb-active=\"1\" data-slb-asset=\"1795273214\" data-slb-group=\"105540\" rel=\"nofollow noopener\" target=\"_blank\"><img loading=\"lazy\" data-recalc-dims=\"1\" decoding=\"async\" width=\"1024\" height=\"768\" data-attachment-id=\"105546\" data-permalink=\"https:\/\/lourdesactu.fr\/2025\/07\/23\/lourdes-un-pitch-putt-remplace-lancien-parcours-de-golf\/img-20250712-wa0019\/\" data-orig-file=\"https:\/\/i0.wp.com\/lourdesactu.fr\/wp-content\/uploads\/2025\/07\/IMG-20250712-WA0019.jpg?fit=2040%2C1530&amp;ssl=1\" data-orig-size=\"2040,1530\" data-comments-opened=\"0\" data-image-meta=\"{&quot;aperture&quot;:&quot;0&quot;,&quot;credit&quot;:&quot;&quot;,&quot;camera&quot;:&quot;&quot;,&quot;caption&quot;:&quot;&quot;,&quot;created_timestamp&quot;:&quot;0&quot;,&quot;copyright&quot;:&quot;&quot;,&quot;focal_length&quot;:&quot;0&quot;,&quot;iso&quot;:&quot;0&quot;,&quot;shutter_speed&quot;:&quot;0&quot;,&quot;title&quot;:&quot;&quot;,&quot;orientation&quot;:&quot;0&quot;}\" data-image-title=\"IMG-20250712-WA0019\" data-image-description=\"\" data-image-caption=\"\" data-medium-file=\"https:\/\/i0.wp.com\/lourdesactu.fr\/wp-content\/uploads\/2025\/07\/IMG-20250712-WA0019.jpg?fit=300%2C225&amp;ssl=1\" data-large-file=\"https:\/\/i0.wp.com\/lourdesactu.fr\/wp-content\/uploads\/2025\/07\/IMG-20250712-WA0019.jpg?fit=1024%2C768&amp;ssl=1\" src=\"https:\/\/www.europesays.com\/fr\/wp-content\/uploads\/2025\/07\/IMG-20250712-WA0019.jpg\" alt=\"\" class=\"wp-image-105546\"  \/><\/a><br \/>\n                    <a href=\"#\" rel=\"nofollow\" onclick=\"window.print(); return false;\" title=\"Printer Friendly, PDF &amp; Email\"><br \/>\n                    <img data-recalc-dims=\"1\" decoding=\"async\" class=\"pf-button-img\" src=\"https:\/\/www.europesays.com\/fr\/wp-content\/uploads\/2025\/07\/printfriendly-pdf-email-button.png\" alt=\"Print Friendly, PDF &amp; Email\" style=\"width: 170px;height: 24px;\"\/><br \/>\n                    <\/a><\/p>\n","protected":false},"excerpt":{"rendered":"Jeudi 10 juillet \u00e0 16h, \u00e0 la salle de presse de la Villa Gazagne, le Maire Thierry LAVIT,&hellip;\n","protected":false},"author":2,"featured_media":271702,"comment_status":"","ping_status":"","sticky":false,"template":"","format":"standard","meta":{"footnotes":""},"categories":[1418],"tags":[1011,27,1472,60],"class_list":{"0":"post-271701","1":"post","2":"type-post","3":"status-publish","4":"format-standard","5":"has-post-thumbnail","7":"category-golf","8":"tag-fr","9":"tag-france","10":"tag-golf","11":"tag-sports"},"share_on_mastodon":{"url":"https:\/\/pubeurope.com\/@fr\/114911198836610901","error":""},"_links":{"self":[{"href":"https:\/\/www.europesays.com\/fr\/wp-json\/wp\/v2\/posts\/271701","targetHints":{"allow":["GET"]}}],"collection":[{"href":"https:\/\/www.europesays.com\/fr\/wp-json\/wp\/v2\/posts"}],"about":[{"href":"https:\/\/www.europesays.com\/fr\/wp-json\/wp\/v2\/types\/post"}],"author":[{"embeddable":true,"href":"https:\/\/www.europesays.com\/fr\/wp-json\/wp\/v2\/users\/2"}],"replies":[{"embeddable":true,"href":"https:\/\/www.europesays.com\/fr\/wp-json\/wp\/v2\/comments?post=271701"}],"version-history":[{"count":0,"href":"https:\/\/www.europesays.com\/fr\/wp-json\/wp\/v2\/posts\/271701\/revisions"}],"wp:featuredmedia":[{"embeddable":true,"href":"https:\/\/www.europesays.com\/fr\/wp-json\/wp\/v2\/media\/271702"}],"wp:attachment":[{"href":"https:\/\/www.europesays.com\/fr\/wp-json\/wp\/v2\/media?parent=271701"}],"wp:term":[{"taxonomy":"category","embeddable":true,"href":"https:\/\/www.europesays.com\/fr\/wp-json\/wp\/v2\/categories?post=271701"},{"taxonomy":"post_tag","embeddable":true,"href":"https:\/\/www.europesays.com\/fr\/wp-json\/wp\/v2\/tags?post=271701"}],"curies":[{"name":"wp","href":"https:\/\/api.w.org\/{rel}","templated":true}]}}