{"id":271703,"date":"2025-07-25T01:09:09","date_gmt":"2025-07-25T01:09:09","guid":{"rendered":"https:\/\/www.europesays.com\/fr\/271703\/"},"modified":"2025-07-25T01:09:09","modified_gmt":"2025-07-25T01:09:09","slug":"ce-tricolore-a-dit-non-au-stade-toulousain-lidee-me-plaisait-mais-le-projet-etait-super-concurrentiel","status":"publish","type":"post","link":"https:\/\/www.europesays.com\/fr\/271703\/","title":{"rendered":"Ce Tricolore a dit Non au Stade Toulousain : \u00a0\u00bbL\u2019id\u00e9e me plaisait, mais le projet \u00e9tait super concurrentiel\u00a0\u00bb"},"content":{"rendered":"<p>Il aurait pu filer \u00e0 Ernest-Wallon, \u00e9voluer avec <a href=\"https:\/\/www.lerugbynistere.fr\/fiches-joueurs\/antoine-dupont.php\" ui-sref=\"app.player({playerId: 821})\" alt=\"Antoine Dupont\" data-route=\"app.player\" data-param=\"playerId\" data-id=\"821\" rel=\"nofollow noopener\" target=\"_blank\">Antoine Dupont<\/a>, disputer des finales et peut-\u00eatre soulever des troph\u00e9es aussi bien en TOP 14 qu&rsquo;en <a href=\"https:\/\/www.lerugbynistere.fr\/international\/rugby-champions-cup\" ui-sref=\"app.competition({competitionId: 15})\" alt=\"Champions Cup\" data-route=\"app.competition\" data-param=\"competitionId\" data-id=\"15\" rel=\"nofollow noopener\" target=\"_blank\">Champions Cup<\/a>. Mais <a href=\"https:\/\/www.lerugbynistere.fr\/fiches-joueurs\/thibault-daubagna.php\" ui-sref=\"app.player({playerId: 2675})\" alt=\"Thibault Daubagna\" data-route=\"app.player\" data-param=\"playerId\" data-id=\"2675\" rel=\"nofollow noopener\" target=\"_blank\">Thibault Daubagna<\/a> a choisi une autre route. Celle de la fid\u00e9lit\u00e9 \u00e0 la Section Paloise. Et son choix, loin d\u2019\u00eatre \u00e9vident, vient d\u2019\u00eatre valid\u00e9 par deux s\u00e9lections en <a href=\"https:\/\/www.lerugbynistere.fr\/equipes-nationales\/all-blacks.php\" ui-sref=\"app.team({teamId: 24})\" alt=\"Nouvelle-Z\u00e9lande\" data-route=\"app.team\" data-param=\"teamId\" data-id=\"24\" rel=\"nofollow noopener\" target=\"_blank\">Nouvelle-Z\u00e9lande<\/a> avec le <a href=\"https:\/\/www.lerugbynistere.fr\/equipes-nationales\/xv-de-france.php\" ui-sref=\"app.team({teamId: 65})\" alt=\"XV de France\" data-route=\"app.team\" data-param=\"teamId\" data-id=\"65\" rel=\"nofollow noopener\" target=\"_blank\">XV de France<\/a>.<\/p>\n<p>\u00ab\u00a0Je suis un vrai B\u00e9arnais\u00a0\u00bb<\/p>\n<p>Dans un rugby pro o\u00f9 les carri\u00e8res se construisent souvent \u00e0 coup de contrats et d\u2019opportunit\u00e9s, Daubagna a pr\u00e9f\u00e9r\u00e9 rester \u00e0 <a href=\"https:\/\/www.lerugbynistere.fr\/clubs\/section-paloise.php\" ui-sref=\"app.team({teamId: 41})\" alt=\"Pau\" data-route=\"app.team\" data-param=\"teamId\" data-id=\"41\" rel=\"nofollow noopener\" target=\"_blank\">Pau<\/a>. \u201cOui, j\u2019avoue, j\u2019ai failli rejoindre <a href=\"https:\/\/www.lerugbynistere.fr\/clubs\/le-stade-toulousain.php\" ui-sref=\"app.team({teamId: 34})\" alt=\"Toulouse\" data-route=\"app.team\" data-param=\"teamId\" data-id=\"34\" rel=\"nofollow noopener\" target=\"_blank\">Toulouse<\/a>. L\u2019id\u00e9e me plaisait, mais le projet \u00e9tait super concurrentiel, puisque j\u2019aurais \u00e9t\u00e9 le num\u00e9ro 2 d\u2019Antoine Dupont. Partir de Pau aurait \u00e9t\u00e9 aussi \u00e9videmment difficile. Aujourd\u2019hui, je n\u2019ai pas de regrets\u00a0\u00bb, confiait-il via Actu.fr en pleine tourn\u00e9e en Nouvelle-Z\u00e9lande.<\/p>\n<p>L\u2019appel des Bleus \u00e0 31 ans<\/p>\n<p>\u00c0 31 ans, l\u2019appel de Fabien Galthi\u00e9 est venu comme une surprise. \u201cJe ne m\u2019attendais pas \u00e0 \u00eatre dans le groupe et je me retrouve avec deux s\u00e9lections face aux Blacks\u2026 Pour moi, c\u2019\u00e9tait une aventure exceptionnelle.\u201d Une aventure doublement symbolique : elle r\u00e9compense un joueur constant dans l\u2019ombre m\u00e9diatique, et valide un parcours\u00a0marqu\u00e9 par la fid\u00e9lit\u00e9.<\/p>\n<p>Un choix qui prend tout son sens<\/p>\n<p>\u201cJ\u2019ai pens\u00e9 \u00e0 la Section, \u00e0 mon choix de rester \u00e0 Pau, de faire confiance au club. J\u2019ai aussi pens\u00e9 au collectif, \u00e0 mes co\u00e9quipiers, au staff, qui m\u2019ont permis d\u2019\u00eatre s\u00e9lectionn\u00e9.\u201d (source : <a href=\"https:\/\/www.sudouest.fr\/sport\/rugby\/section-paloise\/je-ne-pensais-pas-forcement-etre-dans-le-groupe-et-je-me-retrouve-avec-deux-selections-face-aux-blacks-la-joie-du-neo-international-palois-thibault-daubagna-25350201.php\" target=\"_blank\" rel=\"nofollow noopener\">Sud Ouest<\/a>)<\/p>\n<p>Loin des projecteurs du haut de tableau, Daubagna incarne une autre id\u00e9e du rugby : celle du long terme, du lien au territoire, de la progression collective. A la Section depuis 1999, il a tout connu ou presque avec Pau. Il devrait tr\u00e8s certainement y terminer sa carri\u00e8re. Notez cependant que son contrat se termine en juin 2026. Sera-t-il \u00e0 nouveau prolong\u00e9 pour accompagner la jeune g\u00e9n\u00e9ration ?<\/p>\n<p>Une r\u00e9compense m\u00e9rit\u00e9e<\/p>\n<p>Daubagna\u00a0n&rsquo;\u00e9tait d&rsquo;ailleurs\u00a0pas le seul Palois chez les Bleus cet \u00e9t\u00e9. Mais il \u00e9tait le plus vieux et de loin puisque Gailleton et Auradou n&rsquo;ont que 22 ans. Tandis qu&rsquo;Attissogbe est onze ans plus jeune que le demi de m\u00eal\u00e9e.\u00a0\u201cLe club ne fait que progresser depuis plusieurs saisons. J\u2019ai l\u2019impression que cette s\u00e9lection valide ce que j\u2019ai fait ces derni\u00e8res ann\u00e9es. C\u2019est une r\u00e9compense, surtout \u00e0 mon \u00e2ge.\u201d\u00a0<\/p>\n<p>Pour beaucoup, c\u2019est un message d\u2019espoir. Pour lui, c\u2019est une\u00a0r\u00e9compense. Et ce, m\u00eame s&rsquo;il a bien conscience du contexte dans lequel il a \u00e9t\u00e9 s\u00e9lectionn\u00e9.\u00a0Le rugby pro, ce n\u2019est pas qu\u2019une histoire de m\u00e9dailles. C\u2019est aussi celle des hommes fid\u00e8les \u00e0 leurs couleurs. Thibault Daubagna en est un bel exemple.<\/p>\n","protected":false},"excerpt":{"rendered":"Il aurait pu filer \u00e0 Ernest-Wallon, \u00e9voluer avec Antoine Dupont, disputer des finales et peut-\u00eatre soulever des troph\u00e9es&hellip;\n","protected":false},"author":2,"featured_media":271704,"comment_status":"","ping_status":"","sticky":false,"template":"","format":"standard","meta":{"footnotes":""},"categories":[1416],"tags":[1011,27,479,1468,60],"class_list":{"0":"post-271703","1":"post","2":"type-post","3":"status-publish","4":"format-standard","5":"has-post-thumbnail","7":"category-rugby","8":"tag-fr","9":"tag-france","10":"tag-rugby","11":"tag-rugby-football","12":"tag-sports"},"share_on_mastodon":{"url":"https:\/\/pubeurope.com\/@fr\/114911206664323333","error":""},"_links":{"self":[{"href":"https:\/\/www.europesays.com\/fr\/wp-json\/wp\/v2\/posts\/271703","targetHints":{"allow":["GET"]}}],"collection":[{"href":"https:\/\/www.europesays.com\/fr\/wp-json\/wp\/v2\/posts"}],"about":[{"href":"https:\/\/www.europesays.com\/fr\/wp-json\/wp\/v2\/types\/post"}],"author":[{"embeddable":true,"href":"https:\/\/www.europesays.com\/fr\/wp-json\/wp\/v2\/users\/2"}],"replies":[{"embeddable":true,"href":"https:\/\/www.europesays.com\/fr\/wp-json\/wp\/v2\/comments?post=271703"}],"version-history":[{"count":0,"href":"https:\/\/www.europesays.com\/fr\/wp-json\/wp\/v2\/posts\/271703\/revisions"}],"wp:featuredmedia":[{"embeddable":true,"href":"https:\/\/www.europesays.com\/fr\/wp-json\/wp\/v2\/media\/271704"}],"wp:attachment":[{"href":"https:\/\/www.europesays.com\/fr\/wp-json\/wp\/v2\/media?parent=271703"}],"wp:term":[{"taxonomy":"category","embeddable":true,"href":"https:\/\/www.europesays.com\/fr\/wp-json\/wp\/v2\/categories?post=271703"},{"taxonomy":"post_tag","embeddable":true,"href":"https:\/\/www.europesays.com\/fr\/wp-json\/wp\/v2\/tags?post=271703"}],"curies":[{"name":"wp","href":"https:\/\/api.w.org\/{rel}","templated":true}]}}