{"id":271713,"date":"2025-07-25T01:15:18","date_gmt":"2025-07-25T01:15:18","guid":{"rendered":"https:\/\/www.europesays.com\/fr\/271713\/"},"modified":"2025-07-25T01:15:18","modified_gmt":"2025-07-25T01:15:18","slug":"metz-cherche-un-gardien-france-metz","status":"publish","type":"post","link":"https:\/\/www.europesays.com\/fr\/271713\/","title":{"rendered":"Metz cherche un gardien &#8211; France &#8211; Metz"},"content":{"rendered":"<p data-v-e14a34bc=\"\">Un <a target=\"_blank\" href=\"https:\/\/www.sofoot.com\/breves\/mercato-alexandre-oukidja-quitte-le-fc-metz\" rel=\"nofollow noopener\">Alexandre Oukidja qui s\u2019en va<\/a>, \u00e7a ne se remplace pas comme \u00e7a.<\/p>\n<p data-v-e14a34bc=\"\"><strong>Metz cherche donc un portier, et St\u00e9phane Le Mignan l\u2019a rappel\u00e9<\/strong> dans des propos rapport\u00e9es par L\u2019\u00c9quipe. \u00ab\u202fOn reste en d\u00e9ficit au poste de gardien, on recherche un num\u00e9ro un. Mais Pape Sy a r\u00e9ussi une belle fin de saison et a assur\u00e9 lors des play-offs, je ne suis pas inquiet m\u00eame si la recrue n\u2019arrive pas tout de suite\u202f\u00bb, a ainsi d\u00e9voil\u00e9 l\u2019entra\u00eeneur des Grenats.<\/p>\n<p class=\"Paragraph__content\" data-v-e14a34bc=\"\">\u00ab\u00a0Le mercato peut aller jusqu\u2019\u00e0 fin ao\u00fbt, il y aura encore des d\u00e9parts et des arriv\u00e9es, <strong>a ajout\u00e9 le technicien<\/strong>. Il faut s\u2019adapter, on recherche un lat\u00e9ral gauche car Matthieu Udol \u00e9tait pr\u00e9vu dans l\u2019effectif et il est parti. L\u2019arriv\u00e9e de Yannis\u00a0Lawson, joueur qui continue sa formation, n\u2019\u00e9tait pas li\u00e9e au remplacement de Matthieu.\u00a0\u00bb<\/p>\n<p class=\"Paragraph__content\" data-v-e14a34bc=\"\">Heureusement, <a target=\"_blank\" href=\"https:\/\/www.sofoot.com\/breves\/mercato-le-fc-metz-recupere-boubacar-traore\" rel=\"nofollow noopener\">Boubacar Traor\u00e9 est d\u00e9sormais pr\u00e9sent<\/a>.<\/p>\n<p>\t\t\t\t\t\t\t\t\t\t<a class=\"lien-connexe\" href=\"https:\/\/www.sofoot.com\/breves\/mercato-le-fc-metz-recupere-boubacar-traore\" rel=\"nofollow noopener\" target=\"_blank\">Le FC Metz r\u00e9cup\u00e8re l\u2019une de ses anciennes p\u00e9pites<\/a>\t\t\t\t\t<\/p>\n","protected":false},"excerpt":{"rendered":"Un Alexandre Oukidja qui s\u2019en va, \u00e7a ne se remplace pas comme \u00e7a. Metz cherche donc un portier,&hellip;\n","protected":false},"author":2,"featured_media":271714,"comment_status":"","ping_status":"","sticky":false,"template":"","format":"standard","meta":{"footnotes":""},"categories":[1410],"tags":[47,61,69,65,64,63,1011,27,68,66,62,70,67,60],"class_list":{"0":"post-271713","1":"post","2":"type-post","3":"status-publish","4":"format-standard","5":"has-post-thumbnail","7":"category-football","8":"tag-actualite","9":"tag-actus-football","10":"tag-bundesliga","11":"tag-championnats-europeens","12":"tag-equipe-de-france","13":"tag-football","14":"tag-fr","15":"tag-france","16":"tag-ligua","17":"tag-ligue-1","18":"tag-news-foot","19":"tag-premier-league","20":"tag-serie-a","21":"tag-sports"},"share_on_mastodon":{"url":"https:\/\/pubeurope.com\/@fr\/114911230288563407","error":""},"_links":{"self":[{"href":"https:\/\/www.europesays.com\/fr\/wp-json\/wp\/v2\/posts\/271713","targetHints":{"allow":["GET"]}}],"collection":[{"href":"https:\/\/www.europesays.com\/fr\/wp-json\/wp\/v2\/posts"}],"about":[{"href":"https:\/\/www.europesays.com\/fr\/wp-json\/wp\/v2\/types\/post"}],"author":[{"embeddable":true,"href":"https:\/\/www.europesays.com\/fr\/wp-json\/wp\/v2\/users\/2"}],"replies":[{"embeddable":true,"href":"https:\/\/www.europesays.com\/fr\/wp-json\/wp\/v2\/comments?post=271713"}],"version-history":[{"count":0,"href":"https:\/\/www.europesays.com\/fr\/wp-json\/wp\/v2\/posts\/271713\/revisions"}],"wp:featuredmedia":[{"embeddable":true,"href":"https:\/\/www.europesays.com\/fr\/wp-json\/wp\/v2\/media\/271714"}],"wp:attachment":[{"href":"https:\/\/www.europesays.com\/fr\/wp-json\/wp\/v2\/media?parent=271713"}],"wp:term":[{"taxonomy":"category","embeddable":true,"href":"https:\/\/www.europesays.com\/fr\/wp-json\/wp\/v2\/categories?post=271713"},{"taxonomy":"post_tag","embeddable":true,"href":"https:\/\/www.europesays.com\/fr\/wp-json\/wp\/v2\/tags?post=271713"}],"curies":[{"name":"wp","href":"https:\/\/api.w.org\/{rel}","templated":true}]}}