{"id":271715,"date":"2025-07-25T01:16:28","date_gmt":"2025-07-25T01:16:28","guid":{"rendered":"https:\/\/www.europesays.com\/fr\/271715\/"},"modified":"2025-07-25T01:16:28","modified_gmt":"2025-07-25T01:16:28","slug":"nasdas-fait-son-grand-retour-sur-les-reseaux-sociaux-et-provoque-une-vague-de-reactions-photos","status":"publish","type":"post","link":"https:\/\/www.europesays.com\/fr\/271715\/","title":{"rendered":"Nasdas fait son grand retour sur les r\u00e9seaux sociaux et provoque une vague de r\u00e9actions (PHOTOS)"},"content":{"rendered":"<p>Connu pour sa grande popularit\u00e9 sur Snapchat, Nasdas est l&rsquo;un des influenceurs qui a v\u00e9ritablement explos\u00e9 ces derni\u00e8res ann\u00e9es. Malg\u00e9 les grands succ\u00e8s rencontr\u00e9s par le cr\u00e9ateur de contenu, ce dernier a pris la d\u00e9cision d&rsquo;entamer une pause il y a quelques semaines. N\u00e9anmoins, l&rsquo;influenceur est r\u00e9cemment revenu sur les r\u00e9seaux sociaux, provoquant de nombreuses r\u00e9actions. <\/p>\n<p>Si sur YouTube et sur Twitch de nombreux cr\u00e9ateurs de contenus ont vu leur popularit\u00e9 explos\u00e9, un autre r\u00e9seau social a attir\u00e9 plusieurs centaines de milliers d&rsquo;internautes ces derniers mois : Snapchat. En effet, depuis quelques temps, plusieurs influenceurs ont pris la d\u00e9cision de se lancer sur la plateforme pour diffuser des contenus devenus tr\u00e8s populaires. Parmi les vid\u00e9astes qui ont litt\u00e9ralement explos\u00e9 derni\u00e8rement, le nom qui revient le plus est celui de <a href=\"https:\/\/www.programme-tv.net\/news\/tv\/383330-je-ne-suis-ni-mort-ni-en-danger-nasdas-prend-la-parole-et-rassure-sa-communaute-suite-aux-rumeurs-sur-les-reseaux-sociaux\/\" data-api-deeplink=\"teleloisirs:\/\/news\/383330\" rel=\"nofollow noopener\" target=\"_blank\">Nasdas<\/a>. Ce dernier postait quotidiennement sa vie sur le r\u00e9seau social et partageait les diff\u00e9rentes aventures rencontr\u00e9es dans sa villa habit\u00e9e par de nombreuses personnes. Cependant, l&rsquo;influenceur a d\u00e9cid\u00e9 de prendre une pause il y a quelques semaines. Il a donn\u00e9 de ses nouvelles sur son compte Instagram il y a quelques jours.<\/p>\n<p>                        Nasdas de retour sur son compte Instagram apr\u00e8s avoir annonc\u00e9 sa pause<\/p>\n<p>Apr\u00e8s l&rsquo;annonce de sa pause il y a quelques semaines, <a href=\"https:\/\/www.programme-tv.net\/news\/tv\/382483-ca-fait-un-mois-que-jai-arrete-nasdas-fait-une-annonce-importante-apres-setre-retire-des-reseaux-sociaux\/\" data-api-deeplink=\"teleloisirs:\/\/news\/382483\" rel=\"nofollow noopener\" target=\"_blank\">Nasdas<\/a> a d\u00e9cid\u00e9 de donner de ses nouvelles mais sur Snapchat. En effet, le cr\u00e9ateur de contenu a choisi de poster une photo sur son compte Instagram. C&rsquo;est le 20 juillet dernier que Nasdas a post\u00e9 cette nouvelle image et l&rsquo;influenceur \u00e9tait tr\u00e8s bien accompagn\u00e9 visiblement. Sur cette image on peut voir le vid\u00e9aste star de Snapchat pos\u00e9 \u00e0 c\u00f4t\u00e9 de l&rsquo;artiste marocain ElgrandeToto, qui fait partie des artistes africains les plus \u00e9cout\u00e9s au monde. Une photo que Nasdas a choisi de l\u00e9gender par ces mots : \u00ab\u00a0Pose l\u00e9gendaire, ambiance familiale\u00a0\u00bb. Une photo qui a suscit\u00e9 de nombreuses r\u00e9actions de la part des internautes. \u00ab\u00a0Il n&rsquo;est pas cens\u00e9 avoir arr\u00eat\u00e9 les r\u00e9seaux lui ?\u00a0\u00bb, \u00ab\u00a0Il a arr\u00eat\u00e9 les r\u00e9seaux en France pour recommencer au Maroc\u00a0\u00bb ou encore \u00ab\u00a0Il n&rsquo;a m\u00eame pas tenu un mois\u00a0\u00bb sont des commentaires que l&rsquo;on peut lire sous le post Instagram de Nasdas.<\/p>\n<p>            Une pause engag\u00e9e en juin dernier pour Nasdas<\/p>\n<p>Au d\u00e9but du mois de juin 2025, <a href=\"https:\/\/www.programme-tv.net\/news\/loisirs\/380827-plusieurs-centaines-de-milliers-deuros-nasdas-devoile-son-salaire-astronomique-lors-de-la-commission-d-enquete-sur-tiktok-a-l-assemblee-nationale\/\" data-api-deeplink=\"teleloisirs:\/\/news\/380827\" rel=\"nofollow noopener\" target=\"_blank\">Nasdas<\/a> a officiellement annonc\u00e9 entamer une pause des r\u00e9seaux sociaux. Une d\u00e9cision incomprise par beaucoup de fans de l&rsquo;influenceur mais que le cr\u00e9ateur de contenu a expliqu\u00e9 \u00e0 travers un communiqu\u00e9. \u00ab\u00a0Il est temps pour moi de me retirer des r\u00e9seaux et de recentrer mes priorit\u00e9s sur l&rsquo;essentiel: ma famille et ma vie personnelle. Je vous le dis avec toute la sinc\u00e9rit\u00e9 du monde: je vous aime. Merci de nous avoir suivis, soutenus, aim\u00e9s\u00a0\u00bb, avait d\u00e9clar\u00e9 le vid\u00e9aste.<\/p>\n<blockquote class=\"instagram-media\" data-instgrm-captioned=\"\" data-instgrm-permalink=\"https:\/\/www.instagram.com\/p\/DMTCpHLIVk-\/?utm_source=ig_embed&amp;utm_campaign=loading\" data-instgrm-version=\"14\" style=\" background:#FFF; border:0; border-radius:3px; box-shadow:0 0 1px 0 rgba(0,0,0,0.5),0 1px 10px 0 rgba(0,0,0,0.15); margin: 1px; max-width:658px; min-width:326px; padding:0; width:99.375%; width:-webkit-calc(100% - 2px); width:calc(100% - 2px);\"\/>\n<p>        <script async src=\"\/\/www.instagram.com\/embed.js\"><\/script><\/p>\n","protected":false},"excerpt":{"rendered":"Connu pour sa grande popularit\u00e9 sur Snapchat, Nasdas est l&rsquo;un des influenceurs qui a v\u00e9ritablement explos\u00e9 ces derni\u00e8res&hellip;\n","protected":false},"author":2,"featured_media":271716,"comment_status":"","ping_status":"","sticky":false,"template":"","format":"standard","meta":{"footnotes":""},"categories":[1359],"tags":[4470,41127,41126,244,58,59,1011,27,973,28198,6569,1749,2784],"class_list":{"0":"post-271715","1":"post","2":"type-post","3":"status-publish","4":"format-standard","5":"has-post-thumbnail","7":"category-people","8":"tag-c-u00e0-vous","9":"tag-c-u00e0-vous-04042022-190000-france-5","10":"tag-c-u00e0-vous-2004334","11":"tag-commentaire","12":"tag-divertissement","13":"tag-entertainment","14":"tag-fr","15":"tag-france","16":"tag-people","17":"tag-squeezie","18":"tag-streamers","19":"tag-twitch","20":"tag-youtube"},"share_on_mastodon":{"url":"https:\/\/pubeurope.com\/@fr\/114911234118694994","error":""},"_links":{"self":[{"href":"https:\/\/www.europesays.com\/fr\/wp-json\/wp\/v2\/posts\/271715","targetHints":{"allow":["GET"]}}],"collection":[{"href":"https:\/\/www.europesays.com\/fr\/wp-json\/wp\/v2\/posts"}],"about":[{"href":"https:\/\/www.europesays.com\/fr\/wp-json\/wp\/v2\/types\/post"}],"author":[{"embeddable":true,"href":"https:\/\/www.europesays.com\/fr\/wp-json\/wp\/v2\/users\/2"}],"replies":[{"embeddable":true,"href":"https:\/\/www.europesays.com\/fr\/wp-json\/wp\/v2\/comments?post=271715"}],"version-history":[{"count":0,"href":"https:\/\/www.europesays.com\/fr\/wp-json\/wp\/v2\/posts\/271715\/revisions"}],"wp:featuredmedia":[{"embeddable":true,"href":"https:\/\/www.europesays.com\/fr\/wp-json\/wp\/v2\/media\/271716"}],"wp:attachment":[{"href":"https:\/\/www.europesays.com\/fr\/wp-json\/wp\/v2\/media?parent=271715"}],"wp:term":[{"taxonomy":"category","embeddable":true,"href":"https:\/\/www.europesays.com\/fr\/wp-json\/wp\/v2\/categories?post=271715"},{"taxonomy":"post_tag","embeddable":true,"href":"https:\/\/www.europesays.com\/fr\/wp-json\/wp\/v2\/tags?post=271715"}],"curies":[{"name":"wp","href":"https:\/\/api.w.org\/{rel}","templated":true}]}}