{"id":271717,"date":"2025-07-25T01:18:14","date_gmt":"2025-07-25T01:18:14","guid":{"rendered":"https:\/\/www.europesays.com\/fr\/271717\/"},"modified":"2025-07-25T01:18:14","modified_gmt":"2025-07-25T01:18:14","slug":"lheritiere-de-calmann-levy-se-plaint-de-la-coloration-de-droite-nationaliste-de-lagardere-liberation","status":"publish","type":"post","link":"https:\/\/www.europesays.com\/fr\/271717\/","title":{"rendered":"l\u2019h\u00e9riti\u00e8re de Calmann-L\u00e9vy se plaint de la \u00abcoloration de droite nationaliste\u00bb de Lagard\u00e8re \u2013 Lib\u00e9ration"},"content":{"rendered":"<p class=\"sc-ksZaOG ehjQrN text-element\">\u00abLe cumul des ventes de livres de Jordan Bardella, Nicolas Sarkozy, Philippe de Villiers et Xenia Federova, chez Fayard, est \u00e9quivalent \u00e0 la vente d\u2019un seul livre de Guillaume Musso [publi\u00e9 par Calmann-L\u00e9vy, ndlr].\u00bb Ce rappel acidul\u00e9 est adress\u00e9 \u00e0 Arnaud Lagard\u00e8re, PDG de Lagard\u00e8re et d\u2019Hachette Livre, dans les pages du Monde. Eliane Calmann-L\u00e9vy, l\u2019h\u00e9riti\u00e8re de la maison d\u2019\u00e9dition qui porte son nom, y attaque la ligne \u00e9ditoriale des m\u00e9dias de l\u2019empire du milliardaire Vincent Bollor\u00e9, <a href=\"https:\/\/www.liberation.fr\/politique\/la-region-ile-de-france-exige-le-retrait-dune-affiche-anti-bollore-un-editeur-quitte-le-festival-du-livre-de-paris-20250415_UGL7FOJASNDFVNVIPLICIQV4CQ\/\" target=\"_blank\" rel=\"noopener\" title=\"https:\/\/www.liberation.fr\/politique\/la-region-ile-de-france-exige-le-retrait-dune-affiche-anti-bollore-un-editeur-quitte-le-festival-du-livre-de-paris-20250415_UGL7FOJASNDFVNVIPLICIQV4CQ\/\">qui selon elle d\u00e9teint sur l\u2019ensemble du groupe<\/a>, et donc, sur sa propre boutique.<\/p>\n<p class=\"sc-ksZaOG ehjQrN text-element\"><a href=\"https:\/\/www.liberation.fr\/politique\/extreme-droite-les-moines-soldats-cathodiques-de-bollore-20240306_FONGS4QGEFBINJ4B2FL3KKU7J4\/\" target=\"_blank\" rel=\"noopener\" title=\"https:\/\/www.liberation.fr\/politique\/extreme-droite-les-moines-soldats-cathodiques-de-bollore-20240306_FONGS4QGEFBINJ4B2FL3KKU7J4\/\">\u00abLa d\u00e9sormais coloration de droite nationaliste<\/a> et le tropisme prorusse, avec notamment la pr\u00e9sence au Journal du dimanche [JDD], de Xenia Fedorova [ex-dirigeante de la cha\u00eene de t\u00e9l\u00e9vision RT France, et autrice chez Fayard, filiale d\u2019Hachette, ndlr], propagandiste de Poutine, mettent tr\u00e8s mal \u00e0 l\u2019aise la majorit\u00e9 des 66 000 collaborateurs de Vivendi-Lagard\u00e8re et de Louis Hachette Group, de nombreux auteurs, sans compter des partenaires commerciaux et des actionnaires\u00bb, fait-elle ainsi savoir par l\u2019interm\u00e9diaire du quotidien du soir.<\/p>\n<p class=\"sc-ksZaOG ehjQrN text-element\">Eliane Calmann-L\u00e9vy sugg\u00e8re ensuite, en des termes choisis, que pour \u00abapaiser une situation crispante et improductive, tout en permettant la libre expression, la meilleure solution serait de revendre Fayard, le JDD et Europe 1 au groupe Bollor\u00e9, et de permettre ainsi \u00e0 Louis Hachette Group de renouer avec une r\u00e9elle neutralit\u00e9 politique bienvenue et attendue\u00bb. Une prise de parole qui intervient opportun\u00e9ment apr\u00e8s une d\u00e9cision de la commission europ\u00e9enne le 18 juillet, selon laquelle Vivendi est accus\u00e9 d\u2019avoir anticip\u00e9 sa prise de contr\u00f4le de Lagard\u00e8re. <a href=\"https:\/\/www.liberation.fr\/economie\/vincent-bollore-va-devoir-bourse-delier-pour-controler-vivendi-20250718_CXC6HKSXAFH6NE6UEWEPIHOGIU\/\" target=\"_blank\" rel=\"noopener\" title=\"https:\/\/www.liberation.fr\/economie\/vincent-bollore-va-devoir-bourse-delier-pour-controler-vivendi-20250718_CXC6HKSXAFH6NE6UEWEPIHOGIU\/\">Si les poursuites \u00e9taient confirm\u00e9es<\/a>, le groupe encourt une amende de 10 % de son chiffre d\u2019affaires.<\/p>\n<\/p>\n<p class=\"sc-ksZaOG ehjQrN text-element\">La requ\u00eate de l\u2019actionnaire de Calmann-L\u00e9vy a toutefois \u00e9t\u00e9 balay\u00e9e par Arnaud Lagard\u00e8re, toujours dans le Monde, qui r\u00e9affirme que \u00abFayard, Europe 1 et le JDD sont partie int\u00e9grante du groupe Lagard\u00e8re, ils doivent y rester : leur succ\u00e8s d\u2019audience montre d\u2019ailleurs bien qu\u2019ils ont un r\u00f4le \u00e0 jouer dans la soci\u00e9t\u00e9 fran\u00e7aise\u00bb. L\u2019offensive de l\u2019h\u00e9riti\u00e8re fait suite \u00e0 une campagne men\u00e9e par des \u00e9diteurs ind\u00e9pendants au printemps contre le milliardaire catholique conservateur, avec la parution d\u2019un ouvrage d\u00e9but juin intitul\u00e9 \u00abD\u00e9border Bollor\u00e9\u00bb. Plusieurs contributions y d\u00e9cryptent justement ses m\u00e9thodes de pr\u00e9dation \u00e9conomiques, afin de prendre le contr\u00f4le de pans entiers de l\u2019industrie culturelle.<\/p>\n","protected":false},"excerpt":{"rendered":"\u00abLe cumul des ventes de livres de Jordan Bardella, Nicolas Sarkozy, Philippe de Villiers et Xenia Federova, chez&hellip;\n","protected":false},"author":2,"featured_media":271718,"comment_status":"","ping_status":"","sticky":false,"template":"","format":"standard","meta":{"footnotes":""},"categories":[1357],"tags":[1379,58,59,1076,1011,27,41128,1380,1022,1021],"class_list":{"0":"post-271717","1":"post","2":"type-post","3":"status-publish","4":"format-standard","5":"has-post-thumbnail","7":"category-livres","8":"tag-books","9":"tag-divertissement","10":"tag-entertainment","11":"tag-extreme-droite","12":"tag-fr","13":"tag-france","14":"tag-lagardere","15":"tag-livres","16":"tag-vincent-bollore","17":"tag-vivendi"},"share_on_mastodon":{"url":"https:\/\/pubeurope.com\/@fr\/114911242090861927","error":""},"_links":{"self":[{"href":"https:\/\/www.europesays.com\/fr\/wp-json\/wp\/v2\/posts\/271717","targetHints":{"allow":["GET"]}}],"collection":[{"href":"https:\/\/www.europesays.com\/fr\/wp-json\/wp\/v2\/posts"}],"about":[{"href":"https:\/\/www.europesays.com\/fr\/wp-json\/wp\/v2\/types\/post"}],"author":[{"embeddable":true,"href":"https:\/\/www.europesays.com\/fr\/wp-json\/wp\/v2\/users\/2"}],"replies":[{"embeddable":true,"href":"https:\/\/www.europesays.com\/fr\/wp-json\/wp\/v2\/comments?post=271717"}],"version-history":[{"count":0,"href":"https:\/\/www.europesays.com\/fr\/wp-json\/wp\/v2\/posts\/271717\/revisions"}],"wp:featuredmedia":[{"embeddable":true,"href":"https:\/\/www.europesays.com\/fr\/wp-json\/wp\/v2\/media\/271718"}],"wp:attachment":[{"href":"https:\/\/www.europesays.com\/fr\/wp-json\/wp\/v2\/media?parent=271717"}],"wp:term":[{"taxonomy":"category","embeddable":true,"href":"https:\/\/www.europesays.com\/fr\/wp-json\/wp\/v2\/categories?post=271717"},{"taxonomy":"post_tag","embeddable":true,"href":"https:\/\/www.europesays.com\/fr\/wp-json\/wp\/v2\/tags?post=271717"}],"curies":[{"name":"wp","href":"https:\/\/api.w.org\/{rel}","templated":true}]}}