{"id":271734,"date":"2025-07-25T01:27:13","date_gmt":"2025-07-25T01:27:13","guid":{"rendered":"https:\/\/www.europesays.com\/fr\/271734\/"},"modified":"2025-07-25T01:27:13","modified_gmt":"2025-07-25T01:27:13","slug":"pourquoi-lue-a-vise-deux-banques-chinoises-dans-son-dernier-paquet-de-sanctions-contre-la-russie","status":"publish","type":"post","link":"https:\/\/www.europesays.com\/fr\/271734\/","title":{"rendered":"Pourquoi l\u2019UE a vis\u00e9 deux banques chinoises dans son dernier paquet de sanctions contre la Russie"},"content":{"rendered":"<p><strong>D\u00c9CRYPTAGE <\/strong>&#8211; Les Europ\u00e9ens ont cibl\u00e9 pour la premi\u00e8re fois deux entit\u00e9s financi\u00e8res chinoises dans leur 18e paquet de mesures restrictives \u00e0 l\u2019\u00e9gard de Moscou. Bruxelles accuse r\u00e9guli\u00e8rement P\u00e9kin de soutenir l\u2019\u00e9conomie de guerre russe.<\/p>\n<p class=\"fig-paragraph\">Un\u00a0<a href=\"http:\/\/www.lefigaro.fr\/conjoncture\/guerre-en-ukraine-l-ue-adopte-un-18e-paquet-de-sanctions-contre-la-russie-20250718\" data-fig-type=\"NewsFlash\" data-gtm-custom-categorie=\"navigation\" data-gtm-custom-action=\"crossclick\" data-gtm-custom-label=\"Contextuel\" data-gtm-event=\"customEventSPE\" data-fig-domain=\"LEFIGARO\" rel=\"nofollow noopener\" target=\"_blank\">dix-huiti\u00e8me paquet de sanctions<\/a>\u00a0mais une grande premi\u00e8re. L\u2019Union europ\u00e9enne, qui a annonc\u00e9 vendredi 18 juillet une nouvelle s\u00e9rie de mesures restrictives contre la Russie, cible pour la premi\u00e8re fois deux banques chinoises. Jusqu\u2019ici, Bruxelles avait bien sanctionn\u00e9 des entreprises du g\u00e9ant asiatique, accus\u00e9es d\u2019aider Moscou dans sa guerre en Ukraine, mais jamais des institutions financi\u00e8res. Une d\u00e9cision qui a aussit\u00f4t provoqu\u00e9 la fureur de P\u00e9kin.<\/p>\n<p class=\"fig-paragraph\">Il y a quelques semaines, le ministre des Affaires \u00e9trang\u00e8res chinois, Wang Yi, mena\u00e7ait d\u00e9j\u00e0 l\u2019UE de repr\u00e9sailles si Bruxelles passait \u00e0 l\u2019acte. Lundi 21 juillet, le minist\u00e8re chinois du Commerce a \u00e0 son tour d\u00e9nonc\u00e9 des sanctions \u00abportant gravement atteinte aux relations commerciales, \u00e9conomiques et financi\u00e8res\u00bb sino-europ\u00e9ennes. Et mercredi 23 juillet, ce m\u00eame minist\u00e8re a annonc\u00e9 avoir \u00absolennellement\u00bb protest\u00e9 aupr\u00e8s du commissaire europ\u00e9en au Commerce,\u00a0<a href=\"http:\/\/www.lefigaro.fr\/flash-eco\/droits-de-douane-le-negociateur-europeen-maros-sefcovic-va-s-entretenir-avec-son-homologue-americain-mercredi-20250723\" data-fig-type=\"NewsFlash\" data-gtm-custom-categorie=\"navigation\" data-gtm-custom-action=\"crossclick\" data-gtm-custom-label=\"Contextuel\" data-gtm-event=\"customEventSPE\" data-fig-domain=\"LEFIGARO\" rel=\"nofollow noopener\" target=\"_blank\">Maros Sefcovic<\/a>, \u00e0 l\u2019occasion d\u2019une rencontre bilat\u00e9rale.<\/p>\n<p class=\"fig-paragraph\">Les deux banques chinoises concern\u00e9es sont la Heihe Rural Commercial Bank et la Heilongjiang Suifenhe Rural Commercial Bank, deux institutions r\u00e9gionales situ\u00e9es pr\u00e8s de la fronti\u00e8re avec la Russie. Il est d\u00e9sormais interdit \u00e0 tout op\u00e9rateur de l\u2019UE de conclure, sous quelque forte que ce soit, des transactions avec elles.<\/p>\n<p class=\"fig-premium-paywall__infos\">\n        Cet article est r\u00e9serv\u00e9 aux abonn\u00e9s.        Il vous reste 77% \u00e0 d\u00e9couvrir.\n    <\/p>\n<p>                <img  data- alt=\"Le Figaro\" class=\"fig-img--complete fig-img\"\/><\/p>\n<p class=\"fig-premium-paywall__title\">Vous avez envie de lire la suite ?<\/p>\n<p class=\"fig-premium-paywall__subtitle\">D\u00e9bloquez tous les articles imm\u00e9diatement.<\/p>\n<p class=\"fig-premium-paywall__connect\">\n                D\u00e9j\u00e0 abonn\u00e9\u00a0?                <a class=\"fig-premium-paywall__connect-link\" href=\"https:\/\/connect.lefigaro.fr\/login?client=horizon_web&amp;type=main&amp;redirect_uri=https%3A%2F%2Fwww.lefigaro.fr%2Fconjoncture%2Fpourquoi-l-ue-a-vise-deux-banques-chinoises-dans-son-dernier-paquet-de-sanctions-contre-la-russie-20250724\" data-js-gtm=\"{&quot;customCategorie&quot;: &quot;conversion&quot;, &quot;customAction&quot;: &quot;before_Landing_Connexion_paywall_manuel&quot;, &quot;customLabel&quot;: &quot;bGVmaWdhcm8uZnJfXzFmMDY4OTU2LTFmMWMtNjZhYS04NjkyLTFiZTQyMTllMjFlN19fQXJ0aWNsZQ==_Pourquoi l\u2019UE a vis\u00e9 deux banques chinoises dans son dernier paquet de sanctions contre la Russie_323&quot;, &quot;customIDSPE&quot;: &quot;bGVmaWdhcm8uZnJfXzFmMDY4OTU2LTFmMWMtNjZhYS04NjkyLTFiZTQyMTllMjFlN19fQXJ0aWNsZQ==&quot;, &quot;event&quot;: &quot;customEventSPE&quot;}\" rel=\"nofollow noopener\" target=\"_blank\"><br \/>\n                    Connectez-vous<br \/>\n                <\/a>\n            <\/p>\n","protected":false},"excerpt":{"rendered":"D\u00c9CRYPTAGE &#8211; Les Europ\u00e9ens ont cibl\u00e9 pour la premi\u00e8re fois deux entit\u00e9s financi\u00e8res chinoises dans leur 18e paquet&hellip;\n","protected":false},"author":2,"featured_media":271735,"comment_status":"","ping_status":"","sticky":false,"template":"","format":"standard","meta":{"footnotes":""},"categories":[5],"tags":[11,309,1011,27,14,12,132,364,28],"class_list":{"0":"post-271734","1":"post","2":"type-post","3":"status-publish","4":"format-standard","5":"has-post-thumbnail","7":"category-international","8":"tag-actualites","9":"tag-chine","10":"tag-fr","11":"tag-france","12":"tag-international","13":"tag-news","14":"tag-russie","15":"tag-union-europeenne","16":"tag-world"},"share_on_mastodon":{"url":"https:\/\/pubeurope.com\/@fr\/114911277455393400","error":""},"_links":{"self":[{"href":"https:\/\/www.europesays.com\/fr\/wp-json\/wp\/v2\/posts\/271734","targetHints":{"allow":["GET"]}}],"collection":[{"href":"https:\/\/www.europesays.com\/fr\/wp-json\/wp\/v2\/posts"}],"about":[{"href":"https:\/\/www.europesays.com\/fr\/wp-json\/wp\/v2\/types\/post"}],"author":[{"embeddable":true,"href":"https:\/\/www.europesays.com\/fr\/wp-json\/wp\/v2\/users\/2"}],"replies":[{"embeddable":true,"href":"https:\/\/www.europesays.com\/fr\/wp-json\/wp\/v2\/comments?post=271734"}],"version-history":[{"count":0,"href":"https:\/\/www.europesays.com\/fr\/wp-json\/wp\/v2\/posts\/271734\/revisions"}],"wp:featuredmedia":[{"embeddable":true,"href":"https:\/\/www.europesays.com\/fr\/wp-json\/wp\/v2\/media\/271735"}],"wp:attachment":[{"href":"https:\/\/www.europesays.com\/fr\/wp-json\/wp\/v2\/media?parent=271734"}],"wp:term":[{"taxonomy":"category","embeddable":true,"href":"https:\/\/www.europesays.com\/fr\/wp-json\/wp\/v2\/categories?post=271734"},{"taxonomy":"post_tag","embeddable":true,"href":"https:\/\/www.europesays.com\/fr\/wp-json\/wp\/v2\/tags?post=271734"}],"curies":[{"name":"wp","href":"https:\/\/api.w.org\/{rel}","templated":true}]}}