{"id":271738,"date":"2025-07-25T01:29:23","date_gmt":"2025-07-25T01:29:23","guid":{"rendered":"https:\/\/www.europesays.com\/fr\/271738\/"},"modified":"2025-07-25T01:29:23","modified_gmt":"2025-07-25T01:29:23","slug":"lenny-martinez-sanctionne-de-huit-points-au-classement-de-la-montagne-pour-avoir-utilise-la-technique-du-bidon-colle","status":"publish","type":"post","link":"https:\/\/www.europesays.com\/fr\/271738\/","title":{"rendered":"Lenny Martinez sanctionn\u00e9 de huit points au classement de la montagne pour avoir utilis\u00e9 la technique du \u00ab\u00a0bidon coll\u00e9\u00a0\u00bb"},"content":{"rendered":"<p>Tour de France 2025<\/p>\n<p>C\u2019est une journ\u00e9e cauchemardesque pour Lenny Martinez ! Si tout avait pourtant tr\u00e8s bien d\u00e9marr\u00e9 pour le Fran\u00e7ais qui avait empoch\u00e9 les 20 premiers points lors de la premi\u00e8re ascension dans le col du Glandon, le Fran\u00e7ais s\u2019est vu sanctionn\u00e9 quelques minutes plus tard pour avoir utilis\u00e9 la technique du \u00ab bidon coll\u00e9 \u00bb.<\/p>\n<p>Lenny Martinez, porteur du maillot \u00e0 pois au d\u00e9but de l\u2019\u00e9tape-reine (18), a donc \u00e9cop\u00e9 de huit points de p\u00e9nalit\u00e9 au classement de la montagne. Avec d\u00e9sormais 72 points au compteur, il se classe troisi\u00e8me \u00e0 33 points du leader Tadej Pogacar.<\/p>\n<p class=\"titre-tech\">Le classement du maillot \u00e0 pois<\/p>\n<p class=\"tech\">1 Tadej Pogacar (UAE Team Emirates &#8211; XRG) 105 points.<\/p>\n<p class=\"tech\">2 Jonas Vingegaard (Team Visma Lease a Bike) 89 points.<\/p>\n<p class=\"tech\">3 Lenny Martinez (Bahrain-Victorious) 72 points.<\/p>\n","protected":false},"excerpt":{"rendered":"Tour de France 2025 C\u2019est une journ\u00e9e cauchemardesque pour Lenny Martinez ! Si tout avait pourtant tr\u00e8s bien&hellip;\n","protected":false},"author":2,"featured_media":271739,"comment_status":"","ping_status":"","sticky":false,"template":"","format":"standard","meta":{"footnotes":""},"categories":[2],"tags":[11,207,1011,27,12,60,210],"class_list":{"0":"post-271738","1":"post","2":"type-post","3":"status-publish","4":"format-standard","5":"has-post-thumbnail","7":"category-actualites","8":"tag-actualites","9":"tag-cyclisme","10":"tag-fr","11":"tag-france","12":"tag-news","13":"tag-sports","14":"tag-tour-de-france"},"share_on_mastodon":{"url":"https:\/\/pubeurope.com\/@fr\/114911285301828322","error":""},"_links":{"self":[{"href":"https:\/\/www.europesays.com\/fr\/wp-json\/wp\/v2\/posts\/271738","targetHints":{"allow":["GET"]}}],"collection":[{"href":"https:\/\/www.europesays.com\/fr\/wp-json\/wp\/v2\/posts"}],"about":[{"href":"https:\/\/www.europesays.com\/fr\/wp-json\/wp\/v2\/types\/post"}],"author":[{"embeddable":true,"href":"https:\/\/www.europesays.com\/fr\/wp-json\/wp\/v2\/users\/2"}],"replies":[{"embeddable":true,"href":"https:\/\/www.europesays.com\/fr\/wp-json\/wp\/v2\/comments?post=271738"}],"version-history":[{"count":0,"href":"https:\/\/www.europesays.com\/fr\/wp-json\/wp\/v2\/posts\/271738\/revisions"}],"wp:featuredmedia":[{"embeddable":true,"href":"https:\/\/www.europesays.com\/fr\/wp-json\/wp\/v2\/media\/271739"}],"wp:attachment":[{"href":"https:\/\/www.europesays.com\/fr\/wp-json\/wp\/v2\/media?parent=271738"}],"wp:term":[{"taxonomy":"category","embeddable":true,"href":"https:\/\/www.europesays.com\/fr\/wp-json\/wp\/v2\/categories?post=271738"},{"taxonomy":"post_tag","embeddable":true,"href":"https:\/\/www.europesays.com\/fr\/wp-json\/wp\/v2\/tags?post=271738"}],"curies":[{"name":"wp","href":"https:\/\/api.w.org\/{rel}","templated":true}]}}