{"id":271742,"date":"2025-07-25T01:34:26","date_gmt":"2025-07-25T01:34:26","guid":{"rendered":"https:\/\/www.europesays.com\/fr\/271742\/"},"modified":"2025-07-25T01:34:26","modified_gmt":"2025-07-25T01:34:26","slug":"nancy-agressions-sexuelles-dans-le-ter-metz-nancy-trois-ans-ferme","status":"publish","type":"post","link":"https:\/\/www.europesays.com\/fr\/271742\/","title":{"rendered":"Nancy. Agressions sexuelles dans le TER Metz-Nancy\u00a0: trois ans ferme"},"content":{"rendered":"<p>Jug\u00e9 en comparution imm\u00e9diate ce mercredi, Zakaria Benamara, 20 ans, qui fait l\u2019objet d\u2019une OQTF avec assignation \u00e0 r\u00e9sidence en Moselle, mais aussi d\u2019une interdiction du territoire fran\u00e7ais, a \u00e9cop\u00e9 de trois ans ferme, avec maintien en d\u00e9tention. Ce jeune d\u2019origine alg\u00e9rienne, arriv\u00e9 en France en 2022 et SDF, a \u00e9t\u00e9 reconnu coupable de deux agressions sexuelles&#8230;<\/p>\n","protected":false},"excerpt":{"rendered":"Jug\u00e9 en comparution imm\u00e9diate ce mercredi, Zakaria Benamara, 20 ans, qui fait l\u2019objet d\u2019une OQTF avec assignation \u00e0&hellip;\n","protected":false},"author":2,"featured_media":271743,"comment_status":"","ping_status":"","sticky":false,"template":"","format":"standard","meta":{"footnotes":""},"categories":[9635],"tags":[1111,11,1777,674,274,1011,27,775,1702,12,3456,25],"class_list":{"0":"post-271742","1":"post","2":"type-post","3":"status-publish","4":"format-standard","5":"has-post-thumbnail","7":"category-nancy","8":"tag-actu","9":"tag-actualites","10":"tag-eu","11":"tag-europe","12":"tag-faits-divers-justice","13":"tag-fr","14":"tag-france","15":"tag-grand-est","16":"tag-nancy","17":"tag-news","18":"tag-region-lorraine","19":"tag-republique-francaise"},"share_on_mastodon":{"url":"https:\/\/pubeurope.com\/@fr\/114911304940783736","error":""},"_links":{"self":[{"href":"https:\/\/www.europesays.com\/fr\/wp-json\/wp\/v2\/posts\/271742","targetHints":{"allow":["GET"]}}],"collection":[{"href":"https:\/\/www.europesays.com\/fr\/wp-json\/wp\/v2\/posts"}],"about":[{"href":"https:\/\/www.europesays.com\/fr\/wp-json\/wp\/v2\/types\/post"}],"author":[{"embeddable":true,"href":"https:\/\/www.europesays.com\/fr\/wp-json\/wp\/v2\/users\/2"}],"replies":[{"embeddable":true,"href":"https:\/\/www.europesays.com\/fr\/wp-json\/wp\/v2\/comments?post=271742"}],"version-history":[{"count":0,"href":"https:\/\/www.europesays.com\/fr\/wp-json\/wp\/v2\/posts\/271742\/revisions"}],"wp:featuredmedia":[{"embeddable":true,"href":"https:\/\/www.europesays.com\/fr\/wp-json\/wp\/v2\/media\/271743"}],"wp:attachment":[{"href":"https:\/\/www.europesays.com\/fr\/wp-json\/wp\/v2\/media?parent=271742"}],"wp:term":[{"taxonomy":"category","embeddable":true,"href":"https:\/\/www.europesays.com\/fr\/wp-json\/wp\/v2\/categories?post=271742"},{"taxonomy":"post_tag","embeddable":true,"href":"https:\/\/www.europesays.com\/fr\/wp-json\/wp\/v2\/tags?post=271742"}],"curies":[{"name":"wp","href":"https:\/\/api.w.org\/{rel}","templated":true}]}}