{"id":271745,"date":"2025-07-25T01:36:13","date_gmt":"2025-07-25T01:36:13","guid":{"rendered":"https:\/\/www.europesays.com\/fr\/271745\/"},"modified":"2025-07-25T01:36:13","modified_gmt":"2025-07-25T01:36:13","slug":"du-26-juillet-au-8-aout-un-festival-gratuit-aux-accents-du-monde-entier-2","status":"publish","type":"post","link":"https:\/\/www.europesays.com\/fr\/271745\/","title":{"rendered":"du 26 juillet au 8 ao\u00fbt, un festival gratuit aux accents du monde entier"},"content":{"rendered":"\n<p>Fait assez rare dans le monde concurrentiel des festivals, un concert gratuit qui en annonce une vingtaine d\u2019autres jusqu\u2019au 8\u00a0ao\u00fbt sur diff\u00e9rentes places de Toulon, ainsi que sur les plages du Mourillon. \u00c0 chaque soir\u00e9e, avec le m\u00eame sch\u00e9ma\u00a0: \u00ab\u00a0un concert off\u00a0\u00bb d\u00e8s 19h30 avec un groupe \u00e9mergent en guise de mise en bouche, puis un concert d\u2019une t\u00eate d\u2019affiche \u00ab\u00a0\u00e0 la tomb\u00e9e de la nuit\u00a0\u00bb, pr\u00e9cise-t-on du c\u00f4t\u00e9 de la Ville de Toulon, qui offre la programmation, et de M\u00e9tropole \u00e9v\u00e9nements et congr\u00e8s, qui orchestre la manifestation depuis maintenant deux\u00a0ans.<\/p>\n<p>\u00ab\u00a0Fusions musicales\u00a0\u00bb<\/p>\n<p>Le lendemain, viendra le tour de Roberto Fonseca de tenir le haut de l\u2019affiche, toujours sur la place de la Libert\u00e9, aux c\u00f4t\u00e9s d\u2019une dizaine de musiciens. Ce pianiste cubain au doigt\u00e9 de velours, devenu membre du fameux Buena Vista Social Club il y a pr\u00e8s de 25\u00a0ans, a derni\u00e8rement \u00e9t\u00e9 \u00e0 l\u2019origine de La\u00a0gran\u00a0diversi\u00f3n. Un album en forme d\u2019ode \u00e0 l\u2019\u00e2ge d\u2019or des nuits cubaines et de La\u00a0Havane plus particuli\u00e8rement, qui m\u00eale le son de ces cabarets d\u2019antan \u00e0 la modernit\u00e9 intemporelle du jazz. Autant de jalons m\u00e9lodieux qui se r\u00e9pandront ensuite dans d\u2019autres espaces publics de Toulon. La place de l\u2019\u00c9querre accueillera ainsi respectivement, les 28 et 29\u00a0juillet, Tyreek McDole, chanteur ha\u00eftiano-am\u00e9ricain tout droit venu de Floride, et la diva cap-verdienne Carmen Souza. Une mouture d\u00e9cid\u00e9ment ax\u00e9e autour des \u00ab\u00a0fusions musicales\u00a0\u00bb, comme pourront l\u2019illustrer par ailleurs les concerts du Cuban Jazz Syndicate sur la place Bouzigues, du bassiste et compositeur de musiques de films \u00c9ric Serra (Le Grand Bleu) sur la place Raspail, ou encore du trompettiste isra\u00e9lien Avisha\u00ef Cohen sur la place Martin-Bidour\u00e9. Un tour du monde autour de la note bleue qui ne n\u00e9gligera pas un pianiste local et chevronn\u00e9, en la personne du Varois Elie Portal, du c\u00f4t\u00e9 de la place Saint-Jean. Suite et fin de Jazz \u00e0 Toulon les 7 et 8\u00a0ao\u00fbt sur les plages du Mourillon, avec le ph\u00e9nom\u00e8ne du saxophone Joshua Redman, puis The Amazing Keystone Big Band.<\/p>\n","protected":false},"excerpt":{"rendered":"Fait assez rare dans le monde concurrentiel des festivals, un concert gratuit qui en annonce une vingtaine d\u2019autres&hellip;\n","protected":false},"author":2,"featured_media":271641,"comment_status":"","ping_status":"","sticky":false,"template":"","format":"standard","meta":{"footnotes":""},"categories":[9619],"tags":[1111,11,1777,674,849,1011,27,12,882,25,2310],"class_list":{"0":"post-271745","1":"post","2":"type-post","3":"status-publish","4":"format-standard","5":"has-post-thumbnail","7":"category-toulon","8":"tag-actu","9":"tag-actualites","10":"tag-eu","11":"tag-europe","12":"tag-festival","13":"tag-fr","14":"tag-france","15":"tag-news","16":"tag-provence-alpes-cote-dazur","17":"tag-republique-francaise","18":"tag-toulon"},"share_on_mastodon":{"url":"https:\/\/pubeurope.com\/@fr\/114911312827331332","error":""},"_links":{"self":[{"href":"https:\/\/www.europesays.com\/fr\/wp-json\/wp\/v2\/posts\/271745","targetHints":{"allow":["GET"]}}],"collection":[{"href":"https:\/\/www.europesays.com\/fr\/wp-json\/wp\/v2\/posts"}],"about":[{"href":"https:\/\/www.europesays.com\/fr\/wp-json\/wp\/v2\/types\/post"}],"author":[{"embeddable":true,"href":"https:\/\/www.europesays.com\/fr\/wp-json\/wp\/v2\/users\/2"}],"replies":[{"embeddable":true,"href":"https:\/\/www.europesays.com\/fr\/wp-json\/wp\/v2\/comments?post=271745"}],"version-history":[{"count":0,"href":"https:\/\/www.europesays.com\/fr\/wp-json\/wp\/v2\/posts\/271745\/revisions"}],"wp:featuredmedia":[{"embeddable":true,"href":"https:\/\/www.europesays.com\/fr\/wp-json\/wp\/v2\/media\/271641"}],"wp:attachment":[{"href":"https:\/\/www.europesays.com\/fr\/wp-json\/wp\/v2\/media?parent=271745"}],"wp:term":[{"taxonomy":"category","embeddable":true,"href":"https:\/\/www.europesays.com\/fr\/wp-json\/wp\/v2\/categories?post=271745"},{"taxonomy":"post_tag","embeddable":true,"href":"https:\/\/www.europesays.com\/fr\/wp-json\/wp\/v2\/tags?post=271745"}],"curies":[{"name":"wp","href":"https:\/\/api.w.org\/{rel}","templated":true}]}}