{"id":271748,"date":"2025-07-25T01:38:18","date_gmt":"2025-07-25T01:38:18","guid":{"rendered":"https:\/\/www.europesays.com\/fr\/271748\/"},"modified":"2025-07-25T01:38:18","modified_gmt":"2025-07-25T01:38:18","slug":"il-a-mis-sa-famille-et-plein-danimaux-le-calvaire-dun-proprietaire-dont-la-maison-est-squattee-depuis-6-mois-pres-de-montpellier","status":"publish","type":"post","link":"https:\/\/www.europesays.com\/fr\/271748\/","title":{"rendered":"\u00ab\u00a0Il a mis sa famille et plein d\u2019animaux\u00a0\u00bb\u00a0: le calvaire d\u2019un propri\u00e9taire dont la maison est squatt\u00e9e depuis 6 mois pr\u00e8s de Montpellier"},"content":{"rendered":"<p>\n                                                                Une maison de Saint-Andr\u00e9-de-Sangonis est squatt\u00e9e depuis fin 2025. Selon le propri\u00e9taire, de nombreuses d\u00e9gradations y auraient \u00e9t\u00e9 commises. La d\u00e9put\u00e9e et le pr\u00e9fet ont communiqu\u00e9 sur ce dossier.\n                            <\/p>\n<p>Depuis plus de six mois, la maison d\u2019un habitant de Saint-Andr\u00e9-de-Sangonis est squatt\u00e9e. \u00ab\u00a0J\u2019avais propos\u00e9 \u00e0 cette personne de la d\u00e9panner, raconte Cl\u00e9ment. Mais un jour o\u00f9 j\u2019\u00e9tais absent, il a mis sa famille dedans, ainsi que huit chats, un chien et un furet. Et depuis, ils ne veulent\u00a0plus partir\u00a0\u00bb.<\/p>\n<p>Cl\u00e9ment, qui a trouv\u00e9 refuge chez un ami, a cru pouvoir r\u00e9cup\u00e9rer son bien en avril lorsque le squatteur a \u00e9t\u00e9 interpell\u00e9 et incarc\u00e9r\u00e9 pour des d\u00e9lits li\u00e9s aux stup\u00e9fiants. \u00ab\u00a0Une perquisition a \u00e9t\u00e9 effectu\u00e9e par les gendarmes et j\u2019ai pu porter plainte.\u00a0\u00bb\u00a0Des photos ont alors \u00e9t\u00e9 prises, montrant de nombreuses d\u00e9gradations dans la maison.<\/p>\n<p>\u00ab\u00a0Mon p\u00e8re a d\u00fb reporter ses soins\u00a0\u00bb<\/p>\n<p>\u00ab\u00a0La famille du squatteur est revenue avant qu\u2019on ne puisse changer les serrures\u00a0\u00bb, explique un ami de Cl\u00e9ment.\u00a0\u00ab\u00a0La maison appartient \u00e0 mon p\u00e8re qui souffre de deux cancers, mais a report\u00e9 des soins \u00e0 Montpellier car il ne peut plus \u00eatre h\u00e9berg\u00e9\u00a0\u00bb, d\u00e9plore Cl\u00e9ment.<\/p>\n<p>\u00ab\u00a0La poign\u00e9e du portail a \u00e9t\u00e9 retir\u00e9e\u00a0\u00bb<\/p>\n<p>\u00ab\u00a0Les serrures ont \u00e9t\u00e9 remplac\u00e9es, la poign\u00e9e du portail\u00a0retir\u00e9e\u00a0\u00bb, explique la d\u00e9put\u00e9e (RN) Manon Bouquin qui lui a apport\u00e9 son soutien, tout comme de nombreux habitants.<\/p>\n<p>Ce jeudi 24\u00a0juillet, le pr\u00e9fet de l\u2019H\u00e9rault, Fran\u00e7ois-Xavier Lauch, a inform\u00e9 que \u00ab\u00a0le dossier est en cours de consolidation pour pr\u00e9parer l\u2019expulsion des occupants sans droit ni titre.\u00a0\u00bb<\/p>\n","protected":false},"excerpt":{"rendered":"Une maison de Saint-Andr\u00e9-de-Sangonis est squatt\u00e9e depuis fin 2025. Selon le propri\u00e9taire, de nombreuses d\u00e9gradations y auraient \u00e9t\u00e9&hellip;\n","protected":false},"author":2,"featured_media":271749,"comment_status":"","ping_status":"","sticky":false,"template":"","format":"standard","meta":{"footnotes":""},"categories":[9599],"tags":[1111,11,1777,674,1011,27,2208,12,2680,25],"class_list":{"0":"post-271748","1":"post","2":"type-post","3":"status-publish","4":"format-standard","5":"has-post-thumbnail","7":"category-montpellier","8":"tag-actu","9":"tag-actualites","10":"tag-eu","11":"tag-europe","12":"tag-fr","13":"tag-france","14":"tag-montpellier","15":"tag-news","16":"tag-occitanie","17":"tag-republique-francaise"},"share_on_mastodon":{"url":"https:\/\/pubeurope.com\/@fr\/114911320625702084","error":""},"_links":{"self":[{"href":"https:\/\/www.europesays.com\/fr\/wp-json\/wp\/v2\/posts\/271748","targetHints":{"allow":["GET"]}}],"collection":[{"href":"https:\/\/www.europesays.com\/fr\/wp-json\/wp\/v2\/posts"}],"about":[{"href":"https:\/\/www.europesays.com\/fr\/wp-json\/wp\/v2\/types\/post"}],"author":[{"embeddable":true,"href":"https:\/\/www.europesays.com\/fr\/wp-json\/wp\/v2\/users\/2"}],"replies":[{"embeddable":true,"href":"https:\/\/www.europesays.com\/fr\/wp-json\/wp\/v2\/comments?post=271748"}],"version-history":[{"count":0,"href":"https:\/\/www.europesays.com\/fr\/wp-json\/wp\/v2\/posts\/271748\/revisions"}],"wp:featuredmedia":[{"embeddable":true,"href":"https:\/\/www.europesays.com\/fr\/wp-json\/wp\/v2\/media\/271749"}],"wp:attachment":[{"href":"https:\/\/www.europesays.com\/fr\/wp-json\/wp\/v2\/media?parent=271748"}],"wp:term":[{"taxonomy":"category","embeddable":true,"href":"https:\/\/www.europesays.com\/fr\/wp-json\/wp\/v2\/categories?post=271748"},{"taxonomy":"post_tag","embeddable":true,"href":"https:\/\/www.europesays.com\/fr\/wp-json\/wp\/v2\/tags?post=271748"}],"curies":[{"name":"wp","href":"https:\/\/api.w.org\/{rel}","templated":true}]}}